{"id":130346,"date":"2020-10-13T13:26:11","date_gmt":"2020-10-13T11:26:11","guid":{"rendered":"http:\/\/gazdasagportal.hu\/?p=130346"},"modified":"2020-10-13T13:26:11","modified_gmt":"2020-10-13T11:26:11","slug":"takarekbank-az-idei-47-szazalekos-gdp-csokkenest-jovore-72-szazalekos-felpattanas-koveti","status":"publish","type":"post","link":"https:\/\/gazdasagportal.hu\/index.php\/takarekbank-az-idei-47-szazalekos-gdp-csokkenest-jovore-72-szazalekos-felpattanas-koveti\/","title":{"rendered":"Takar\u00e9kbank: az idei 4,7 sz\u00e1zal\u00e9kos GDP-cs\u00f6kken\u00e9st j\u00f6v\u0151re 7,2 sz\u00e1zal\u00e9kos felpattan\u00e1s k\u00f6veti"},"content":{"rendered":"<p><strong>Id\u00e9n a kor\u00e1bban v\u00e1rt 3,2 sz\u00e1zal\u00e9kn\u00e1l nagyobb, 4,7 sz\u00e1zal\u00e9kos GDP-cs\u00f6kken\u00e9ssel, viszont 2021-ben m\u00e1r \u00e9rdemi, 7,2 sz\u00e1zal\u00e9kos felpattan\u00e1ssal sz\u00e1molnak a Takar\u00e9kbank makrogazdas\u00e1gi elemz\u0151i &#8211; ismertette Suppan Gergely, a bank vezet\u0151 elemz\u0151je sajt\u00f3t\u00e1j\u00e9koztat\u00f3n kedden Budapesten<\/strong><!--more--><\/p>\n<div class=\"ads-in-post1\"><div id=\"gazdasagportal.hu_fullbanner_wideboard\"><\/div>\r\n<\/div>\n<p>    Suppan Gergely jelezte: sz\u00e1mos k\u00e9rd\u0151jel, sok bizonytalans\u00e1g mer\u00fclhet fel a j\u00e1rv\u00e1ny m\u00e1sodik hull\u00e1m\u00e1val kapcsolatban. A magyar gazdas\u00e1got id\u00e9n a m\u00e1sodik negyed\u00e9vben \u00e9rte a sokk d\u00f6nt\u0151 r\u00e9sze &#8211; tette hozz\u00e1.<br \/>\n    Kiemelte: j\u00f6v\u0151re m\u00e1r jelent\u0151s felpattan\u00e1s j\u00f6het, amihez hozz\u00e1j\u00e1rulhat a t\u00f6megess\u00e9 v\u00e1l\u00f3 \u00e1toltotts\u00e1g. V\u00e1rakoz\u00e1suk szerint gyakorlatilag minden \u00e1gazat emelni tudja a brutt\u00f3 hazai term\u00e9ket (GDP), a 2020 tavaszihoz hasonl\u00f3 korl\u00e1toz\u00e1sokra nem sz\u00e1m\u00edtanak a gazdas\u00e1gban. J\u00f6v\u0151 \u00e9v m\u00e1sodik fele mutathat impoz\u00e1nsabb GDP-n\u00f6veked\u00e9st, akkor a j\u00e1rv\u00e1ny el\u0151tti szintet is el\u00e9rheti a magyar gazdas\u00e1g.<br \/>\n    Az infl\u00e1ci\u00f3 a j\u00f6v\u0151 \u00e9v elej\u00e9ig m\u00e9rs\u00e9kl\u0151dhet, id\u00e9n \u00e1tlagosan 3,5 sz\u00e1zal\u00e9k, j\u00f6v\u0151re 3,7 sz\u00e1zal\u00e9k lehet az elemz\u0151 szerint a 2019-es 3,4 sz\u00e1zal\u00e9kot k\u00f6vet\u0151en.<br \/>\n    Suppan Gergely kit\u00e9rt arra, hogy az MNB \u00e1ltal kiemelten figyelt ad\u00f3sz\u0171rt maginfl\u00e1ci\u00f3 3,5 sz\u00e1zal\u00e9kra s\u00fcllyedt, \u00edgy a Takar\u00e9kbank elemz\u0151i a k\u00f6zelj\u00f6v\u0151ben nem v\u00e1rj\u00e1k az egyhetes bet\u00e9t kamat\u00e1nak tov\u00e1bbi emel\u00e9s\u00e9t.<br \/>\n    Az elemz\u0151 kifejtette: a leggyorsabban a kiskereskedelem \u00e9s m\u00e1s szem\u00e9lyes szolg\u00e1ltat\u00e1sok \u00e1lltak helyre, az aut\u00f3gy\u00e1rt\u00f3k pedig j\u00falius v\u00e9g\u00e9re \u00e9rt\u00e9k el a j\u00e1rv\u00e1ny el\u0151tti termel\u00e9si szintet.<br \/>\n    Az ipari termel\u00e9s a j\u00e1rv\u00e1ny el\u0151tti szintet j\u00f6v\u0151 \u00e9v m\u00e1sodik fel\u00e9ben \u00e9rheti el.<br \/>\n    A kiskereskedelem jelenleg stagn\u00e1l, az is &#8222;nagy sz\u00f3&#8221;, hogy nem zsugorodik, gyorsan mag\u00e1ra tal\u00e1lt.<br \/>\n    A turizmus hozz\u00e1j\u00e1rul\u00e1sa a GDP-hez 2021 m\u00e1sodik fel\u00e9t\u0151l lesz m\u00e9rhet\u0151, mivel a t\u00f6meges \u00e1toltotts\u00e1ghoz nagyj\u00e1b\u00f3l f\u00e9l \u00e9v sz\u00fcks\u00e9ges.<br \/>\n    A vend\u00e9gl\u00e1t\u00e1s r\u00e9szben mag\u00e1hoz t\u00e9rt a tavaszi le\u00e1ll\u00e1s ut\u00e1n, a forgalom visszaes\u00e9se  10 sz\u00e1zal\u00e9k k\u00f6r\u00fcli szinten stabiliz\u00e1l\u00f3dott. A turizmus visszat\u00e9r\u00e9s\u00e9ig alig v\u00e1rhat\u00f3 tov\u00e1bbi javul\u00e1s &#8211; jelezte.<br \/>\n    R\u00e1mutatott: a m\u00e1sodik negyed\u00e9vi m\u00e9lyponton a 2016 els\u0151 negyed\u00e9vire esett vissza a magyar gazdas\u00e1g teljes\u00edtm\u00e9nye, mik\u00f6zben az olasz p\u00e9ld\u00e1ul t\u00f6bb mint 30 \u00e9vet zuhant vissza, \u00e9s Ausztria is 8-10 \u00e9vet vesz\u00edtett a lend\u00fclet\u00e9b\u0151l. A kelet-eur\u00f3pai orsz\u00e1gok \u00e1tlagosan 4-5 \u00e9vet estek vissza a j\u00e1rv\u00e1ny miatt.<br \/>\n    Suppan Gergely kit\u00e9rt arra is, hogy a munkaer\u0151piacon a foglalkoztat\u00e1s \u00e9rdemben javult az \u00e1prilis-m\u00e1jusi m\u00e9lypontokat k\u00f6vet\u0151en, \u00edgy augusztusban m\u00e1r 4,514 milli\u00f3an dolgoztak. Jelezte: id\u00e9n \u00e1tlagosan 4,2 sz\u00e1zal\u00e9kra n\u0151het a munkan\u00e9lk\u00fclis\u00e9gi r\u00e1ta a tavalyi 3,4 sz\u00e1zal\u00e9kr\u00f3l,  j\u00f6v\u0151re pedig 3,9 sz\u00e1zal\u00e9kra cs\u00f6kkenhet.<br \/>\n<div class=\"ads-in-post1\"><div id=\"gazdasagportal.hu_fullbanner_wideboard\"><\/div>\r\n<\/div>\n    Az els\u0151 h\u00e9t h\u00f3napban 10 sz\u00e1zal\u00e9kkal n\u0151ttek a b\u00e9rek, amiben az eg\u00e9szs\u00e9g\u00fcgyi dolgoz\u00f3k egyszeri, 500 ezer forintos juttat\u00e1sa is szerepet j\u00e1tszik, \u00edgy a re\u00e1lb\u00e9rek 6,3 sz\u00e1zal\u00e9kkal emelkedtek. Id\u00e9n 10 sz\u00e1zal\u00e9khoz k\u00f6zeli b\u00e9rdinamik\u00e1ra sz\u00e1m\u00edtanak a Takar\u00e9kbankn\u00e1l, ami j\u00f6v\u0151re is meghaladhatja a 8 sz\u00e1zal\u00e9kot. Ez a v\u00e1rt 3,5, illetve 3,7 sz\u00e1zal\u00e9kos infl\u00e1ci\u00f3 mellett id\u00e9n 6 sz\u00e1zal\u00e9kos, j\u00f6v\u0151re pedig 4,3 sz\u00e1zal\u00e9k k\u00f6zeli re\u00e1lb\u00e9r-n\u00f6veked\u00e9st eredm\u00e9nyezhet, \u00edgy 2013-t\u00f3l 2020 v\u00e9g\u00e9ig m\u00e1r csaknem 62 sz\u00e1zal\u00e9kkal n\u0151nek a re\u00e1lkeresetek.<br \/>\n    Az \u00e1tmenetileg megugr\u00f3 k\u00f6lts\u00e9gvet\u00e9si hi\u00e1ny, valamint a nomin\u00e1lis GDP v\u00e1rhat\u00f3 stagn\u00e1l\u00e1sa miatt az \u00e1llamad\u00f3ss\u00e1g GDP ar\u00e1nyos m\u00e9rt\u00e9ke id\u00e9n 74 sz\u00e1zal\u00e9kra emelkedhet, azonban a k\u00f6vetkez\u0151 \u00e9vekben ism\u00e9t cs\u00f6kken, \u00edgy 2021-ben 70,2 sz\u00e1zal\u00e9kra, 2022-ben 67 sz\u00e1zal\u00e9k al\u00e1 s\u00fcllyedhet az ad\u00f3ss\u00e1gr\u00e1ta &#8211; ismertette.<br \/>\n    A foly\u00f3 fizet\u00e9si m\u00e9rleg hi\u00e1nya id\u00e9n el\u00e9rheti a 2,2 milli\u00e1rd eur\u00f3t az \u00e1ruk \u00e9s szolg\u00e1ltat\u00e1sok egyenleg\u00e9nek roml\u00e1sa miatt, amit csak kism\u00e9rt\u00e9kben ellens\u00falyoz a k\u00fclf\u00f6ldi tulajdonosok profitcs\u00f6kken\u00e9s miatt m\u00e9rs\u00e9kl\u0151d\u0151 j\u00f6vedelem-hazautal\u00e1sa.<br \/>\n    Suppan Gergely szerint a jegybank &#8222;nem engedn\u00e9&#8221;, hogy 370 f\u00f6l\u00e9 emelkedjen a forint\/eur\u00f3 \u00e1rfolyam.(MTI)<\/p>\n","protected":false},"excerpt":{"rendered":"<p>Id\u00e9n a kor\u00e1bban v\u00e1rt 3,2 sz\u00e1zal\u00e9kn\u00e1l nagyobb, 4,7 sz\u00e1zal\u00e9kos GDP-cs\u00f6kken\u00e9ssel, viszont 2021-ben m\u00e1r \u00e9rdemi, 7,2 sz\u00e1zal\u00e9kos felpattan\u00e1ssal sz\u00e1molnak a Takar\u00e9kbank makrogazdas\u00e1gi elemz\u0151i &#8211; ismertette Suppan Gergely, a bank vezet\u0151 elemz\u0151je sajt\u00f3t\u00e1j\u00e9koztat\u00f3n kedden Budapesten<\/p>\n","protected":false},"author":1,"featured_media":0,"comment_status":"closed","ping_status":"open","sticky":false,"template":"","format":"standard","meta":[],"categories":[19],"tags":[],"_links":{"self":[{"href":"https:\/\/gazdasagportal.hu\/index.php\/wp-json\/wp\/v2\/posts\/130346"}],"collection":[{"href":"https:\/\/gazdasagportal.hu\/index.php\/wp-json\/wp\/v2\/posts"}],"about":[{"href":"https:\/\/gazdasagportal.hu\/index.php\/wp-json\/wp\/v2\/types\/post"}],"author":[{"embeddable":true,"href":"https:\/\/gazdasagportal.hu\/index.php\/wp-json\/wp\/v2\/users\/1"}],"replies":[{"embeddable":true,"href":"https:\/\/gazdasagportal.hu\/index.php\/wp-json\/wp\/v2\/comments?post=130346"}],"version-history":[{"count":1,"href":"https:\/\/gazdasagportal.hu\/index.php\/wp-json\/wp\/v2\/posts\/130346\/revisions"}],"predecessor-version":[{"id":130347,"href":"https:\/\/gazdasagportal.hu\/index.php\/wp-json\/wp\/v2\/posts\/130346\/revisions\/130347"}],"wp:attachment":[{"href":"https:\/\/gazdasagportal.hu\/index.php\/wp-json\/wp\/v2\/media?parent=130346"}],"wp:term":[{"taxonomy":"category","embeddable":true,"href":"https:\/\/gazdasagportal.hu\/index.php\/wp-json\/wp\/v2\/categories?post=130346"},{"taxonomy":"post_tag","embeddable":true,"href":"https:\/\/gazdasagportal.hu\/index.php\/wp-json\/wp\/v2\/tags?post=130346"}],"curies":[{"name":"wp","href":"https:\/\/api.w.org\/{rel}","templated":true}]}}