{"id":130340,"date":"2020-10-13T10:02:16","date_gmt":"2020-10-13T08:02:16","guid":{"rendered":"http:\/\/gazdasagportal.hu\/?p=130340"},"modified":"2020-10-13T10:02:16","modified_gmt":"2020-10-13T08:02:16","slug":"haromevi-csucson-a-brit-munkanelkuliseg","status":"publish","type":"post","link":"https:\/\/gazdasagportal.hu\/index.php\/haromevi-csucson-a-brit-munkanelkuliseg\/","title":{"rendered":"H\u00e1rom\u00e9vi cs\u00facson a brit munkan\u00e9lk\u00fclis\u00e9g"},"content":{"rendered":"<p><strong>T\u00f6bb mint h\u00e1rom\u00e9vi cs\u00facsra emelkedett a munkan\u00e9lk\u00fclis\u00e9gi r\u00e1ta Nagy-Britanni\u00e1ban, els\u0151sorban a koronav\u00edrus-j\u00e1rv\u00e1ny negat\u00edv gazdas\u00e1gi hat\u00e1sai miatt.<\/strong><!--more--><\/p>\n<div class=\"ads-in-post1\"><div id=\"gazdasagportal.hu_fullbanner_wideboard\"><\/div>\r\n<\/div>\n<p>    A brit statisztikai hivatal (ONS) keddi jelent\u00e9se szerint az augusztussal z\u00e1rult h\u00e1rom h\u00f3napban \u00e1tlagosan 4,5 sz\u00e1zal\u00e9kos volt a bejegyzett \u00e1ll\u00e1stalanok ar\u00e1nya Nagy-Britanni\u00e1ban, 0,6 sz\u00e1zal\u00e9kponttal magasabb, mint egy \u00e9vvel kor\u00e1bban \u00e9s 0,4 sz\u00e1zal\u00e9kponttal magasabb, mint az el\u0151z\u0151 mozg\u00f3 h\u00e1romhavi id\u0151szakban.<br \/>\n    Az ONS kimutat\u00e1sa szerint a j\u00fanius \u00e9s augusztus k\u00f6z\u00f6tti id\u0151szakban \u00e1tlagosan 1,52 milli\u00f3 volt a bejegyzett munkan\u00e9lk\u00fcliek sz\u00e1ma a gazdas\u00e1gilag akt\u00edv feln\u0151tt lakoss\u00e1gon bel\u00fcl, 209 ezerrel t\u00f6bb, mint a tavalyi azonos id\u0151szakban.<br \/>\n    H\u00e1romhavi \u00f6sszevet\u00e9sben 138 ezerrel emelkedett az \u00e1ll\u00e1stalanok sz\u00e1ma, amely 2017 eleje \u00f3ta nem volt olyan magas, mint a vizsg\u00e1lt id\u0151szakban.<br \/>\n    A statisztikai hivatal keddi adatsor\u00e1b\u00f3l kit\u0171nik az is, hogy szeptemberben 673 ezerrel kevesebben voltak akt\u00edv alkalmazotti \u00e1llom\u00e1nyban, mint m\u00e1rciusban.<br \/>\n    A brit korm\u00e1ny m\u00e1rcius v\u00e9g\u00e9n szigor\u00fa korl\u00e1toz\u00e1sokat rendelt el a koronav\u00edrus-j\u00e1rv\u00e1ny megf\u00e9kez\u00e9se v\u00e9gett.<br \/>\n    Ezt a brit gazdas\u00e1g is s\u00falyosan megszenvedte: a v\u00e9gleges adatok szerint az idei m\u00e1sodik negyed\u00e9vben 19,8 sz\u00e1zal\u00e9kkal zuhant a brit hazai \u00f6sszterm\u00e9k (GDP) az els\u0151 h\u00e1rom h\u00f3naphoz viszony\u00edtva.<br \/>\n    Ez p\u00e9ld\u00e1tlan m\u00e9rt\u00e9k\u0171 visszaes\u00e9s az\u00f3ta, hogy 1955-ben megkezd\u0151d\u00f6tt a negyed\u00e9ves \u00f6sszevet\u00e9s\u0171 GDP-adatok rendszeres k\u00f6zl\u00e9se Nagy-Britanni\u00e1ban.<br \/>\n    A j\u00faniussal z\u00e1rult h\u00e1rom h\u00f3nap a m\u00e1sodik olyan negyed\u00e9v volt egym\u00e1s ut\u00e1n, amelyben visszaesett a brit gazdas\u00e1g teljes\u00edtm\u00e9nye, az idei els\u0151 napt\u00e1ri negyed\u00e9vben ugyanis 2,5 sz\u00e1zal\u00e9kkal cs\u00f6kkent a brit hazai \u00f6sszterm\u00e9k. Ez azt jelenti, hogy a brit gazdas\u00e1g hivatalosan is recesszi\u00f3ban van, mivel a konszenzusos meghat\u00e1roz\u00e1s szerint egy gazdas\u00e1g akkor ker\u00fcl technikai recesszi\u00f3ba, ha teljes\u00edtm\u00e9nye k\u00e9t egym\u00e1st k\u00f6vet\u0151 negyed\u00e9vben cs\u00f6kken.<br \/>\n<div class=\"ads-in-post1\"><div id=\"gazdasagportal.hu_fullbanner_wideboard\"><\/div>\r\n<\/div>\n    A statisztikai hivatal keddi adatsora szerint az augusztussal z\u00e1rult h\u00e1rom h\u00f3napban rekord\u00fctemben, 114 ezerrel n\u0151tt a v\u00e1llalatok \u00e1ltal bejelentett, kor\u00e1bban nem tervezett elbocs\u00e1t\u00e1sok sz\u00e1ma az el\u0151z\u0151 mozg\u00f3 h\u00e1romhavi id\u0151szakhoz k\u00e9pest.<br \/>\n    Londoni makrogazdas\u00e1gi elemz\u0151k v\u00e1rakoz\u00e1sa szerint a negat\u00edv foglalkoztatotts\u00e1gi folyamatok kor\u00e1ntsem \u00e9rtek v\u00e9get.<br \/>\n    Paul Dales, az egyik legnagyobb londoni p\u00e9nz\u00fcgyi-gazdas\u00e1gi elemz\u0151m\u0171hely, a Capital Economics brit gazdas\u00e1gi k\u00e9rd\u00e9sekkel foglalkoz\u00f3 f\u0151k\u00f6zgazd\u00e1sza az \u00faj munkan\u00e9lk\u00fclis\u00e9gi adatok keddi ismertet\u00e9se ut\u00e1n \u00f6ssze\u00e1ll\u00edtott el\u0151rejelz\u00e9s\u00e9ben k\u00f6z\u00f6lte: a koronav\u00edrus-j\u00e1rv\u00e1ny terjed\u00e9s\u00e9nek megf\u00e9kez\u00e9s\u00e9t c\u00e9lz\u00f3 \u00fajabb korl\u00e1toz\u00e1sok n\u00e9h\u00e1ny h\u00f3napra megakaszthatj\u00e1k az \u00e9ppen elindult gazdas\u00e1gi kil\u00e1bal\u00e1st, \u00e9s ennek k\u00f6vetkezt\u00e9ben 7-8 sz\u00e1zal\u00e9kra is emelkedhet a munkan\u00e9lk\u00fclis\u00e9gi r\u00e1ta Nagy-Britanni\u00e1ban.(MTI)<\/p>\n","protected":false},"excerpt":{"rendered":"<p>T\u00f6bb mint h\u00e1rom\u00e9vi cs\u00facsra emelkedett a munkan\u00e9lk\u00fclis\u00e9gi r\u00e1ta Nagy-Britanni\u00e1ban, els\u0151sorban a koronav\u00edrus-j\u00e1rv\u00e1ny negat\u00edv gazdas\u00e1gi hat\u00e1sai miatt.<\/p>\n","protected":false},"author":1,"featured_media":0,"comment_status":"closed","ping_status":"open","sticky":false,"template":"","format":"standard","meta":[],"categories":[12,246],"tags":[],"_links":{"self":[{"href":"https:\/\/gazdasagportal.hu\/index.php\/wp-json\/wp\/v2\/posts\/130340"}],"collection":[{"href":"https:\/\/gazdasagportal.hu\/index.php\/wp-json\/wp\/v2\/posts"}],"about":[{"href":"https:\/\/gazdasagportal.hu\/index.php\/wp-json\/wp\/v2\/types\/post"}],"author":[{"embeddable":true,"href":"https:\/\/gazdasagportal.hu\/index.php\/wp-json\/wp\/v2\/users\/1"}],"replies":[{"embeddable":true,"href":"https:\/\/gazdasagportal.hu\/index.php\/wp-json\/wp\/v2\/comments?post=130340"}],"version-history":[{"count":1,"href":"https:\/\/gazdasagportal.hu\/index.php\/wp-json\/wp\/v2\/posts\/130340\/revisions"}],"predecessor-version":[{"id":130341,"href":"https:\/\/gazdasagportal.hu\/index.php\/wp-json\/wp\/v2\/posts\/130340\/revisions\/130341"}],"wp:attachment":[{"href":"https:\/\/gazdasagportal.hu\/index.php\/wp-json\/wp\/v2\/media?parent=130340"}],"wp:term":[{"taxonomy":"category","embeddable":true,"href":"https:\/\/gazdasagportal.hu\/index.php\/wp-json\/wp\/v2\/categories?post=130340"},{"taxonomy":"post_tag","embeddable":true,"href":"https:\/\/gazdasagportal.hu\/index.php\/wp-json\/wp\/v2\/tags?post=130340"}],"curies":[{"name":"wp","href":"https:\/\/api.w.org\/{rel}","templated":true}]}}