{"id":130286,"date":"2020-10-10T12:27:28","date_gmt":"2020-10-10T10:27:28","guid":{"rendered":"http:\/\/gazdasagportal.hu\/?p=130286"},"modified":"2020-10-10T10:58:30","modified_gmt":"2020-10-10T08:58:30","slug":"magyarorszag-legnagyobb-elelmiszeripari-beruhazasat-inditja-el-a-nestle-bukon","status":"publish","type":"post","link":"https:\/\/gazdasagportal.hu\/index.php\/magyarorszag-legnagyobb-elelmiszeripari-beruhazasat-inditja-el-a-nestle-bukon\/","title":{"rendered":"Magyarorsz\u00e1g legnagyobb \u00e9lelmiszeripari beruh\u00e1z\u00e1s\u00e1t ind\u00edtja el a Nestl\u00e9 B\u00fck\u00f6n"},"content":{"rendered":"<p style=\"font-weight: 400;\"><strong>K\u00f6zel 50 milli\u00e1rd\u00a0forint \u00e9rt\u00e9k\u0171 beruh\u00e1z\u00e1s veszi kezdet\u00e9t a Nestl\u00e9 Hung\u00e1ria b\u00fcki gy\u00e1rt\u00f3k\u00f6zpontj\u00e1ban, amely a vil\u00e1g t\u00f6bb mint 50 orsz\u00e1g\u00e1t l\u00e1tja el \u00e1llateledellel. A modern magyar piacgazdas\u00e1g egyik legnagyobb, a pand\u00e9mia miatt kialakult v\u00e1ls\u00e1ghelyzet ellen\u00e9re megval\u00f3sul\u00f3 \u00e9lelmiszer-feldolgoz\u00f3ipari beruh\u00e1z\u00e1sa 160 \u00faj munkahelyet is jelent majd a t\u00e9rs\u00e9gben, mik\u00f6zben tov\u00e1bb er\u0151s\u00edti a magyar nemzetgazdas\u00e1g region\u00e1lis teljes\u00edtm\u00e9ny\u00e9t. Az \u00fcnnep\u00e9lyes alapk\u0151let\u00e9telen r\u00e9szt vett Szijj\u00e1rt\u00f3 P\u00e9ter k\u00fclgazdas\u00e1gi \u00e9s k\u00fcl\u00fcgyminiszter is.<\/strong><\/p>\n<p><!--more--><\/p>\n<div class=\"ads-in-post1\"><div id=\"gazdasagportal.hu_fullbanner_wideboard\"><\/div>\r\n<\/div>\n<p style=\"font-weight: 400;\"><strong>\u00a0<\/strong><\/p>\n<p style=\"font-weight: 400;\">A 2010 \u00e9s 2019 k\u00f6z\u00f6tt t\u00f6bb l\u00e9pcs\u0151ben v\u00e9grehajtott kapacit\u00e1sb\u0151v\u00edt\u00e9sek hat\u00e1s\u00e1ra t\u00f6bb mint f\u00e9lezer \u00faj munkahelyet teremtett B\u00fck\u00f6n a Nestl\u00e9 Hung\u00e1ria, \u00f6sszess\u00e9g\u00e9ben 43 milli\u00e1rd forintnyi beruh\u00e1zott \u00f6sszeggel, aminek eredm\u00e9nyek\u00e9nt a b\u00fcki gy\u00e1r lett az egyik legnagyobb \u00e9s legjelent\u0151sebb \u00e1llateledel gy\u00e1r Eur\u00f3p\u00e1ban. B\u00fck\u00f6n m\u00e1ra jelent\u0151s r\u00e9szben automatiz\u00e1lt gy\u00e1rt\u00f3sorok m\u0171k\u00f6dnek, a vil\u00e1gviszonylatban is egyed\u00fcl\u00e1ll\u00f3 technol\u00f3gia r\u00e9szek\u00e9nt k\u00f6zel 50 robot teljes\u00edt szolg\u00e1latot. A termel\u00e9s 85 sz\u00e1zal\u00e9k\u00e1t export\u00e1lj\u00e1k, \u00edgy a Nestl\u00e9 PURINA<em>\u00ae<\/em>\u00a0t\u00f6bb mint 400 milli\u00e1rd forint \u00e9rt\u00e9k\u0171 \u00e1llateledelt juttatott el B\u00fckr\u0151l az elm\u00falt t\u00edz \u00e9vben a vil\u00e1g 50-n\u00e9l is t\u00f6bb orsz\u00e1g\u00e1nak piacaira. A legut\u00f3bbi, alig h\u00e1rom \u00e9vvel ezel\u0151tti b\u00fcki Nestl\u00e9 beruh\u00e1z\u00e1s sor\u00e1n, a mintegy 20 milli\u00e1rd forintb\u00f3l fel\u00e9p\u00edtett \u00faj \u00fczemmel Magyarorsz\u00e1g lett a Nestl\u00e9 \u00e1llateledel-gy\u00e1rt\u00e1s\u00e1nak kelet-k\u00f6z\u00e9p-eur\u00f3pai k\u00f6zpontja.<\/p>\n<p style=\"font-weight: 400;\">\n<p style=\"font-weight: 400;\"><em>\u201eA mostani, 140 milli\u00f3 eur\u00f3s, vagyis 50 milli\u00e1rd forintos fejleszt\u00e9ssel \u00fajabb fejezetet nyitunk c\u00e9g\u00fcnk t\u00f6rt\u00e9net\u00e9ben, mely nem csak a Nestl\u00e9 Hung\u00e1ria eddigi legnagyobb beruh\u00e1z\u00e1sa lesz, de a hazai \u00e9lelmiszeripari beruh\u00e1z\u00e1sok k\u00f6z\u00fcl is kiemelkedik\u201d<\/em>\u00a0\u2013 mondta Noszek P\u00e9ter, a Nestl\u00e9 Hung\u00e1ria \u00fcgyvezet\u0151 igazgat\u00f3ja. A hazai modern piacgazdas\u00e1g \u00e9lelmiszer-feldolgoz\u00f3ipar\u00e1nak legnagyobb beruh\u00e1z\u00e1s\u00e1val a b\u00fcki \u00e1llateledel gy\u00e1r kapacit\u00e1sa \u00fajabb 30 sz\u00e1zal\u00e9kkal n\u0151, ez\u00e1ltal az egys\u00e9g nem csup\u00e1n a glob\u00e1lis c\u00e9gcsoporton bel\u00fcl er\u0151s\u00edti tov\u00e1bb poz\u00edci\u00f3j\u00e1t, hanem nemzetgazdas\u00e1gi hozz\u00e1j\u00e1rul\u00e1sa is emelkedni fog.\u00a0 A b\u0151v\u00edt\u00e9st k\u00f6vet\u0151en a b\u00fcki gy\u00e1r kapacit\u00e1sa a napi 5 milli\u00f3 term\u00e9k el\u0151\u00e1ll\u00edt\u00e1s\u00e1t is meghaladhatja, \u00edgy naponta t\u00f6bb mint 70 kamion mennyis\u00e9g\u0171 \u00e1llateledel kelhet \u00fatnak Eur\u00f3pa szinte minden orsz\u00e1g\u00e1ba, \u00c9szak-Afrik\u00e1ba, a K\u00f6zel- \u00e9s T\u00e1vol-Keletre, Ausztr\u00e1li\u00e1ba \u00e9s \u00daj-Z\u00e9landra. A most indul\u00f3 fejleszt\u00e9snek k\u00f6sz\u00f6nhet\u0151en 160 \u00faj munkahely j\u00f6n l\u00e9tre \u00e9s 33 ezer n\u00e9gyzetm\u00e9ternyi \u00faj \u00e9p\u00fclettel b\u0151v\u00fcl az \u00fczem, amivel a b\u00fcki \u00e1llateledel gy\u00e1r a nyugat-magyarorsz\u00e1gi r\u00e9gi\u00f3 egyik legnagyobb termel\u0151egys\u00e9g\u00e9v\u00e9 is v\u00e1lik.<\/p>\n<div class=\"ads-in-post1\"><div id=\"gazdasagportal.hu_fullbanner_wideboard\"><\/div>\r\n<\/div>\n<p style=\"font-weight: 400;\">\n<p style=\"font-weight: 400;\">\u201e\u00d6r\u00f6mmel k\u00f6sz\u00f6nt\u00f6m a k\u00f6zelm\u00faltban, \u00f6sszesen 843 milli\u00f3 forintos beruh\u00e1z\u00e1ssal felfejlesztett ipari parkunk els\u0151 lak\u00f3j\u00e1t, a Nestl\u00e9 Purina \u00e1llateledel gy\u00e1r\u00e1nak \u00faj beruh\u00e1z\u00e1s\u00e1t\u201d \u2013 mondta Dr. N\u00e9meth S\u00e1ndor, B\u00fck v\u00e1ros polg\u00e1rmestere. Hozz\u00e1tette: \u201eaz \u00e1llateledel gy\u00e1r nem csup\u00e1n a t\u00e9rs\u00e9g munkav\u00e1llal\u00f3inak jelent munkahelyeket, hanem val\u00f3di piacra jut\u00e1si es\u00e9lyt ad a mez\u0151gazdas\u00e1gi v\u00e1llalkoz\u00f3knak, akik a Nestl\u00e9 szigor\u00fa min\u0151s\u00e9gbiztos\u00edt\u00e1si elv\u00e1r\u00e1saihoz igazodva k\u00e9pess\u00e9 v\u00e1lnak r\u00e1, hogy a helyben megtermelt \u00e9lelmiszeripari alapanyagokat m\u00e1s gy\u00e1rt\u00f3knak is \u00e9rt\u00e9kes\u00edts\u00e9k.\u201d<\/p>\n<p style=\"font-weight: 400;\">\n<p style=\"font-weight: 400;\">Noszek P\u00e9ter \u00fcgyvezet\u0151 h\u00e1l\u00e1j\u00e1t fejezte ki B\u00fck v\u00e1ros \u00f6nkorm\u00e1nyzat\u00e1nak, ami\u00e9rt az elm\u00falt \u00e9vekben meghozott v\u00e1llalkoz\u00e1sbar\u00e1t d\u00f6nt\u00e9seivel, \u00e9s a beruh\u00e1z\u00e1shoz alkalmas, fejlett infrastrukt\u00far\u00e1val rendelkez\u0151 iparter\u00fclet kialak\u00edt\u00e1s\u00e1val j\u00e1rult hozz\u00e1 ahhoz, hogy a Nestl\u00e9 Hung\u00e1ria B\u00fck\u00f6n folytathatja b\u0151v\u00edt\u00e9seit.<\/p>\n<p style=\"font-weight: 400;\">\n<p style=\"font-weight: 400;\">\n<p style=\"font-weight: 400;\"><strong>A Nestl\u00e9 Hung\u00e1ri\u00e1r\u00f3l:<\/strong>\u00a0<em>A vil\u00e1g legnagyobb, t\u00f6bb mint 150 \u00e9ves \u00e9lelmiszeripari v\u00e1llalata 189 orsz\u00e1gban van jelen vil\u00e1gszerte. A sv\u00e1jci v\u00e1llalat Magyarorsz\u00e1gon h\u00e1rom gy\u00e1r\u00e1ban (Szerencsen, Di\u00f3sgy\u0151r\u00f6n \u00e9s B\u00fck\u00f6n), illetve budapesti k\u00f6zpontj\u00e1ban \u00f6sszesen t\u00f6bb mint 2400 embert foglalkoztat, akik a jobb \u00e9letmin\u0151s\u00e9g \u00e9s az eg\u00e9szs\u00e9gesebb j\u00f6v\u0151 megteremt\u00e9s\u00e9\u00e9rt dolgoznak nap, mint nap.<\/em><\/p>\n<p style=\"font-weight: 400;\"><em>A Nestl\u00e9 k\u00f6zel 30 \u00e9ve van jelen Magyarorsz\u00e1gon, jelenleg a legnagyobb sv\u00e1jci befektet\u0151 \u00e9s munk\u00e1ltat\u00f3 haz\u00e1nkban. Az \u00faj beruh\u00e1z\u00e1ssal imm\u00e1r 150 milli\u00e1rd forintot meghalad\u00f3 \u00e9rt\u00e9kben fektet be itthon \u00e9s tov\u00e1bbra is hossz\u00fa t\u00e1v\u00fa hazai jelenl\u00e9ttel tervez.<\/em><\/p>\n<p style=\"font-weight: 400;\"><em>A szerencsi gy\u00e1r a Nestl\u00e9 k\u00f6z\u00e9p-eur\u00f3pai region\u00e1lis k\u00e1v\u00e9- \u00e9s kaka\u00f3italpor-gy\u00e1rt\u00f3 \u00e9s -t\u00f6lt\u0151 \u00fczeme. \u00c9vente 40 ezer tonna k\u00e1v\u00e9- \u00e9s kaka\u00f3por k\u00e9sz\u00fcl, amely 30 orsz\u00e1gba ker\u00fcl kisz\u00e1ll\u00edt\u00e1sra.<\/em><\/p>\n<div class=\"ads-in-post1\"><div id=\"gazdasagportal.hu_fullbanner_wideboard\"><\/div>\r\n<\/div>\n<p style=\"font-weight: 400;\"><em>A di\u00f3sgy\u0151ri gy\u00e1r a Nestl\u00e9 egyetlen, kiz\u00e1r\u00f3lag \u00fcreges figur\u00e1k gy\u00e1rt\u00e1s\u00e1ra specializ\u00e1l\u00f3dott \u00fczeme a vil\u00e1gon, ahol 120 milli\u00f3 darab csokol\u00e1d\u00e9figura k\u00e9sz\u00fcl \u00e9vente. Ezeket a term\u00e9keket t\u00f6bb mint\u00a020 orsz\u00e1gba export\u00e1lja a v\u00e1llalat.<\/em><\/p>\n<p style=\"font-weight: 400;\"><em>A c\u00e9gcsoport \u00e1llateledel-gy\u00e1rt\u00e1s\u00e1nak kelet-k\u00f6z\u00e9p-eur\u00f3pai k\u00f6zpontja, a b\u00fcki PURINA\u00ae gy\u00e1r 2018-ban \u00fcnnepelte fenn\u00e1ll\u00e1s\u00e1nak huszadik \u00e9vfordul\u00f3j\u00e1t. Term\u00e9kei a vil\u00e1g t\u00f6bb mint 50 orsz\u00e1g\u00e1ba jutnak el B\u00fckr\u0151l.<\/em><\/p>\n<p style=\"font-weight: 400;\"><em>A Nestl\u00e9 Hung\u00e1ria besz\u00e1ll\u00edt\u00f3inak t\u00f6bbs\u00e9ge magyar v\u00e1llalkoz\u00e1s, amelyek \u00e9vente \u00f6sszesen 54 milli\u00e1rd forint\u00e9rt\u00e9kben adnak el term\u00e9keket \u00e9s szolg\u00e1ltat\u00e1sokat a Nestl\u00e9 glob\u00e1lis h\u00e1l\u00f3zat\u00e1nak.<\/em><\/p>\n","protected":false},"excerpt":{"rendered":"<p>K\u00f6zel 50 milli\u00e1rd\u00a0forint \u00e9rt\u00e9k\u0171 beruh\u00e1z\u00e1s veszi kezdet\u00e9t a Nestl\u00e9 Hung\u00e1ria b\u00fcki gy\u00e1rt\u00f3k\u00f6zpontj\u00e1ban, amely a vil\u00e1g t\u00f6bb mint 50 orsz\u00e1g\u00e1t l\u00e1tja el \u00e1llateledellel. A modern magyar piacgazdas\u00e1g egyik legnagyobb, a pand\u00e9mia miatt kialakult v\u00e1ls\u00e1ghelyzet ellen\u00e9re megval\u00f3sul\u00f3 \u00e9lelmiszer-feldolgoz\u00f3ipari beruh\u00e1z\u00e1sa 160 \u00faj munkahelyet is jelent majd a t\u00e9rs\u00e9gben, mik\u00f6zben tov\u00e1bb er\u0151s\u00edti a magyar nemzetgazdas\u00e1g region\u00e1lis teljes\u00edtm\u00e9ny\u00e9t. Az \u00fcnnep\u00e9lyes &#8230;<\/p>\n","protected":false},"author":1001006,"featured_media":0,"comment_status":"closed","ping_status":"open","sticky":false,"template":"","format":"standard","meta":[],"categories":[19],"tags":[],"_links":{"self":[{"href":"https:\/\/gazdasagportal.hu\/index.php\/wp-json\/wp\/v2\/posts\/130286"}],"collection":[{"href":"https:\/\/gazdasagportal.hu\/index.php\/wp-json\/wp\/v2\/posts"}],"about":[{"href":"https:\/\/gazdasagportal.hu\/index.php\/wp-json\/wp\/v2\/types\/post"}],"author":[{"embeddable":true,"href":"https:\/\/gazdasagportal.hu\/index.php\/wp-json\/wp\/v2\/users\/1001006"}],"replies":[{"embeddable":true,"href":"https:\/\/gazdasagportal.hu\/index.php\/wp-json\/wp\/v2\/comments?post=130286"}],"version-history":[{"count":1,"href":"https:\/\/gazdasagportal.hu\/index.php\/wp-json\/wp\/v2\/posts\/130286\/revisions"}],"predecessor-version":[{"id":130287,"href":"https:\/\/gazdasagportal.hu\/index.php\/wp-json\/wp\/v2\/posts\/130286\/revisions\/130287"}],"wp:attachment":[{"href":"https:\/\/gazdasagportal.hu\/index.php\/wp-json\/wp\/v2\/media?parent=130286"}],"wp:term":[{"taxonomy":"category","embeddable":true,"href":"https:\/\/gazdasagportal.hu\/index.php\/wp-json\/wp\/v2\/categories?post=130286"},{"taxonomy":"post_tag","embeddable":true,"href":"https:\/\/gazdasagportal.hu\/index.php\/wp-json\/wp\/v2\/tags?post=130286"}],"curies":[{"name":"wp","href":"https:\/\/api.w.org\/{rel}","templated":true}]}}