{"id":130129,"date":"2020-10-03T16:34:28","date_gmt":"2020-10-03T14:34:28","guid":{"rendered":"http:\/\/gazdasagportal.hu\/?p=130129"},"modified":"2020-10-03T10:05:27","modified_gmt":"2020-10-03T08:05:27","slug":"brexit-barnier-tovabbra-is-jelentos-elteresek-vannak-az-eu-es-london-allaspontja-kozott","status":"publish","type":"post","link":"https:\/\/gazdasagportal.hu\/index.php\/brexit-barnier-tovabbra-is-jelentos-elteresek-vannak-az-eu-es-london-allaspontja-kozott\/","title":{"rendered":"Brexit &#8211; Barnier: tov\u00e1bbra is jelent\u0151s elt\u00e9r\u00e9sek vannak az EU \u00e9s London \u00e1ll\u00e1spontja k\u00f6z\u00f6tt"},"content":{"rendered":"<p><strong>Az elm\u00falt napokban folytatott t\u00e1rgyal\u00e1sok meger\u0151s\u00edtett\u00e9k, hogy n\u00e9mi el\u0151rel\u00e9p\u00e9s ellen\u00e9re a felek k\u00f6z\u00f6tt tov\u00e1bbra is jelent\u0151s elt\u00e9r\u00e9sek mutatkoznak az Eur\u00f3pai Uni\u00f3 \u00e9s az Egyes\u00fclt Kir\u00e1lys\u00e1g j\u00f6v\u0151beni kapcsolatrendszer\u00e9t illet\u0151en &#8211; k\u00f6z\u00f6lte az Eur\u00f3pai Bizotts\u00e1g f\u0151t\u00e1rgyal\u00f3ja p\u00e9nteken.<\/strong><!--more--><\/p>\n<div class=\"ads-in-post1\"><div id=\"gazdasagportal.hu_fullbanner_wideboard\"><\/div>\r\n<\/div>\n<p>    Michel Barnier k\u00f6zlem\u00e9ny\u00e9ben arr\u00f3l sz\u00e1molt be, hogy a tov\u00e1bbra is &#8222;tart\u00f3s \u00e9s s\u00falyos ellentmond\u00e1sok&#8221; vannak az Eur\u00f3pai Uni\u00f3 szempontj\u00e1b\u00f3l olyan kiemelten fontos k\u00e9rd\u00e9sekben, mint a kereskedelempolitika, a tisztess\u00e9ges \u00e9s egyenl\u0151 versenyfelt\u00e9telek biztos\u00edt\u00e1sa, valamint a hal\u00e1szatr\u00f3l sz\u00f3l\u00f3 meg\u00e1llapod\u00e1s.<br \/>\n    A j\u00f6v\u0151beli kapcsolatrendszerr\u0151l sz\u00f3l\u00f3, jelent\u0151s r\u00e9szben gazdas\u00e1gi egy\u00fcttm\u0171k\u00f6d\u00e9st tartalmaz\u00f3 meg\u00e1llapod\u00e1s elfogad\u00e1sa \u00e9rdek\u00e9ben ezeket a k\u00fcl\u00f6nbs\u00e9geket a k\u00f6vetkez\u0151 hetekben mindenk\u00e9ppen le kell k\u00fczdeni &#8211; emelte ki.<br \/>\n    A f\u0151t\u00e1rgyal\u00f3 azt k\u00f6z\u00f6lte, kieg\u00e9sz\u00edt\u00e9sre szorul egyebek mellett a szem\u00e9lyes adatok v\u00e9delm\u00e9re, valamint az \u00e9ghajlatv\u00e1ltoz\u00e1ssal kapcsolatos k\u00f6telezetts\u00e9gv\u00e1llal\u00e1sokra f\u00f3kusz\u00e1l\u00f3 szab\u00e1lyoz\u00e1s. Tov\u00e1bb\u00e1 hat\u00e9kony v\u00e9grehajt\u00e1si \u00e9s vitarendez\u00e9si mechanizmusokra van sz\u00fcks\u00e9g, a brit korm\u00e1ny szeptemberben beterjesztett, az Egyes\u00fclt Kir\u00e1lys\u00e1g bels\u0151 piac\u00e1r\u00f3l sz\u00f3l\u00f3 t\u00f6rv\u00e9nyjavaslat\u00e1nak elfogad\u00e1sa ugyanis s\u00e9rten\u00e9 a Brexit-meg\u00e1llapod\u00e1s \u00cdrorsz\u00e1gr\u00f3l \u00e9s \u00c9szak-\u00cdrorsz\u00e1gr\u00f3l sz\u00f3l\u00f3 jegyz\u0151k\u00f6nyv\u00e9nek rendelkez\u00e9seit.<br \/>\n    Elmondta azt is, hogy el\u0151rel\u00e9p\u00e9s egyebek mellett a rep\u00fcl\u00e9s-, \u00e9s a szoci\u00e1lis biztons\u00e1g koordin\u00e1l\u00e1sa, valamint az alapvet\u0151 \u00e9s az egy\u00e9ni szabads\u00e1gjogok tiszteletben tart\u00e1sa ter\u00e9n t\u00f6rt\u00e9nt. Ut\u00f3bbiak a b\u00fcntet\u0151\u00fcgyekben folytatott j\u00f6v\u0151beni igazs\u00e1g\u00fcgyi egy\u00fcttm\u0171k\u00f6d\u00e9s el\u0151felt\u00e9telei &#8211; tette hozz\u00e1.<br \/>\n    A k\u00f6zelg\u0151 hat\u00e1rid\u0151 miatt a t\u00e1rgyal\u00e1sok k\u00f6vetkez\u0151 fordul\u00f3j\u00e1t j\u00f6v\u0151 h\u00e9ten Londonban tartj\u00e1k, a megbesz\u00e9l\u00e9sek az azt k\u00f6vet\u0151 h\u00e9ten ism\u00e9t Br\u00fcsszelben folytat\u00f3dnak &#8211; tette hozz\u00e1 Barnier.<br \/>\n    Ursula von der Leyen, az Eur\u00f3pai Bizotts\u00e1g eln\u00f6ke a p\u00e9nteken v\u00e9get \u00e9rt, k\u00e9tnapos br\u00fcsszeli uni\u00f3s cs\u00facstal\u00e1lkoz\u00f3t k\u00f6vet\u0151en tartott sajt\u00f3t\u00e1j\u00e9koztat\u00f3n azt k\u00f6z\u00f6lte: szombaton videokonferencia form\u00e1j\u00e1ban t\u00e1rgyal Boris Johnson brit minisztereln\u00f6kkel a j\u00f6v\u0151beli kapcsolatrendszerr\u0151l foly\u00f3 t\u00e1rgyal\u00e1sok felgyors\u00edt\u00e1sa \u00e9rdek\u00e9ben.<br \/>\n<div class=\"ads-in-post1\"><div id=\"gazdasagportal.hu_fullbanner_wideboard\"><\/div>\r\n<\/div>\n    Von der Leyen cs\u00fct\u00f6rt\u00f6k\u00f6n azt jelentette be, hogy az Eur\u00f3pai Bizotts\u00e1g felsz\u00f3l\u00edt\u00f3 levelet k\u00fcld\u00f6tt az Egyes\u00fclt Kir\u00e1lys\u00e1gnak, mert \u00e1ll\u00e1spontja szerint a brit f\u00e9l megszegte az EU-tags\u00e1ga megsz\u0171n\u00e9s\u00e9r\u0151l (Brexit) sz\u00f3l\u00f3 meg\u00e1llapod\u00e1sb\u00f3l ered\u0151 k\u00f6telezetts\u00e9geit. A test\u00fclet a k\u00f6telezetts\u00e9gszeg\u00e9si elj\u00e1r\u00e1s els\u0151 l\u00e9p\u00e9s\u00e9t jelent\u0151 felsz\u00f3l\u00edt\u00f3levelet a brit korm\u00e1ny \u00e1ltal szeptemberben beterjesztett, a bels\u0151 piac\u00e1r\u00f3l sz\u00f3l\u00f3 t\u00f6rv\u00e9nyjavaslat miatt k\u00fcldte.<br \/>\n    Az Egyes\u00fclt Kir\u00e1lys\u00e1g janu\u00e1r 31-\u00e9n l\u00e9pett ki az Eur\u00f3pai Uni\u00f3b\u00f3l. Ezt k\u00f6vet\u0151en a felek egy\u00fcttm\u0171k\u00f6d\u00e9se az el\u0151zetesen r\u00f6gz\u00edtett, december v\u00e9g\u00e9ig tart\u00f3 \u00e1tmeneti id\u0151szakba l\u00e9pett. C\u00e9lja, hogy id\u0151t biztos\u00edtson a brit korm\u00e1nynak \u00e9s az uni\u00f3nak a meg\u00e1llapod\u00e1sra a j\u00f6v\u0151beni k\u00e9toldal\u00fa kapcsolatrendszer szab\u00e1lyair\u00f3l.(MTI)<\/p>\n","protected":false},"excerpt":{"rendered":"<p>Az elm\u00falt napokban folytatott t\u00e1rgyal\u00e1sok meger\u0151s\u00edtett\u00e9k, hogy n\u00e9mi el\u0151rel\u00e9p\u00e9s ellen\u00e9re a felek k\u00f6z\u00f6tt tov\u00e1bbra is jelent\u0151s elt\u00e9r\u00e9sek mutatkoznak az Eur\u00f3pai Uni\u00f3 \u00e9s az Egyes\u00fclt Kir\u00e1lys\u00e1g j\u00f6v\u0151beni kapcsolatrendszer\u00e9t illet\u0151en &#8211; k\u00f6z\u00f6lte az Eur\u00f3pai Bizotts\u00e1g f\u0151t\u00e1rgyal\u00f3ja p\u00e9nteken.<\/p>\n","protected":false},"author":1001006,"featured_media":0,"comment_status":"closed","ping_status":"open","sticky":false,"template":"","format":"standard","meta":[],"categories":[12,246],"tags":[],"_links":{"self":[{"href":"https:\/\/gazdasagportal.hu\/index.php\/wp-json\/wp\/v2\/posts\/130129"}],"collection":[{"href":"https:\/\/gazdasagportal.hu\/index.php\/wp-json\/wp\/v2\/posts"}],"about":[{"href":"https:\/\/gazdasagportal.hu\/index.php\/wp-json\/wp\/v2\/types\/post"}],"author":[{"embeddable":true,"href":"https:\/\/gazdasagportal.hu\/index.php\/wp-json\/wp\/v2\/users\/1001006"}],"replies":[{"embeddable":true,"href":"https:\/\/gazdasagportal.hu\/index.php\/wp-json\/wp\/v2\/comments?post=130129"}],"version-history":[{"count":1,"href":"https:\/\/gazdasagportal.hu\/index.php\/wp-json\/wp\/v2\/posts\/130129\/revisions"}],"predecessor-version":[{"id":130130,"href":"https:\/\/gazdasagportal.hu\/index.php\/wp-json\/wp\/v2\/posts\/130129\/revisions\/130130"}],"wp:attachment":[{"href":"https:\/\/gazdasagportal.hu\/index.php\/wp-json\/wp\/v2\/media?parent=130129"}],"wp:term":[{"taxonomy":"category","embeddable":true,"href":"https:\/\/gazdasagportal.hu\/index.php\/wp-json\/wp\/v2\/categories?post=130129"},{"taxonomy":"post_tag","embeddable":true,"href":"https:\/\/gazdasagportal.hu\/index.php\/wp-json\/wp\/v2\/tags?post=130129"}],"curies":[{"name":"wp","href":"https:\/\/api.w.org\/{rel}","templated":true}]}}