{"id":130127,"date":"2020-10-03T15:03:08","date_gmt":"2020-10-03T13:03:08","guid":{"rendered":"http:\/\/gazdasagportal.hu\/?p=130127"},"modified":"2020-10-03T10:03:54","modified_gmt":"2020-10-03T08:03:54","slug":"a-tavalyinal-73-szazalekkal-kevesebb-turista-utazott-spanyolorszagba-az-ev-elso-nyolc-honapjaban","status":"publish","type":"post","link":"https:\/\/gazdasagportal.hu\/index.php\/a-tavalyinal-73-szazalekkal-kevesebb-turista-utazott-spanyolorszagba-az-ev-elso-nyolc-honapjaban\/","title":{"rendered":"A tavalyin\u00e1l 73 sz\u00e1zal\u00e9kkal kevesebb turista utazott Spanyolorsz\u00e1gba az \u00e9v els\u0151 nyolc h\u00f3napj\u00e1ban"},"content":{"rendered":"<p><strong>Az \u00e9v els\u0151 nyolc h\u00f3napj\u00e1ban 15,7 milli\u00f3 k\u00fclf\u00f6ldi turista utazott Spanyolorsz\u00e1gba, 73 sz\u00e1zal\u00e9kkal kevesebb a tavalyi \u00e9v hasonl\u00f3 id\u0151szak\u00e1hoz k\u00e9pest &#8211; t\u00e1j\u00e9koztatott a spanyol statisztikai hivatal (INE) p\u00e9nteken.<\/strong><!--more--><\/p>\n<div class=\"ads-in-post1\"><div id=\"gazdasagportal.hu_fullbanner_wideboard\"><\/div>\r\n<\/div>\n<p>    A beutaz\u00f3k 16,7 milli\u00e1rd eur\u00f3t k\u00f6lt\u00f6ttek el a d\u00e9l-eur\u00f3pai orsz\u00e1gban janu\u00e1r \u00e9s augusztus k\u00f6z\u00f6tt, ami 74 sz\u00e1zal\u00e9kkal marad el 2019 els\u0151 nyolc h\u00f3napj\u00e1nak bev\u00e9teleit\u0151l.<br \/>\n    M\u00edg az elm\u00falt \u00e9vekben brit turist\u00e1k \u00e9rkeztek legnagyobb sz\u00e1mban Spanyolorsz\u00e1gba, az id\u00e9n a franci\u00e1k v\u00e9geztek az els\u0151 helyen 2,9 milli\u00f3 l\u00e1togat\u00f3val. A m\u00falt \u00e9vhez k\u00e9pest ez 64,7 sz\u00e1zal\u00e9kos cs\u00f6kken\u00e9st jelent. Nagy-Britanni\u00e1b\u00f3l 2,6 milli\u00f3an v\u00e1lasztottak spanyol \u00fati c\u00e9lt ebben az \u00e9vben, 79 sz\u00e1zal\u00e9kkal kevesebben mint tavaly.<br \/>\n    A legn\u00e9pszer\u0171bb \u00e1llom\u00e1s Katal\u00f3nia volt, augusztus v\u00e9g\u00e9ig 3,2 milli\u00f3an utaztak oda, t\u00edzmilli\u00f3val kevesebben mint egy \u00e9vvel ezel\u0151tt. 5,5 milli\u00f3 l\u00e1togat\u00f3t vesz\u00edtett a m\u00e1sodik legkedveltebb c\u00e9lpont Kan\u00e1ri-szigetek, ahol csaknem 3,2 milli\u00f3an j\u00e1rtak janu\u00e1r \u00e9s augusztus k\u00f6z\u00f6tt.<br \/>\n    Az INE adatai szerint augusztusban \u00f6sszesen 2,4 milli\u00f3 turist\u00e1t fogadott az orsz\u00e1g, ami 76 sz\u00e1zal\u00e9kos cs\u00f6kken\u00e9s \u00e9ves \u00f6sszehasonl\u00edt\u00e1sban. Az utaz\u00f3k 2,4 milli\u00e1rd eur\u00f3t k\u00f6lt\u00f6ttek, 79 sz\u00e1zal\u00e9kkal kevesebbet mint 2019 augusztus\u00e1ban.<br \/>\n    Spanyolorsz\u00e1g brutt\u00f3 hazai term\u00e9k\u00e9nek (GDP) 12,3 sz\u00e1zal\u00e9ka sz\u00e1rmazik a turizmusb\u00f3l, amely 2,5 milli\u00f3 embernek ad munk\u00e1t.<br \/>\n<div class=\"ads-in-post1\"><div id=\"gazdasagportal.hu_fullbanner_wideboard\"><\/div>\r\n<\/div>\n    A d\u00e9l-eur\u00f3pai orsz\u00e1g tavaly 83,7 milli\u00f3 k\u00fclf\u00f6ldi turist\u00e1val a vil\u00e1g m\u00e1sodik legl\u00e1togatottabb orsz\u00e1ga volt. A koronav\u00edrus-j\u00e1rv\u00e1ny miatt azonban az id\u00e9n m\u00e1rcius k\u00f6zep\u00e9n teljesen le\u00e1llt a turizmus, amely csak j\u00fanius v\u00e9g\u00e9n, a belf\u00f6ldi szabad mozg\u00e1s enged\u00e9lyez\u00e9se \u00e9s a hat\u00e1rok megnyit\u00e1sa ut\u00e1n indult \u00fajra.<br \/>\n    Sok orsz\u00e1g, p\u00e9ld\u00e1ul Nagy-Britannia m\u00e9g a ny\u00e1ron karant\u00e9n-k\u00f6telezetts\u00e9get vezetett be a Spanyolorsz\u00e1gb\u00f3l \u00e9rkez\u0151kkel szemben, miut\u00e1n n\u00f6vekedni kezdett a fert\u0151z\u00e9sek sz\u00e1ma, amely \u00fajabb csap\u00e1st m\u00e9rt az \u00e9ppen csak \u00e9ledez\u0151 idegenforgalomra.<br \/>\n    Eur\u00f3p\u00e1ban Spanyolorsz\u00e1gban regisztr\u00e1lt\u00e1k a legt\u00f6bb koronav\u00edrus-fert\u0151z\u00e9st, az eddig kisz\u0171rt esetek sz\u00e1ma meghaladja a 789 ezret.(MTI)<\/p>\n","protected":false},"excerpt":{"rendered":"<p>Az \u00e9v els\u0151 nyolc h\u00f3napj\u00e1ban 15,7 milli\u00f3 k\u00fclf\u00f6ldi turista utazott Spanyolorsz\u00e1gba, 73 sz\u00e1zal\u00e9kkal kevesebb a tavalyi \u00e9v hasonl\u00f3 id\u0151szak\u00e1hoz k\u00e9pest &#8211; t\u00e1j\u00e9koztatott a spanyol statisztikai hivatal (INE) p\u00e9nteken.<\/p>\n","protected":false},"author":1001006,"featured_media":0,"comment_status":"closed","ping_status":"open","sticky":false,"template":"","format":"standard","meta":[],"categories":[12,246],"tags":[],"_links":{"self":[{"href":"https:\/\/gazdasagportal.hu\/index.php\/wp-json\/wp\/v2\/posts\/130127"}],"collection":[{"href":"https:\/\/gazdasagportal.hu\/index.php\/wp-json\/wp\/v2\/posts"}],"about":[{"href":"https:\/\/gazdasagportal.hu\/index.php\/wp-json\/wp\/v2\/types\/post"}],"author":[{"embeddable":true,"href":"https:\/\/gazdasagportal.hu\/index.php\/wp-json\/wp\/v2\/users\/1001006"}],"replies":[{"embeddable":true,"href":"https:\/\/gazdasagportal.hu\/index.php\/wp-json\/wp\/v2\/comments?post=130127"}],"version-history":[{"count":1,"href":"https:\/\/gazdasagportal.hu\/index.php\/wp-json\/wp\/v2\/posts\/130127\/revisions"}],"predecessor-version":[{"id":130128,"href":"https:\/\/gazdasagportal.hu\/index.php\/wp-json\/wp\/v2\/posts\/130127\/revisions\/130128"}],"wp:attachment":[{"href":"https:\/\/gazdasagportal.hu\/index.php\/wp-json\/wp\/v2\/media?parent=130127"}],"wp:term":[{"taxonomy":"category","embeddable":true,"href":"https:\/\/gazdasagportal.hu\/index.php\/wp-json\/wp\/v2\/categories?post=130127"},{"taxonomy":"post_tag","embeddable":true,"href":"https:\/\/gazdasagportal.hu\/index.php\/wp-json\/wp\/v2\/tags?post=130127"}],"curies":[{"name":"wp","href":"https:\/\/api.w.org\/{rel}","templated":true}]}}