{"id":130038,"date":"2020-09-30T05:07:19","date_gmt":"2020-09-30T03:07:19","guid":{"rendered":"http:\/\/gazdasagportal.hu\/?p=130038"},"modified":"2020-09-29T20:58:22","modified_gmt":"2020-09-29T18:58:22","slug":"olaszorszagban-ujranyitottak-a-jarvanykorhazak","status":"publish","type":"post","link":"https:\/\/gazdasagportal.hu\/index.php\/olaszorszagban-ujranyitottak-a-jarvanykorhazak\/","title":{"rendered":"Olaszorsz\u00e1gban \u00fajranyitottak a j\u00e1rv\u00e1nyk\u00f3rh\u00e1zak"},"content":{"rendered":"<p><strong>A tartom\u00e1nyok \u00fajranyitott\u00e1k a Covid-19 fert\u0151z\u00f6tteknek fenntartott k\u00f3rh\u00e1zakat tizenegyezer intenz\u00edv hely biztos\u00edt\u00e1s\u00e1val, mik\u00f6zben a j\u00e1rv\u00e1nyg\u00f6rbe lassan emelkedik Olaszorsz\u00e1gban. Egy nap alatt 1648 \u00faj fert\u0151z\u00f6ttet regisztr\u00e1ltak, a halottak sz\u00e1ma huszonn\u00e9gy volt az eg\u00e9szs\u00e9g\u00fcgyi t\u00e1rca kedd esti adatai szerint.<\/strong><!--more--><\/p>\n<div class=\"ads-in-post1\"><div id=\"gazdasagportal.hu_fullbanner_wideboard\"><\/div>\r\n<\/div>\n<p>    \u00dajra m\u0171k\u00f6d\u00e9sbe l\u00e9pnek a ny\u00e1ron felsz\u00e1molt \u00fagynevezett j\u00e1rv\u00e1nyk\u00f3rh\u00e1zak, amelyeket kiz\u00e1r\u00f3lag a koronav\u00edrus-j\u00e1rv\u00e1ny fert\u0151z\u00f6ttjeinek tartanak fenn a r\u00e9gi\u00f3kban. A kor\u00e1bbi \u00e9szaki g\u00f3cpontnak sz\u00e1m\u00edt\u00f3 Lombardi\u00e1ban tizenh\u00e9t k\u00f3rh\u00e1zat alak\u00edtottak ism\u00e9t \u00e1t a Covid-19 betegek sz\u00e1m\u00e1ra, a k\u00f6z\u00e9polasz Toszk\u00e1n\u00e1ban \u00e9s a d\u00e9li Campani\u00e1ban \u00f6t-\u00f6t ilyen k\u00f3rh\u00e1z m\u0171k\u00f6dik.<br \/>\n    Orsz\u00e1gosan tizenegyezer helyet k\u00e9pesek biztos\u00edtani az intenz\u00edven kezelt betegek sz\u00e1m\u00e1ra, ami sz\u00e1ztizen\u00f6t sz\u00e1zal\u00e9kkal t\u00f6bb, mint a j\u00e1rv\u00e1ny febru\u00e1r v\u00e9gi kezdetekor. Jelenleg t\u00f6bb mint h\u00e1romezer beteg van k\u00f3rh\u00e1zban, tov\u00e1bbi 271 beteget kezelnek intenz\u00edv oszt\u00e1lyon, sz\u00e1muk az ut\u00f3bbi h\u00e1rom napban majdnem t\u00edzzel emelkedett naponta.<br \/>\n    A j\u00e1rv\u00e1nyk\u00f3rh\u00e1zak \u00fajranyit\u00e1s\u00e1val az eg\u00e9szs\u00e9g\u00fcgyi hat\u00f3s\u00e1gok a betegsz\u00e1m emelked\u00e9s\u00e9re k\u00e9sz\u00fclnek.<br \/>\n    Walter Ricciardi, az Eg\u00e9szs\u00e9g\u00fcgyi Vil\u00e1gszervezet (WHO) \u00e9s a r\u00f3mai eg\u00e9szs\u00e9g\u00fcgyi t\u00e1rca szak\u00e9rt\u0151je \u00fagy v\u00e9lte: Olaszorsz\u00e1gban tov\u00e1bbra is a j\u00e1rv\u00e1ny els\u0151 hull\u00e1ma tart a j\u00e1rv\u00e1nyg\u00f6rbe er\u0151teljes ingadoz\u00e1s\u00e1val.<br \/>\n    Paolo Sileri eg\u00e9szs\u00e9g\u00fcgyi \u00e1llamtitk\u00e1r kor\u00e1bbi kijelent\u00e9sei szerint Olaszorsz\u00e1gban is az esetsz\u00e1mok emelked\u00e9s\u00e9t v\u00e1rj\u00e1k, de a m\u00e1rciusi-\u00e1prilisi &#8222;cunami&#8221; n\u00e9lk\u00fcl.<br \/>\n<div class=\"ads-in-post2\"><script async src=\"https:\/\/pagead2.googlesyndication.com\/pagead\/js\/adsbygoogle.js\"><\/script>\r\n<ins class=\"adsbygoogle\"\r\n     style=\"display:block\"\r\n     data-ad-format=\"fluid\"\r\n     data-ad-layout-key=\"-6t+ed+2i-1n-4w\"\r\n     data-ad-client=\"ca-pub-1959107119989764\"\r\n     data-ad-slot=\"4008251320\"><\/ins>\r\n<script>\r\n     (adsbygoogle = window.adsbygoogle || []).push({});\r\n<\/script><\/div>\n    Egy nap alatt 1648-cal emelkedett a sz\u0171rt fert\u0151z\u00f6ttek sz\u00e1ma az el\u0151z\u0151 napi 1494 ut\u00e1n, de h\u00e9tf\u0151h\u00f6z k\u00e9pest majdnem negyvenezerrel t\u00f6bb v\u00edrustesztet v\u00e9geztek. Az akt\u00edv fert\u0151z\u00f6ttek sz\u00e1ma \u00f6tvenezer felett van. A legt\u00f6bb \u00faj beteget Campani\u00e1ban, Lazi\u00f3ban \u00e9s Lombardi\u00e1ban azonos\u00edtott\u00e1k.<br \/>\n    Ism\u00e9t huszonn\u00e9gy beteg vesztette \u00e9let\u00e9t, csak\u00fagy, mint szeptember 19-\u00e9n. A halottak sz\u00e1ma el\u00e9rte a 35 875-t. A halottakat \u00e9s gy\u00f3gyultakat is sz\u00e1m\u00edtva a diagnosztiz\u00e1lt fert\u0151z\u00f6ttek sz\u00e1ma el\u00e9rte a 313 011-t. M\u00e1rcius utols\u00f3 het\u00e9ben a halottak sz\u00e1ma napi \u00e1tlagban 947 volt, augusztus m\u00e1sodik het\u00e9ben \u00f6t, az ut\u00f3bbi egy h\u00e9ten \u00e1tlag h\u00fasz.<br \/>\n    Az eg\u00e9szs\u00e9g\u00fcgyi t\u00e1rca bejelent\u00e9se szerint \u00f6tmilli\u00f3 gyorstesztet rendeltek az oktat\u00e1si int\u00e9zm\u00e9nyek tanul\u00f3inak ellen\u0151rz\u00e9s\u00e9re. Ny\u00e1lminta-v\u00e9tellel h\u00fasz perc alatt \u00edg\u00e9rik a pozit\u00edvak kisz\u0171r\u00e9s\u00e9t.<br \/>\n    Bologna polg\u00e1rmestere bejelentette, hogy minden h\u00e9tv\u00e9g\u00e9n k\u00f6telez\u0151 lesz a sz\u00e1jmaszk visel\u00e9se a v\u00e1ros k\u00f6zpontj\u00e1ban szabadt\u00e9ren is. Szerd\u00e1t\u00f3l Szic\u00edlia sziget\u00e9n rendelik el a sz\u00e1jmaszk k\u00f6telez\u0151 haszn\u00e1lat\u00e1t az utc\u00e1kon is, ha nem lehet betartani a legal\u00e1bb egym\u00e9teres t\u00e1vols\u00e1got. Ugyan\u00edgy k\u00f6telez\u0151 a sz\u00e1jmaszk szabadt\u00e9ren is Campania tartom\u00e1nyban \u00e9s Liguria, valamint Puglia t\u00f6bb v\u00e1ros\u00e1ban.(MTI)<\/p>\n","protected":false},"excerpt":{"rendered":"<p>A tartom\u00e1nyok \u00fajranyitott\u00e1k a Covid-19 fert\u0151z\u00f6tteknek fenntartott k\u00f3rh\u00e1zakat tizenegyezer intenz\u00edv hely biztos\u00edt\u00e1s\u00e1val, mik\u00f6zben a j\u00e1rv\u00e1nyg\u00f6rbe lassan emelkedik Olaszorsz\u00e1gban. Egy nap alatt 1648 \u00faj fert\u0151z\u00f6ttet regisztr\u00e1ltak, a halottak sz\u00e1ma huszonn\u00e9gy volt az eg\u00e9szs\u00e9g\u00fcgyi t\u00e1rca kedd esti adatai szerint.<\/p>\n","protected":false},"author":1001006,"featured_media":0,"comment_status":"closed","ping_status":"open","sticky":false,"template":"","format":"standard","meta":[],"categories":[12],"tags":[],"_links":{"self":[{"href":"https:\/\/gazdasagportal.hu\/index.php\/wp-json\/wp\/v2\/posts\/130038"}],"collection":[{"href":"https:\/\/gazdasagportal.hu\/index.php\/wp-json\/wp\/v2\/posts"}],"about":[{"href":"https:\/\/gazdasagportal.hu\/index.php\/wp-json\/wp\/v2\/types\/post"}],"author":[{"embeddable":true,"href":"https:\/\/gazdasagportal.hu\/index.php\/wp-json\/wp\/v2\/users\/1001006"}],"replies":[{"embeddable":true,"href":"https:\/\/gazdasagportal.hu\/index.php\/wp-json\/wp\/v2\/comments?post=130038"}],"version-history":[{"count":1,"href":"https:\/\/gazdasagportal.hu\/index.php\/wp-json\/wp\/v2\/posts\/130038\/revisions"}],"predecessor-version":[{"id":130039,"href":"https:\/\/gazdasagportal.hu\/index.php\/wp-json\/wp\/v2\/posts\/130038\/revisions\/130039"}],"wp:attachment":[{"href":"https:\/\/gazdasagportal.hu\/index.php\/wp-json\/wp\/v2\/media?parent=130038"}],"wp:term":[{"taxonomy":"category","embeddable":true,"href":"https:\/\/gazdasagportal.hu\/index.php\/wp-json\/wp\/v2\/categories?post=130038"},{"taxonomy":"post_tag","embeddable":true,"href":"https:\/\/gazdasagportal.hu\/index.php\/wp-json\/wp\/v2\/tags?post=130038"}],"curies":[{"name":"wp","href":"https:\/\/api.w.org\/{rel}","templated":true}]}}