{"id":13001,"date":"2013-08-04T10:48:56","date_gmt":"2013-08-04T08:48:56","guid":{"rendered":"http:\/\/stockportal.hu\/?p=13001"},"modified":"2013-08-04T10:48:58","modified_gmt":"2013-08-04T08:48:58","slug":"lang-zsolt-adossagrendezes-utan-mar-fejlesztesre-is-nyilik-lehetoseg","status":"publish","type":"post","link":"https:\/\/gazdasagportal.hu\/index.php\/lang-zsolt-adossagrendezes-utan-mar-fejlesztesre-is-nyilik-lehetoseg\/","title":{"rendered":"L\u00e1ng Zsolt: ad\u00f3ss\u00e1grendez\u00e9s ut\u00e1n m\u00e1r fejleszt\u00e9sre is ny\u00edlik lehet\u0151s\u00e9g"},"content":{"rendered":"<p><strong>Ad\u00f3ss\u00e1gaikt\u00f3l megszabadulva most m\u00e1r fejleszt\u00e9sekre is gondolhatnak a magyar \u00f6nkorm\u00e1nyzatok, \u00edgy az ad\u00f3ss\u00e1grendez\u00e9s korm\u00e1nyzati programja sikeresnek \u00edt\u00e9lhet\u0151 &#8211; mondta az Orsz\u00e1ggy\u0171l\u00e9s \u00f6nkorm\u00e1nyzati \u00e9s ter\u00fcletfejleszt\u00e9si bizotts\u00e1g\u00e1nak fideszes eln\u00f6ke szombaton Holl\u00f3k\u0151n, sajt\u00f3t\u00e1j\u00e9koztat\u00f3n.<!--more--><\/strong><\/p>\n<p>L\u00e1ng Zsolt hangs\u00falyozta: 2010-re a magyar \u00f6nkorm\u00e1nyzatok nagy r\u00e9sze m\u00e1r csak a napi t\u00fal\u00e9l\u00e9sre gondolhatott a felhalmozott, \u00f6sszesen 1300 milli\u00e1rd forintnyi tartoz\u00e1s miatt. Az elad\u00f3sod\u00e1st a kor\u00e1bbi k\u00e9t korm\u00e1nyzati ciklus politik\u00e1ja okozta, 2010-re m\u00e1r az \u00f6nkorm\u00e1nyzati rendszer m\u0171k\u00f6d\u0151k\u00e9pess\u00e9g\u00e9t is vesz\u00e9lyeztette, ez\u00e9rt volt sz\u00fcks\u00e9g a korm\u00e1nyzati k\u00f6zbel\u00e9p\u00e9sre &#8211; mutatott r\u00e1, hozz\u00e1t\u00e9ve, a seg\u00edts\u00e9g \u00f6sszege meghaladja a 700 milli\u00e1rd forintot, a kamatokat is figyelembe v\u00e9ve az ezermilli\u00e1rdot.<br \/>\nL\u00e1ng Zsolt kifejtette: az \u00f6tezern\u00e9l kevesebb lakos\u00fa telep\u00fcl\u00e9sek tartoz\u00e1sa el\u00e9rte a 74 milli\u00e1rd forintot, egy telep\u00fcl\u00e9sre \u00e1tlagosan 40 milli\u00f3 jutott. Az \u00faj p\u00e9nz\u00fcgyi h\u00e1tt\u00e9rnek \u00e9s szab\u00e1lyoz\u00e1snak k\u00f6sz\u00f6nhet\u0151en hasonl\u00f3 helyzet a j\u00f6v\u0151ben nem \u00e1llhat el\u0151 &#8211; mondta<br \/>\nBecs\u00f3 Zsolt (Fidesz) , a N\u00f3gr\u00e1d Megyei K\u00f6zgy\u0171l\u00e9s eln\u00f6ke igazi ment\u0151\u00f6vnek nevezte a korm\u00e1nyzati ad\u00f3ss\u00e1g\u00e1tv\u00e1llal\u00e1st, hiszen &#8211; mint mondta &#8211; a megye 135 telep\u00fcl\u00e9se k\u00f6z\u00fcl 101 ad\u00f3sodott el. Ezek k\u00f6z\u00fcl 91-en \u00f6tezern\u00e9l kevesebben \u00e9lnek. N\u00f3gr\u00e1d megy\u00e9nek a konszolid\u00e1ci\u00f3 sor\u00e1n 7 milli\u00e1rd 398 milli\u00f3 forint jutott.<br \/>\nSzab\u00f3 Csaba (Fidesz-KDNP), Holl\u00f3k\u0151 polg\u00e1rmestere kifejtette, hogy a k\u00f6zs\u00e9g 29 milli\u00f3 forintos tartoz\u00e1s\u00e1t rendezt\u00e9k az ad\u00f3ss\u00e1g\u00e1tv\u00e1llal\u00e1ssal. Ezt megel\u0151z\u0151en k\u00f6telezetts\u00e9geik mellett m\u00e1r csak a napi kiad\u00e1sokra \u00e9s a rezsik\u00f6lts\u00e9gre futotta. Az eml\u00edtett 29 milli\u00f3 forintb\u00f3l 19 milli\u00f3 egy r\u00e9gi PHARE-hitel t\u00f6rleszt\u00e9s\u00e9t jelentette, tov\u00e1bbi t\u00edzmilli\u00f3 pedig foly\u00f3sz\u00e1mlahitel volt, amelyb\u0151l a m\u0171k\u00f6d\u00e9s k\u00f6lts\u00e9geit fedezt\u00e9k.<br \/>\nMegjegyezte: kor\u00e1bban f\u00e9ltek volna fejleszt\u00e9sekbe kezdeni, de most k\u00e9t sikeres p\u00e1ly\u00e1zatuk is megval\u00f3sulhat: az egyik c\u00e9lja a vil\u00e1g\u00f6r\u00f6ks\u00e9gi \u00f3falu fel\u00faj\u00edt\u00e1sa, a m\u00e1sik\u00e9 egy magyar-szlov\u00e1k egy\u00fcttm\u0171k\u00f6d\u00e9s r\u00e9szek\u00e9nt a k\u00f6rny\u00e9k term\u00e9szeti \u00e9rt\u00e9keinek v\u00e9delme \u00e9s megismertet\u00e9se. \u00a0\u00a0\u00a0\u00a0Szab\u00f3 Csaba az MTI k\u00e9rd\u00e9s\u00e9re elmondta, hogy a nem eg\u00e9szen 400 lakos\u00fa k\u00f6zs\u00e9g \u00f6nkorm\u00e1nyzata tov\u00e1bbi p\u00e1ly\u00e1zatok bead\u00e1s\u00e1t is tervezi. A holl\u00f3k\u0151i v\u00e1r fejleszt\u00e9s\u00e9nek m\u00e1sodik \u00fcteme, illetve a t\u00e1jv\u00e9delmi k\u00f6rzethez tartoz\u00f3 t\u00e1jk\u00e9pi jelent\u0151s\u00e9g\u0171 sz\u0151l\u0151parcell\u00e1k meg\u00f3v\u00e1sa szerepel a tervek k\u00f6z\u00f6tt.(MTI)<\/p>\n","protected":false},"excerpt":{"rendered":"<p>Ad\u00f3ss\u00e1gaikt\u00f3l megszabadulva most m\u00e1r fejleszt\u00e9sekre is gondolhatnak a magyar \u00f6nkorm\u00e1nyzatok, \u00edgy az ad\u00f3ss\u00e1grendez\u00e9s korm\u00e1nyzati programja sikeresnek \u00edt\u00e9lhet\u0151 &#8211; mondta az Orsz\u00e1ggy\u0171l\u00e9s \u00f6nkorm\u00e1nyzati \u00e9s ter\u00fcletfejleszt\u00e9si bizotts\u00e1g\u00e1nak fideszes eln\u00f6ke szombaton Holl\u00f3k\u0151n, sajt\u00f3t\u00e1j\u00e9koztat\u00f3n.<\/p>\n","protected":false},"author":1,"featured_media":0,"comment_status":"open","ping_status":"closed","sticky":false,"template":"","format":"standard","meta":[],"categories":[19],"tags":[],"_links":{"self":[{"href":"https:\/\/gazdasagportal.hu\/index.php\/wp-json\/wp\/v2\/posts\/13001"}],"collection":[{"href":"https:\/\/gazdasagportal.hu\/index.php\/wp-json\/wp\/v2\/posts"}],"about":[{"href":"https:\/\/gazdasagportal.hu\/index.php\/wp-json\/wp\/v2\/types\/post"}],"author":[{"embeddable":true,"href":"https:\/\/gazdasagportal.hu\/index.php\/wp-json\/wp\/v2\/users\/1"}],"replies":[{"embeddable":true,"href":"https:\/\/gazdasagportal.hu\/index.php\/wp-json\/wp\/v2\/comments?post=13001"}],"version-history":[{"count":3,"href":"https:\/\/gazdasagportal.hu\/index.php\/wp-json\/wp\/v2\/posts\/13001\/revisions"}],"predecessor-version":[{"id":13003,"href":"https:\/\/gazdasagportal.hu\/index.php\/wp-json\/wp\/v2\/posts\/13001\/revisions\/13003"}],"wp:attachment":[{"href":"https:\/\/gazdasagportal.hu\/index.php\/wp-json\/wp\/v2\/media?parent=13001"}],"wp:term":[{"taxonomy":"category","embeddable":true,"href":"https:\/\/gazdasagportal.hu\/index.php\/wp-json\/wp\/v2\/categories?post=13001"},{"taxonomy":"post_tag","embeddable":true,"href":"https:\/\/gazdasagportal.hu\/index.php\/wp-json\/wp\/v2\/tags?post=13001"}],"curies":[{"name":"wp","href":"https:\/\/api.w.org\/{rel}","templated":true}]}}