{"id":129989,"date":"2020-09-28T12:34:42","date_gmt":"2020-09-28T10:34:42","guid":{"rendered":"http:\/\/gazdasagportal.hu\/?p=129989"},"modified":"2020-09-28T12:34:42","modified_gmt":"2020-09-28T10:34:42","slug":"vege-a-konnyiteseknek-szeptember-vegeig-lehet-eleget-tenni-a-kitolt-adokotelezettsegeknek","status":"publish","type":"post","link":"https:\/\/gazdasagportal.hu\/index.php\/vege-a-konnyiteseknek-szeptember-vegeig-lehet-eleget-tenni-a-kitolt-adokotelezettsegeknek\/","title":{"rendered":"V\u00e9ge a k\u00f6nny\u00edt\u00e9seknek &#8211; szeptember v\u00e9g\u00e9ig lehet eleget tenni a kitolt ad\u00f3k\u00f6telezetts\u00e9geknek"},"content":{"rendered":"<p style=\"font-weight: 400;\"><strong>A Gazdas\u00e1gv\u00e9delmi Akci\u00f3terv keret\u00e9ben a Korm\u00e1ny 2020. szeptember 30-ra m\u00f3dos\u00edtotta egyes ad\u00f3k\u00f6telezetts\u00e9gek teljes\u00edt\u00e9s\u00e9nek hat\u00e1ridej\u00e9t. A bevezetett szab\u00e1lyokat a vesz\u00e9lyhelyzet megsz\u0171n\u00e9s\u00e9vel a Parlament m\u00f3dos\u00edt\u00e1s n\u00e9lk\u00fcl tartotta fent.<\/strong><\/p>\n<p><!--more--><\/p>\n<div class=\"ads-in-post1\"><div id=\"gazdasagportal.hu_fullbanner_wideboard\"><\/div>\r\n<\/div>\n<p style=\"font-weight: 400;\"><strong>\u00a0<\/strong>A k\u00f6nny\u00edt\u00e9seknek k\u00f6sz\u00f6nhet\u0151en a t\u00e1rsas\u00e1gi ad\u00f3, a kisv\u00e1llalati ad\u00f3, a helyi ipar\u0171z\u00e9si ad\u00f3 \u00e9s az energiaell\u00e1t\u00f3k j\u00f6vedelemad\u00f3j\u00e1nak alanyai, valamint az innov\u00e1ci\u00f3s j\u00e1rul\u00e9k megfizet\u00e9s\u00e9re k\u00f6telezettek 2020. szeptember 30-ig k\u00f6telesek eleget tenni mind az \u00e9ves, mind a soron k\u00edv\u00fcli ad\u00f3bevall\u00e1si \u00e9s fizet\u00e9si k\u00f6telezetts\u00e9g\u00fcknek, ha ezeknek a k\u00f6telezetts\u00e9geknek a teljes\u00edt\u00e9se 2020. \u00e1prilis 22-e \u00e9s 2020. szeptember 30-a k\u00f6z\u00f6tt lett volna esed\u00e9kes. A k\u00f6nny\u00edt\u00e9s a\u00a0transzfer\u00e1r-nyilv\u00e1ntart\u00e1s elk\u00e9sz\u00edt\u00e9s\u00e9re is vonatkozik, amelyet a t\u00e1rsas\u00e1gi ad\u00f3\u00a0bevall\u00e1s beny\u00fajt\u00e1s\u00e1hoz igazodva, de legk\u00e9s\u0151bb szint\u00e9n szeptember v\u00e9g\u00e9ig lehet elk\u00e9sz\u00edteni. \u00d6nmag\u00e1ban az ad\u00f3 megfizet\u00e9se azonban az ad\u00f3bevall\u00e1st nem p\u00f3tolja, teh\u00e1t az ad\u00f3z\u00f3nak akkor is kell ad\u00f3bevall\u00e1st tennie, ha az ad\u00f3t megfizette vagy k\u00e9s\u0151bb fizetheti meg.<\/p>\n<p style=\"font-weight: 400;\">\n<p style=\"font-weight: 400;\"><strong>Mi t\u00f6rt\u00e9nik, ha nem siker\u00fcl szeptember v\u00e9g\u00e9ig elk\u00e9sz\u00edteni a bevall\u00e1st?<\/strong><\/p>\n<p style=\"font-weight: 400;\">\n<p style=\"font-weight: 400;\">Amennyiben a bevall\u00e1si k\u00f6telezetts\u00e9get nem teljes\u00edtik, \u00fagy az ad\u00f3hat\u00f3s\u00e1g ezt mulaszt\u00e1si b\u00edrs\u00e1g form\u00e1j\u00e1ban szankcion\u00e1lhatja, amelynek \u00f6sszege term\u00e9szetes szem\u00e9ly ad\u00f3z\u00f3 eset\u00e9ben 200.000 Ft-ig, nem term\u00e9szetes szem\u00e9ly ad\u00f3z\u00f3 eset\u00e9ben 500.000 Ft-ig is terjedhet. A b\u00edrs\u00e1gol\u00e1s el\u0151tt az ad\u00f3hat\u00f3s\u00e1g tizen\u00f6t napos hat\u00e1rid\u0151 t\u0171z\u00e9s\u00e9vel felh\u00edvhatja az ad\u00f3z\u00f3t az ad\u00f3k\u00f6telezetts\u00e9g jogszer\u0171 teljes\u00edt\u00e9s\u00e9re. Ha az ad\u00f3z\u00f3 a felh\u00edv\u00e1s ut\u00e1n marad\u00e9ktalanul teljes\u00edti a bevall\u00e1si k\u00f6telezetts\u00e9g\u00e9t, \u00fagy mentes\u00fclhet a mulaszt\u00e1si b\u00edrs\u00e1g kiszab\u00e1sa al\u00f3l.<\/p>\n<p style=\"font-weight: 400;\">\n<p style=\"font-weight: 400;\">Sz\u00e9ls\u0151s\u00e9ges esetben, ha az ad\u00f3z\u00f3 nem ny\u00fajt be ad\u00f3bevall\u00e1st, \u00fagy fenn\u00e1ll a kock\u00e1zata annak is, hogy az ad\u00f3hat\u00f3s\u00e1g fogja meg\u00e1llap\u00edtani az ad\u00f3t az esetleges szankci\u00f3kkal (ad\u00f3b\u00edrs\u00e1g \u00e9s k\u00e9sedelmi p\u00f3tl\u00e9k) egy\u00fcttesen.<\/p>\n<p style=\"font-weight: 400;\">\n<p style=\"font-weight: 400;\">\u201eEl\u0151fordulhat, hogy az ad\u00f3z\u00f3 akad\u00e1lyoztat\u00e1s vagy mulaszt\u00e1s miatt nem tud eleget tenni a szeptember 30-ig teljes\u00edtend\u0151 ad\u00f3k\u00f6telezetts\u00e9geinek. Ilyenkor az akad\u00e1lyoztat\u00e1s megsz\u0171n\u00e9s\u00e9t\u0151l vagy a mulaszt\u00e1sr\u00f3l val\u00f3 tudom\u00e1sszerz\u00e9st\u0151l sz\u00e1m\u00edtott tizen\u00f6t napon bel\u00fcl kell p\u00f3tolnia az ad\u00f3bevall\u00e1st\u201d \u2013 mondta el dr. Tak\u00e1cs Di\u00e1na, a Deloitte Legal \u00fcgyv\u00e9dje. Ebben az esetben a bevall\u00e1ssal egy\u00fctt igazol\u00e1si k\u00e9relmet kell el\u0151terjesztenie, amelyben az ad\u00f3z\u00f3nak al\u00e1 kell t\u00e1masztania, hogy az akad\u00e1lyoztat\u00e1sra vagy a mulaszt\u00e1sra \u00f6nhib\u00e1j\u00e1n k\u00edv\u00fcli okb\u00f3l ker\u00fclt sor.<\/p>\n<p style=\"font-weight: 400;\">\n<div class=\"ads-in-post1\"><div id=\"gazdasagportal.hu_fullbanner_wideboard\"><\/div>\r\n<\/div>\n<strong>Deloitte-r\u00f3l<\/strong><\/p>\n<p style=\"font-weight: 400;\">A Deloitte sz\u00e1mos ipar\u00e1gban ny\u00fajt k\u00f6nyvvizsg\u00e1lati, valamint ad\u00f3- \u00e9s egy\u00e9b tan\u00e1csad\u00e1si, tov\u00e1bb\u00e1 jogi szolg\u00e1ltat\u00e1sokat (\u00fcgyfeleinknek egy\u00fcttm\u0171k\u00f6d\u0151 \u00fcgyv\u00e9di irod\u00e1nk, a Deloitte Legal G\u00f6nd\u00f6cz \u00e9s T\u00e1rsai \u00dcgyv\u00e9di Iroda ny\u00fajtja a jogi tan\u00e1csad\u00e1si szolg\u00e1ltat\u00e1sokat) \u00e1llami \u00e9s mag\u00e1nc\u00e9gek r\u00e9sz\u00e9re egyar\u00e1nt. T\u00f6bb mint 150 orsz\u00e1gban jelen l\u00e9v\u0151 h\u00e1l\u00f3zat\u00e1n kereszt\u00fcl a Deloitte vil\u00e1gsz\u00ednvonal\u00fa szak\u00e9rtelm\u00e9vel \u00e9s min\u0151s\u00e9gi szolg\u00e1ltat\u00e1saival seg\u00edti \u00fcgyfeleit abban, hogy megfeleljenek az el\u0151tt\u00fck \u00e1ll\u00f3 \u00fczleti kih\u00edv\u00e1soknak. A Deloitte mintegy 312 000 szak\u00e9rt\u0151je egyt\u0151l egyig arra t\u00f6rekszik, hogy a kiv\u00e1l\u00f3s\u00e1g m\u00e9rc\u00e9j\u00e9v\u00e9 v\u00e1ljon.<\/p>\n<p style=\"font-weight: 400;\">A Deloitte n\u00e9v az Egyes\u00fclt Kir\u00e1lys\u00e1gban \u201ccompany limited by guarantee\u201d form\u00e1ban alap\u00edtott Deloitte Touche Tohmatsu Limited t\u00e1rsas\u00e1gra \u00e9s tagv\u00e1llalatainak h\u00e1l\u00f3zat\u00e1ra utal, melyek mindegyike \u00f6n\u00e1ll\u00f3, egym\u00e1st\u00f3l elk\u00fcl\u00f6n\u00fcl\u0151 jogi szem\u00e9ly. A Deloitte Touche Tohmatsu Limited \u00e9s tagv\u00e1llalatai jogi strukt\u00far\u00e1j\u00e1nak r\u00e9szletes bemutat\u00e1s\u00e1t a k\u00f6vetkez\u0151 link alatt tal\u00e1lja:\u00a0<a href=\"http:\/\/www.deloitte.com\/hu\/magunkrol\" data-saferedirecturl=\"https:\/\/www.google.com\/url?q=http:\/\/www.deloitte.com\/hu\/magunkrol&amp;source=gmail&amp;ust=1601369661441000&amp;usg=AFQjCNHgUMUwmuChklEPI3uhsHEcrgexbw\" target=\"_blank\" rel=\"noopener\">www.deloitte.com\/hu\/magunkrol<\/a>.<\/p>\n","protected":false},"excerpt":{"rendered":"<p>A Gazdas\u00e1gv\u00e9delmi Akci\u00f3terv keret\u00e9ben a Korm\u00e1ny 2020. szeptember 30-ra m\u00f3dos\u00edtotta egyes ad\u00f3k\u00f6telezetts\u00e9gek teljes\u00edt\u00e9s\u00e9nek hat\u00e1ridej\u00e9t. A bevezetett szab\u00e1lyokat a vesz\u00e9lyhelyzet megsz\u0171n\u00e9s\u00e9vel a Parlament m\u00f3dos\u00edt\u00e1s n\u00e9lk\u00fcl tartotta fent.<\/p>\n","protected":false},"author":1,"featured_media":93541,"comment_status":"closed","ping_status":"open","sticky":false,"template":"","format":"standard","meta":[],"categories":[146,20,19],"tags":[],"_links":{"self":[{"href":"https:\/\/gazdasagportal.hu\/index.php\/wp-json\/wp\/v2\/posts\/129989"}],"collection":[{"href":"https:\/\/gazdasagportal.hu\/index.php\/wp-json\/wp\/v2\/posts"}],"about":[{"href":"https:\/\/gazdasagportal.hu\/index.php\/wp-json\/wp\/v2\/types\/post"}],"author":[{"embeddable":true,"href":"https:\/\/gazdasagportal.hu\/index.php\/wp-json\/wp\/v2\/users\/1"}],"replies":[{"embeddable":true,"href":"https:\/\/gazdasagportal.hu\/index.php\/wp-json\/wp\/v2\/comments?post=129989"}],"version-history":[{"count":1,"href":"https:\/\/gazdasagportal.hu\/index.php\/wp-json\/wp\/v2\/posts\/129989\/revisions"}],"predecessor-version":[{"id":129990,"href":"https:\/\/gazdasagportal.hu\/index.php\/wp-json\/wp\/v2\/posts\/129989\/revisions\/129990"}],"wp:featuredmedia":[{"embeddable":true,"href":"https:\/\/gazdasagportal.hu\/index.php\/wp-json\/wp\/v2\/media\/93541"}],"wp:attachment":[{"href":"https:\/\/gazdasagportal.hu\/index.php\/wp-json\/wp\/v2\/media?parent=129989"}],"wp:term":[{"taxonomy":"category","embeddable":true,"href":"https:\/\/gazdasagportal.hu\/index.php\/wp-json\/wp\/v2\/categories?post=129989"},{"taxonomy":"post_tag","embeddable":true,"href":"https:\/\/gazdasagportal.hu\/index.php\/wp-json\/wp\/v2\/tags?post=129989"}],"curies":[{"name":"wp","href":"https:\/\/api.w.org\/{rel}","templated":true}]}}