{"id":129874,"date":"2020-09-22T19:04:20","date_gmt":"2020-09-22T17:04:20","guid":{"rendered":"http:\/\/gazdasagportal.hu\/?p=129874"},"modified":"2020-09-22T19:04:20","modified_gmt":"2020-09-22T17:04:20","slug":"tozsdezaras-a-mol-jo-teljesitmenye-huzta-az-indexet","status":"publish","type":"post","link":"https:\/\/gazdasagportal.hu\/index.php\/tozsdezaras-a-mol-jo-teljesitmenye-huzta-az-indexet\/","title":{"rendered":"T\u0151zsdez\u00e1r\u00e1s &#8211; A Mol j\u00f3 teljes\u00edtm\u00e9nye h\u00fazta az indexet"},"content":{"rendered":"<p><strong>A Budapesti \u00c9rt\u00e9kt\u0151zsde r\u00e9szv\u00e9nyindexe, a BUX 73,54 pontos, 0,23 sz\u00e1zal\u00e9kos emelked\u00e9ssel, 32 296,74 ponton z\u00e1rt kedden.<\/strong><!--more--><\/p>\n<div class=\"ads-in-post1\"><div id=\"gazdasagportal.hu_fullbanner_wideboard\"><\/div>\r\n<\/div>\n<p>    A r\u00e9szv\u00e9nypiac forgalma 14,4 milli\u00e1rd forint volt, a vezet\u0151 r\u00e9szv\u00e9nyek vegyesen teljes\u00edtettek az el\u0151z\u0151 napi z\u00e1r\u00e1shoz k\u00e9pest.<br \/>\n    T\u00f6r\u00f6k Lajos, az Equilor Befektet\u00e9si Zrt. vezet\u0151 elemz\u0151je az MTI-nek kiemelte, kedden a Budapesti \u00c9rt\u00e9kt\u0151zsde index\u00e9t a Mol j\u00f3 teljes\u00edtm\u00e9nye h\u00fazta, Eur\u00f3p\u00e1ban a r\u00e9szv\u00e9nypiaci keresked\u00e9s j\u00f3 hangulatban folyt, a tengerent\u00fali \u00e9s az eur\u00f3pai indexekhez k\u00e9pest alulteljes\u00edtett a BUX.<br \/>\n    Az OTP tov\u00e1bbra is gyeng\u00e9lkedik, 1,51 sz\u00e1zal\u00e9kos cs\u00f6kken\u00e9ssel z\u00e1rt kedden, a Richterr\u0151l \u00e9s a Magyar Telekomr\u00f3l nem \u00e9rkezett jelent\u0151sebb h\u00edr, ez\u00e9rt nem volt k\u00fcl\u00f6n\u00f6sebb mozg\u00e1s az \u00e1rfolyamaikban &#8211; tette hozz\u00e1.<br \/>\n    T\u00f6r\u00f6k Lajos kit\u00e9rt arra, a Magyar Nemzeti Bank (MNB) kedden nem v\u00e1ltoztatott a fontosabb kamatszinteken, ugyanakkor a d\u00f6nt\u00e9st k\u00f6vet\u0151 k\u00f6zlem\u00e9nyben a kor\u00e1bbin\u00e1l is hangs\u00falyosabban szerepeltett\u00e9k, hogy az infl\u00e1ci\u00f3ra nagyon figyelnek, \u00e9s ak\u00e1r kamatemel\u00e9sre is sor ker\u00fclhet, ha a j\u00f6v\u0151ben nem t\u00f6rt\u00e9nik jelent\u0151sebb elmozdul\u00e1s az infl\u00e1ci\u00f3ban.<br \/>\n    A Mol 36 forinttal, 2,25 sz\u00e1zal\u00e9kkal 1635 forintra er\u0151s\u00f6d\u00f6tt, 1,0 milli\u00e1rd forintos forgalomban.<br \/>\n    Az OTP-r\u00e9szv\u00e9nyek \u00e1ra 140 forinttal, 1,51 sz\u00e1zal\u00e9kkal 9150 forintra cs\u00f6kkent, forgalmuk 11,1 milli\u00e1rd forintot tett ki.<br \/>\n<div class=\"ads-in-post2\"><script async src=\"https:\/\/pagead2.googlesyndication.com\/pagead\/js\/adsbygoogle.js\"><\/script>\r\n<ins class=\"adsbygoogle\"\r\n     style=\"display:block\"\r\n     data-ad-format=\"fluid\"\r\n     data-ad-layout-key=\"-6t+ed+2i-1n-4w\"\r\n     data-ad-client=\"ca-pub-1959107119989764\"\r\n     data-ad-slot=\"4008251320\"><\/ins>\r\n<script>\r\n     (adsbygoogle = window.adsbygoogle || []).push({});\r\n<\/script><\/div>\n    A Magyar Telekom \u00e1rfolyama nem v\u00e1ltozott, 367 forintot \u00e9rt, forgalma 190,6 milli\u00f3 forint volt.<br \/>\n    A Richter-pap\u00edrok \u00e1rfolyama 25 forinttal, 0,39 sz\u00e1zal\u00e9kkal 6500 forintra n\u0151tt, a r\u00e9szv\u00e9nyek forgalma 1,6 milli\u00e1rd forintot \u00e9rt el.<br \/>\n    A kis \u00e9s k\u00f6zepes r\u00e9szv\u00e9nyek indexe, a BUMIX 3285,60 ponton z\u00e1rt kedden, ez 68,27 pontos, 2,12 sz\u00e1zal\u00e9kos emelked\u00e9s a h\u00e9tf\u0151i z\u00e1r\u00e1shoz viszony\u00edtva.(MTI)<\/p>\n","protected":false},"excerpt":{"rendered":"<p>A Budapesti \u00c9rt\u00e9kt\u0151zsde r\u00e9szv\u00e9nyindexe, a BUX 73,54 pontos, 0,23 sz\u00e1zal\u00e9kos emelked\u00e9ssel, 32 296,74 ponton z\u00e1rt kedden.<\/p>\n","protected":false},"author":1001006,"featured_media":0,"comment_status":"closed","ping_status":"open","sticky":false,"template":"","format":"standard","meta":[],"categories":[7],"tags":[],"_links":{"self":[{"href":"https:\/\/gazdasagportal.hu\/index.php\/wp-json\/wp\/v2\/posts\/129874"}],"collection":[{"href":"https:\/\/gazdasagportal.hu\/index.php\/wp-json\/wp\/v2\/posts"}],"about":[{"href":"https:\/\/gazdasagportal.hu\/index.php\/wp-json\/wp\/v2\/types\/post"}],"author":[{"embeddable":true,"href":"https:\/\/gazdasagportal.hu\/index.php\/wp-json\/wp\/v2\/users\/1001006"}],"replies":[{"embeddable":true,"href":"https:\/\/gazdasagportal.hu\/index.php\/wp-json\/wp\/v2\/comments?post=129874"}],"version-history":[{"count":1,"href":"https:\/\/gazdasagportal.hu\/index.php\/wp-json\/wp\/v2\/posts\/129874\/revisions"}],"predecessor-version":[{"id":129875,"href":"https:\/\/gazdasagportal.hu\/index.php\/wp-json\/wp\/v2\/posts\/129874\/revisions\/129875"}],"wp:attachment":[{"href":"https:\/\/gazdasagportal.hu\/index.php\/wp-json\/wp\/v2\/media?parent=129874"}],"wp:term":[{"taxonomy":"category","embeddable":true,"href":"https:\/\/gazdasagportal.hu\/index.php\/wp-json\/wp\/v2\/categories?post=129874"},{"taxonomy":"post_tag","embeddable":true,"href":"https:\/\/gazdasagportal.hu\/index.php\/wp-json\/wp\/v2\/tags?post=129874"}],"curies":[{"name":"wp","href":"https:\/\/api.w.org\/{rel}","templated":true}]}}