{"id":129842,"date":"2020-09-22T05:04:09","date_gmt":"2020-09-22T03:04:09","guid":{"rendered":"http:\/\/gazdasagportal.hu\/?p=129842"},"modified":"2020-09-21T22:38:00","modified_gmt":"2020-09-21T20:38:00","slug":"koronaszegyen-az-eltitkolt-betegseg-jelenti-az-uj-kihivast-a-munkaltatoknak","status":"publish","type":"post","link":"https:\/\/gazdasagportal.hu\/index.php\/koronaszegyen-az-eltitkolt-betegseg-jelenti-az-uj-kihivast-a-munkaltatoknak\/","title":{"rendered":"Koronasz\u00e9gyen: az eltitkolt betegs\u00e9g jelenti az \u00faj kih\u00edv\u00e1st a munk\u00e1ltat\u00f3knak"},"content":{"rendered":"<p><strong>H\u00e1romszor t\u00f6bben keresnek r\u00e1 a t\u00e1pp\u00e9nz, karant\u00e9n, koronav\u00edrus sz\u00f3kapcsolatokra Magyarorsz\u00e1gon most, mint a ny\u00e1r k\u00f6zep\u00e9n. Vagyis ahogy n\u0151 a hivatalos esetsz\u00e1m, \u00fagy \u00e9rdekli egyre jobban az embereket az is, hogy sz\u00e1m\u00edthatnak-e p\u00e9nzbeli ell\u00e1t\u00e1sra egy esetleges hat\u00f3s\u00e1gi int\u00e9zked\u00e9s eset\u00e9n \u2013 der\u00fcl ki az employer brandinggel \u00e9s digit\u00e1lis megold\u00e1sokkal is foglalkoz\u00f3 Avantgarde Group kommunik\u00e1ci\u00f3s tan\u00e1csad\u00f3 c\u00e9g elemz\u00e9s\u00e9b\u0151l. A t\u00fcnetek, vagy bizony\u00edtottan koronav\u00edrusos beteggel val\u00f3 \u00e9rintkez\u00e9s eltitkol\u00e1s\u00e1t nemcsak a j\u00f6vedelem esetleges elveszt\u00e9se miatti szorong\u00e1s gerjeszti, hanem a rag\u00e1lyos betegs\u00e9gekt\u0151l val\u00f3 \u0151si f\u00e9lelem, \u00e9s az arra adott kirekeszt\u0151 reakci\u00f3 is t\u00e1pl\u00e1lja.<\/strong><!--more--><\/p>\n<div class=\"ads-in-post1\"><div id=\"gazdasagportal.hu_fullbanner_wideboard\"><\/div>\r\n<\/div>\n<p>Corona-shaming, magyarul \u201ekoronasz\u00e9gyen\u201d \u2013 ezzel az \u00faj kifejez\u00e9ssel kell megismerkedni\u00fck a munk\u00e1ltat\u00f3knak a j\u00e1rv\u00e1ny m\u00e1sodik, \u0151szi hull\u00e1ma kapcs\u00e1n. Megb\u00e9lyegz\u00e9st\u0151l f\u00e9lhetnek ugyanis azok, akik elkapj\u00e1k a betegs\u00e9get \u00e9s esetleg munkat\u00e1rsaikat is megfert\u0151zik. Ehhez szorosan kapcsol\u00f3dnak azok a bizonytalans\u00e1gok, amit egy hat\u00f3s\u00e1gi karant\u00e9n okozhat, hiszen a v\u00e9dekez\u00e9s \u00e9rdek\u00e9ben elk\u00fcl\u00f6n\u00edt\u00e9sre k\u00f6telezhetnek valakit \u00fagy is, hogy nem mutat t\u00fcneteket, \u00e9s nem biztos, hogy erre az id\u0151szakra j\u00e1r neki fizet\u00e9s vagy t\u00e1rsadalombiztos\u00edt\u00e1si ell\u00e1t\u00e1s. \u00cdgy ak\u00e1r b\u0171nbakk\u00e1 is v\u00e1lhat valaki egy munkahelyen, ha kider\u00fcl, hogy fert\u0151z\u00f6tt \u00e9s emiatt koll\u00e9g\u00e1it is karant\u00e9nra k\u00f6telezik.<\/p>\n<p>Mindez oda vezethet, hogy ha valakinek enyhe t\u00fcnetei vannak, vagy fert\u0151z\u00f6tt szem\u00e9llyel tal\u00e1lkozott, ink\u00e1bb eltitkolja, ak\u00e1r sz\u00e9gyen\u00e9rzete is t\u00e1madhat.<\/p><div id=\"gazda-3204791374\" class=\"gazda-tartalomban gazda-entity-placement\"><script async src=\"https:\/\/pagead2.googlesyndication.com\/pagead\/js\/adsbygoogle.js\"><\/script>\r\n<ins class=\"adsbygoogle\"\r\n     style=\"display:block\"\r\n     data-ad-format=\"fluid\"\r\n     data-ad-layout-key=\"-6t+ed+2i-1n-4w\"\r\n     data-ad-client=\"ca-pub-1959107119989764\"\r\n     data-ad-slot=\"4008251320\"><\/ins>\r\n<script>\r\n     (adsbygoogle = window.adsbygoogle || []).push({});\r\n<\/script><\/div>\n<p><em>\u201eA tavaszi kij\u00e1r\u00e1si korl\u00e1toz\u00e1sok idej\u00e9n a munk\u00e1ltat\u00f3k legink\u00e1bb azt kommunik\u00e1lt\u00e1k, hogy sz\u00e1mukra dolgoz\u00f3ik eg\u00e9szs\u00e9ge a legfontosabb, ami val\u00f3ban felel\u0151s megk\u00f6zel\u00edt\u00e9st mutat, de mostanra t\u00falhaszn\u00e1lt\u00e1k, ki\u00fcresedett. Ehelyett sokkal ink\u00e1bb annak meger\u0151s\u00edt\u00e9s\u00e9re van sz\u00fcks\u00e9g, hogy a munk\u00e1ltat\u00f3 milyen int\u00e9zked\u00e9sekkel \u2013 otthoni munkav\u00e9gz\u00e9s lehet\u0151s\u00e9ge, ingyenes tesztel\u00e9s, szabads\u00e1g \u00e1t\u00fctemez\u00e9se \u2013 seg\u00edti dolgoz\u00f3it, ha neh\u00e9z helyzetbe ker\u00fclnek. Ennek vil\u00e1gos kommunik\u00e1ci\u00f3ja befel\u00e9 \u00e9s kifel\u00e9 hossz\u00fa t\u00e1von biztosan megt\u00e9r\u00fcl\u201d \u2013 <\/em>magyar\u00e1zta Tengelits Andr\u00e1s az Avantgarde Group PR igazgat\u00f3ja.<\/p>\n<div class=\"ads-in-post2\"><script async src=\"https:\/\/pagead2.googlesyndication.com\/pagead\/js\/adsbygoogle.js\"><\/script>\r\n<ins class=\"adsbygoogle\"\r\n     style=\"display:block\"\r\n     data-ad-format=\"fluid\"\r\n     data-ad-layout-key=\"-6t+ed+2i-1n-4w\"\r\n     data-ad-client=\"ca-pub-1959107119989764\"\r\n     data-ad-slot=\"4008251320\"><\/ins>\r\n<script>\r\n     (adsbygoogle = window.adsbygoogle || []).push({});\r\n<\/script><\/div>\nA kommunik\u00e1ci\u00f3s tan\u00e1csad\u00f3 c\u00e9g vizsg\u00e1lat\u00e1b\u00f3l kider\u00fcl az is, hogy a tavaszi kij\u00e1r\u00e1si korl\u00e1toz\u00e1sok idej\u00e9n \u00e1tlagosan naponta 500 k\u00fcl\u00f6nb\u00f6z\u0151 t\u00e9m\u00e1j\u00fa h\u00edr jelent meg koronav\u00edrus kapcs\u00e1n, \u00e9s az \u00f6t legt\u00f6bbet eml\u00edtett ter\u00fclet k\u00f6z\u00f6tt szerepelt, hogy az egyes v\u00e1llalatok, szervezetek hogyan reag\u00e1ltak a koronav\u00edrus-j\u00e1rv\u00e1ny okozta kih\u00edv\u00e1sokra. Az \u00fcgyn\u00f6ks\u00e9g a sz\u00e1mszer\u0171 statisztika mellett min\u0151s\u00e9gi elemz\u00e9st is v\u00e9gzett. Ennek alapj\u00e1n a c\u00e9gek az eg\u00e9szs\u00e9g meg\u0151rz\u00e9s\u00e9vel, a biztons\u00e1gos munkak\u00f6rnyezettel, illetve a munkahelyek megtart\u00e1s\u00e1val kapcsolatos \u00fczeneteket emelt\u00e9k ki legink\u00e1bb.<\/p>\n<p><em>\u201eHat\u00e1rozottan emelkedik a karant\u00e9n-t\u00e1pp\u00e9nz sz\u00f3kapcsolatra, a betegszabads\u00e1gra, s\u0151t a munkaviszony megsz\u0171n\u00e9s\u00e9re, felmond\u00e1sra r\u00e1keres\u0151k sz\u00e1ma. Egy olyan helyzetben, amikor egy t\u00fcsszent\u00e9s miatt is gyan\u00fasan n\u00e9z\u00fcnk a m\u00e1sikra, a dolgoz\u00f3k f\u00e9lelmeinek lek\u00fczd\u00e9s\u00e9t \u0151szinte, ny\u00edlt kommunik\u00e1ci\u00f3val legal\u00e1bb annyira indokolt a j\u00e1rv\u00e1ny \u0151szi hull\u00e1m\u00e1ban is kezelni, mint id\u00e9n tavasszal\u201d <\/em>\u2013 tette hozz\u00e1 Tengelits Andr\u00e1s.<\/p>\n<div class=\"ads-in-post2\"><script async src=\"https:\/\/pagead2.googlesyndication.com\/pagead\/js\/adsbygoogle.js\"><\/script>\r\n<ins class=\"adsbygoogle\"\r\n     style=\"display:block\"\r\n     data-ad-format=\"fluid\"\r\n     data-ad-layout-key=\"-6t+ed+2i-1n-4w\"\r\n     data-ad-client=\"ca-pub-1959107119989764\"\r\n     data-ad-slot=\"4008251320\"><\/ins>\r\n<script>\r\n     (adsbygoogle = window.adsbygoogle || []).push({});\r\n<\/script><\/div>\nFigyelmeztet\u0151 jelz\u00e9s a munk\u00e1ltat\u00f3k sz\u00e1m\u00e1ra az is, hogy megfordult a keres\u00e9si trend a felmond\u00e1sokkal kapcsolatban. M\u00edg tavasszal a munk\u00e1ltat\u00f3 \u00e1ltali felmond\u00e1sra kerestek r\u00e1 t\u00f6bben, most \u00e9ppen ford\u00edtva: a munkav\u00e1llal\u00f3i felmond\u00e1ssal kapcsolatos keres\u00e9sek sz\u00e1ma ugrott meg, a m\u00e1rciusihoz k\u00e9pest szeptemberben eddig a m\u00e1sf\u00e9lszeres\u00e9re. Sz\u00e1molniuk kell teh\u00e1t a v\u00e1llalkoz\u00e1soknak azzal, hogy a j\u00e1rv\u00e1ny miatti bev\u00e9telkies\u00e9st p\u00f3tolni, megrendel\u00e9seiket teljes\u00edteni csak akkor tudj\u00e1k, ha a betegs\u00e9g, a k\u00f6telez\u0151 karant\u00e9n miatti hi\u00e1nyz\u00e1sok kezel\u00e9se mellett id\u0151ben megel\u0151znek egy k\u00e9s\u0151bbi felmond\u00e1si hull\u00e1mot.<\/p>\n<p>&nbsp;<\/p>\n<p><strong>Az Avantgarde Group-r\u00f3l<\/strong><\/p>\n<p>Az Avantgarde Group a magyar kommunik\u00e1ci\u00f3s piac egyik meghat\u00e1roz\u00f3 szerepl\u0151je k\u00f6zel 20 \u00e9ve. Tan\u00e1csad\u00f3i tev\u00e9kenys\u00e9ge a klasszikus v\u00e1llalati-szervezeti kommunik\u00e1ci\u00f3s megold\u00e1sokon t\u00fal kiterjed a digit\u00e1lis \u00e9s k\u00f6z\u00f6ss\u00e9gi m\u00e9dia menedzsmentre, professzion\u00e1lis vide\u00f3gy\u00e1rt\u00e1si \u00e9s grafikai kreat\u00edvokra, rendezv\u00e9nyszervez\u00e9sre, m\u00e9diatr\u00e9ningekre. A c\u00e9gcsoport magyar dolgoz\u00f3i tulajdonban van \u00e9s tagja a f\u00fcggetlen kommunik\u00e1ci\u00f3s \u00fcgyn\u00f6ks\u00e9gek legnagyobb glob\u00e1lis h\u00e1l\u00f3zat\u00e1nak, a PROI Worldwide-nak<\/p>\n","protected":false},"excerpt":{"rendered":"<p>H\u00e1romszor t\u00f6bben keresnek r\u00e1 a t\u00e1pp\u00e9nz, karant\u00e9n, koronav\u00edrus sz\u00f3kapcsolatokra Magyarorsz\u00e1gon most, mint a ny\u00e1r k\u00f6zep\u00e9n. Vagyis ahogy n\u0151 a hivatalos esetsz\u00e1m, \u00fagy \u00e9rdekli egyre jobban az embereket az is, hogy sz\u00e1m\u00edthatnak-e p\u00e9nzbeli ell\u00e1t\u00e1sra egy esetleges hat\u00f3s\u00e1gi int\u00e9zked\u00e9s eset\u00e9n \u2013 der\u00fcl ki az employer brandinggel \u00e9s digit\u00e1lis megold\u00e1sokkal is foglalkoz\u00f3 Avantgarde Group kommunik\u00e1ci\u00f3s tan\u00e1csad\u00f3 c\u00e9g elemz\u00e9s\u00e9b\u0151l. &#8230;<\/p>\n","protected":false},"author":1001006,"featured_media":123871,"comment_status":"closed","ping_status":"open","sticky":false,"template":"","format":"standard","meta":[],"categories":[146,4,19,427],"tags":[],"_links":{"self":[{"href":"https:\/\/gazdasagportal.hu\/index.php\/wp-json\/wp\/v2\/posts\/129842"}],"collection":[{"href":"https:\/\/gazdasagportal.hu\/index.php\/wp-json\/wp\/v2\/posts"}],"about":[{"href":"https:\/\/gazdasagportal.hu\/index.php\/wp-json\/wp\/v2\/types\/post"}],"author":[{"embeddable":true,"href":"https:\/\/gazdasagportal.hu\/index.php\/wp-json\/wp\/v2\/users\/1001006"}],"replies":[{"embeddable":true,"href":"https:\/\/gazdasagportal.hu\/index.php\/wp-json\/wp\/v2\/comments?post=129842"}],"version-history":[{"count":1,"href":"https:\/\/gazdasagportal.hu\/index.php\/wp-json\/wp\/v2\/posts\/129842\/revisions"}],"predecessor-version":[{"id":129843,"href":"https:\/\/gazdasagportal.hu\/index.php\/wp-json\/wp\/v2\/posts\/129842\/revisions\/129843"}],"wp:featuredmedia":[{"embeddable":true,"href":"https:\/\/gazdasagportal.hu\/index.php\/wp-json\/wp\/v2\/media\/123871"}],"wp:attachment":[{"href":"https:\/\/gazdasagportal.hu\/index.php\/wp-json\/wp\/v2\/media?parent=129842"}],"wp:term":[{"taxonomy":"category","embeddable":true,"href":"https:\/\/gazdasagportal.hu\/index.php\/wp-json\/wp\/v2\/categories?post=129842"},{"taxonomy":"post_tag","embeddable":true,"href":"https:\/\/gazdasagportal.hu\/index.php\/wp-json\/wp\/v2\/tags?post=129842"}],"curies":[{"name":"wp","href":"https:\/\/api.w.org\/{rel}","templated":true}]}}