{"id":12979,"date":"2013-08-03T20:23:52","date_gmt":"2013-08-03T18:23:52","guid":{"rendered":"http:\/\/stockportal.hu\/?p=12979"},"modified":"2013-08-03T20:24:57","modified_gmt":"2013-08-03T18:24:57","slug":"az-inas-szakszervezet-tamogatja-a-targyalasok-megkezdeset-a-mollal","status":"publish","type":"post","link":"https:\/\/gazdasagportal.hu\/index.php\/az-inas-szakszervezet-tamogatja-a-targyalasok-megkezdeset-a-mollal\/","title":{"rendered":"Az INAS szakszervezet t\u00e1mogatja a t\u00e1rgyal\u00e1sok megkezd\u00e9s\u00e9t a Mollal"},"content":{"rendered":"<p><strong>T\u00e1mogatja a t\u00e1rgyal\u00e1sok megkezd\u00e9s\u00e9t a Mollal az INA horv\u00e1t olaj- \u00e9s g\u00e1zipari v\u00e1llalat egyik szakszervezete, az INAS &#8211; adta h\u00edr\u00fcl p\u00e9nteken a horv\u00e1t k\u00f6zszolg\u00e1lati r\u00e1di\u00f3-telev\u00edzi\u00f3 (HRT).<!--more--><\/strong><\/p>\n<p>Az INAS \u00e9s az INA veter\u00e1negyes\u00fcletei t\u00e1mogatj\u00e1k a horv\u00e1t korm\u00e1ny \u00e9s a Mol k\u00f6z\u00f6tti t\u00e1rgyal\u00e1sok megkezd\u00e9s\u00e9t, \u00e9s \u00fcdv\u00f6zlik, hogy a z\u00e1gr\u00e1bi korm\u00e1ny v\u00e9gre &#8222;felfogta, hogy az INA-ban riaszt\u00f3 a helyzet&#8221; &#8211; jelentette honlapj\u00e1n a HRT a szakszervezet k\u00f6zlem\u00e9ny\u00e9re hivatkozva.<br \/>\nA szakszervezet &#8222;szoci\u00e1lis p\u00e1rbesz\u00e9det&#8221; s\u00fcrget a dolgoz\u00f3k jogair\u00f3l a v\u00e1llalat vezet\u0151s\u00e9g\u00e9vel. Elfogadhatatlannak tartja tov\u00e1bb\u00e1, hogy a sziszeki (Sisak) olajfinom\u00edt\u00f3 &#8222;Magyarorsz\u00e1gr\u00f3l sz\u00e1rmaz\u00f3 term\u00e9kek rakt\u00e1r\u00e1v\u00e1 v\u00e1lik&#8221;, val\u00f3s lehet\u0151s\u00e9geihez k\u00e9pest n\u00e9gyszer kevesebbet termel.<br \/>\nMaja Rilovic szakszervezeti vezet\u0151 \u00faj g\u00e1z- \u00e9s k\u0151olajmez\u0151-beruh\u00e1z\u00e1sokat s\u00fcrget a k\u00f6zlem\u00e9nyben, miel\u0151tt m\u00e9g az &#8222;\u0151sr\u00e9gi lel\u0151helyek utols\u00f3 k\u0151olaj- \u00e9s g\u00e1zcseppje is kimer\u00fclne&#8221;.<br \/>\nA szakszervezet ism\u00e9t felh\u00edvja a figyelmet a benzinkutak kiszervez\u00e9s\u00e9t c\u00e9lz\u00f3 v\u00e1llalati projektre, amely szerinte teret nyit a b\u00e9rek \u00e9s a dolgoz\u00f3i jogok &#8222;drasztikus cs\u00f6kkent\u00e9s\u00e9nek \u00e9s tov\u00e1bbi elbocs\u00e1t\u00e1soknak&#8221;, valamint hossz\u00fa t\u00e1von &#8222;a kiskereskedelem lepusztul\u00e1s\u00e1hoz&#8221; vezet &#8211; der\u00fcl ki a HRT jelent\u00e9s\u00e9b\u0151l.<br \/>\nAz INAS m\u00e1r t\u00f6bb alkalommal tiltakozott a Mol \u00e9rdekeit szerinte el\u0151t\u00e9rbe helyez\u0151 v\u00e1llalatir\u00e1ny\u00edt\u00e1s ellen. Legut\u00f3bb j\u00falius k\u00f6zep\u00e9n szervezett t\u00fcntet\u00e9st Z\u00e1gr\u00e1bban a kiskereskedelmi \u00e1gazat kiszervez\u00e9se ellen tiltakozva, valamint a z\u00e1gr\u00e1bi kabinet \u00e9s a Mol t\u00e1rgyal\u00e1s\u00e1t s\u00fcrgetve.<br \/>\nAz INA egy hasonl\u00f3 tiltakoz\u00f3 akci\u00f3ra reag\u00e1lva kor\u00e1bban kifejtette: a v\u00e1llalat kiskereskedelmi modelltervezete \u00e9vtizedek \u00f3ta bevett gyakorlat az olajiparban, \u00e9s nagyon sikeresnek bizonyult t\u00f6bb eur\u00f3pai olajv\u00e1llalatn\u00e1l is. Hangs\u00falyozta: a modell hozz\u00e1j\u00e1rul a versenyk\u00e9pess\u00e9g n\u00f6vel\u00e9s\u00e9hez, mivel ez\u00e1ltal hossz\u00fa t\u00e1von fenntarthat\u00f3 az \u00fczlet\u00e1g. Tudatta: a p\u00e1ly\u00e1zati ki\u00edr\u00e1sra sokan jelentkeztek, ami bizony\u00edtja, hogy a j\u00f6vend\u0151 v\u00e1llalkoz\u00f3k felismert\u00e9k a lehet\u0151s\u00e9get az INA akci\u00f3j\u00e1ban.<br \/>\nA z\u00e1gr\u00e1bi korm\u00e1ny cs\u00fct\u00f6rt\u00f6k\u00f6n nevezte ki annak a deleg\u00e1ci\u00f3nak a tagjait, amely az INA f\u0151r\u00e9szv\u00e9nyes\u00e9vel, a Mol Nyrt.-vel t\u00e1rgyal majd a r\u00e9szv\u00e9nyesi meg\u00e1llapod\u00e1sr\u00f3l.<br \/>\nA Mol az INA legnagyobb r\u00e9szv\u00e9nyese 49,08 sz\u00e1zal\u00e9kos tulajdonr\u00e9sszel. A horv\u00e1t \u00e1llam 44,84 sz\u00e1zal\u00e9kos r\u00e9szv\u00e9nytulajdonnal rendelkezik. A felek k\u00f6z\u00f6tt a v\u00e1llalatir\u00e1ny\u00edt\u00e1si k\u00e9rd\u00e9sekben vallott elt\u00e9r\u0151 n\u00e9zetek miatt fesz\u00fclt a viszony az ut\u00f3bbi id\u0151ben.(MTI)<\/p>\n","protected":false},"excerpt":{"rendered":"<p>T\u00e1mogatja a t\u00e1rgyal\u00e1sok megkezd\u00e9s\u00e9t a Mollal az INA horv\u00e1t olaj- \u00e9s g\u00e1zipari v\u00e1llalat egyik szakszervezete, az INAS &#8211; adta h\u00edr\u00fcl p\u00e9nteken a horv\u00e1t k\u00f6zszolg\u00e1lati r\u00e1di\u00f3-telev\u00edzi\u00f3 (HRT).<\/p>\n","protected":false},"author":1,"featured_media":0,"comment_status":"open","ping_status":"closed","sticky":false,"template":"","format":"standard","meta":[],"categories":[19],"tags":[],"_links":{"self":[{"href":"https:\/\/gazdasagportal.hu\/index.php\/wp-json\/wp\/v2\/posts\/12979"}],"collection":[{"href":"https:\/\/gazdasagportal.hu\/index.php\/wp-json\/wp\/v2\/posts"}],"about":[{"href":"https:\/\/gazdasagportal.hu\/index.php\/wp-json\/wp\/v2\/types\/post"}],"author":[{"embeddable":true,"href":"https:\/\/gazdasagportal.hu\/index.php\/wp-json\/wp\/v2\/users\/1"}],"replies":[{"embeddable":true,"href":"https:\/\/gazdasagportal.hu\/index.php\/wp-json\/wp\/v2\/comments?post=12979"}],"version-history":[{"count":2,"href":"https:\/\/gazdasagportal.hu\/index.php\/wp-json\/wp\/v2\/posts\/12979\/revisions"}],"predecessor-version":[{"id":12997,"href":"https:\/\/gazdasagportal.hu\/index.php\/wp-json\/wp\/v2\/posts\/12979\/revisions\/12997"}],"wp:attachment":[{"href":"https:\/\/gazdasagportal.hu\/index.php\/wp-json\/wp\/v2\/media?parent=12979"}],"wp:term":[{"taxonomy":"category","embeddable":true,"href":"https:\/\/gazdasagportal.hu\/index.php\/wp-json\/wp\/v2\/categories?post=12979"},{"taxonomy":"post_tag","embeddable":true,"href":"https:\/\/gazdasagportal.hu\/index.php\/wp-json\/wp\/v2\/tags?post=12979"}],"curies":[{"name":"wp","href":"https:\/\/api.w.org\/{rel}","templated":true}]}}