{"id":129784,"date":"2020-09-19T09:39:42","date_gmt":"2020-09-19T07:39:42","guid":{"rendered":"http:\/\/gazdasagportal.hu\/?p=129784"},"modified":"2020-09-19T09:39:42","modified_gmt":"2020-09-19T07:39:42","slug":"hatan-meghaltak-809-cel-nott-a-fertozottek-szama","status":"publish","type":"post","link":"https:\/\/gazdasagportal.hu\/index.php\/hatan-meghaltak-809-cel-nott-a-fertozottek-szama\/","title":{"rendered":"Hatan meghaltak, 809-cel n\u0151tt a fert\u0151z\u00f6ttek sz\u00e1ma"},"content":{"rendered":"<p><strong>Elhunyt hat kr\u00f3nikus beteg, \u00e9s \u00fajabb 809 magyar \u00e1llampolg\u00e1rn\u00e1l mutatt\u00e1k ki a koronav\u00edrus-fert\u0151z\u00e9st &#8211; k\u00f6z\u00f6lte a koronavirus.gov.hu szombaton.<\/strong><!--more--><\/p>\n<div class=\"ads-in-post1\"><div id=\"gazdasagportal.hu_fullbanner_wideboard\"><\/div>\r\n<\/div>\n<p>    A korm\u00e1nyzati port\u00e1lon azt \u00edrt\u00e1k: 16 920-ra n\u0151tt a Magyarorsz\u00e1gon beazonos\u00edtott fert\u0151z\u00f6ttek sz\u00e1ma. Az elhunytak sz\u00e1ma 675-re emelkedett, 4382-en m\u00e1r meggy\u00f3gyultak.<br \/>\n    Az akt\u00edv fert\u0151z\u00f6ttek sz\u00e1ma 11 863. Az akt\u00edv fert\u0151z\u00f6ttek 41 sz\u00e1zal\u00e9ka, az elhunytak 58 sz\u00e1zal\u00e9ka, a gy\u00f3gyultak 40 sz\u00e1zal\u00e9ka budapesti.<br \/>\n    K\u00f3rh\u00e1zban 386 koronav\u00edrusos beteget \u00e1polnak, k\u00f6z\u00fcl\u00fck 30-an vannak l\u00e9legeztet\u0151g\u00e9pen. Hat\u00f3s\u00e1gi h\u00e1zi karant\u00e9nban 28 527-en vannak, a mintav\u00e9telek sz\u00e1ma 604 122.<br \/>\n    Kiemelt\u00e9k, ahogy az \u00faj fert\u0151z\u00e9sek adatai is figyelmeztetnek, a j\u00e1rv\u00e1ny m\u00e1sodik hull\u00e1ma tart Magyarorsz\u00e1gon, a v\u00edrus m\u00e1r k\u00f6z\u00f6ss\u00e9gben terjed. A korm\u00e1ny c\u00e9lja, hogy az orsz\u00e1g m\u0171k\u00f6d\u0151k\u00e9pess\u00e9g\u00e9t megtartsa, \u00e9s ne hagyja, hogy a v\u00edrus megb\u00e9n\u00edtsa a mindennapokat, ez\u00e9rt a m\u00e1r \u00e9rv\u00e9nyben l\u00e9v\u0151 \u00e9s k\u00f6nnyen betarthat\u00f3 \u00e1ltal\u00e1nos szab\u00e1lyoknak most m\u00e9g nagyobb a jelent\u0151s\u00e9ge.<br \/>\n<div class=\"ads-in-post2\"><script async src=\"https:\/\/pagead2.googlesyndication.com\/pagead\/js\/adsbygoogle.js\"><\/script>\r\n<ins class=\"adsbygoogle\"\r\n     style=\"display:block\"\r\n     data-ad-format=\"fluid\"\r\n     data-ad-layout-key=\"-6t+ed+2i-1n-4w\"\r\n     data-ad-client=\"ca-pub-1959107119989764\"\r\n     data-ad-slot=\"4008251320\"><\/ins>\r\n<script>\r\n     (adsbygoogle = window.adsbygoogle || []).push({});\r\n<\/script><\/div>\n    A korm\u00e1ny szerdai \u00fcl\u00e9s\u00e9n a beutaz\u00e1si korl\u00e1toz\u00e1sok fenntart\u00e1s\u00e1r\u00f3l \u00e9s \u00fajabb szigor\u00edt\u00e1sokr\u00f3l d\u00f6nt\u00f6tt.<br \/>\n    Ezeknek \u00e9rtelm\u00e9ben k\u00f6telez\u0151 az \u00fczletek \u00e9s a t\u00f6megk\u00f6zleked\u00e9si eszk\u00f6z\u00f6k mellett a mozikban, sz\u00ednh\u00e1zakban, eg\u00e9szs\u00e9g\u00fcgyi, szoci\u00e1lis int\u00e9zm\u00e9nyekben \u00e9s \u00fcgyf\u00e9lfogad\u00e1si irod\u00e1kban is a maszk haszn\u00e1lata, valamint 23 \u00f3ta ut\u00e1n be kell z\u00e1rni a sz\u00f3rakoz\u00f3helyeket &#8211; tudatt\u00e1k.<br \/>\n    A k\u00f6z\u00f6ss\u00e9gi v\u00edrusterjed\u00e9s megf\u00e9kez\u00e9s\u00e9\u00e9rt tov\u00e1bbra is ker\u00fclni kell azokat a helyeket, ahol z\u00e1rt t\u00e9rben sokan vannak, lehet\u0151leg tartani kell a szoci\u00e1lis t\u00e1vols\u00e1got, gyakran \u00e9s alaposan kezet kell mosni.<br \/>\n    A k\u00fclf\u00f6ldi tart\u00f3zkod\u00e1s vagy egy\u00e9b ok miatt elrendelt hat\u00f3s\u00e1gi h\u00e1zi karant\u00e9nt szigor\u00faan be kell tartani.<br \/>\n    Akinek t\u00fcnetei vannak, ne menjen k\u00f6z\u00f6ss\u00e9gbe, maradjon otthon \u00e9s telefonon \u00e9rtes\u00edtse h\u00e1ziorvos\u00e1t! &#8211; k\u00e9rik. Az iskol\u00e1kba okt\u00f3bert\u0151l a tan\u00e1rok \u00e9s a di\u00e1kok csak testh\u0151m\u00e9rs\u00e9klet-m\u00e9r\u00e9s ut\u00e1n l\u00e9phetnek be. Kiemelten fontos az id\u0151sek \u00e9s kr\u00f3nikus betegek v\u00e9delme.<br \/>\n<div class=\"ads-in-post2\"><script async src=\"https:\/\/pagead2.googlesyndication.com\/pagead\/js\/adsbygoogle.js\"><\/script>\r\n<ins class=\"adsbygoogle\"\r\n     style=\"display:block\"\r\n     data-ad-format=\"fluid\"\r\n     data-ad-layout-key=\"-6t+ed+2i-1n-4w\"\r\n     data-ad-client=\"ca-pub-1959107119989764\"\r\n     data-ad-slot=\"4008251320\"><\/ins>\r\n<script>\r\n     (adsbygoogle = window.adsbygoogle || []).push({});\r\n<\/script><\/div>\n    Az id\u0151seket is k\u00e9rik, hogy fokozottan figyeljenek magukra \u00e9s az \u00e1ltal\u00e1nos \u00f3vint\u00e9zked\u00e9sek betart\u00e1s\u00e1ra. A k\u00f3rh\u00e1zakban \u00e9s az id\u0151sotthonokban l\u00e1togat\u00e1si tilalom van \u00e9rv\u00e9nyben. Az id\u0151sotthonok fenntart\u00f3inak pedig mindent meg kell tenni\u00fck a fert\u0151z\u00e9sek elker\u00fcl\u00e9s\u00e9\u00e9rt &#8211; \u00e1ll a k\u00f6zlem\u00e9nyben.<br \/>\n    Az oldal t\u00e9rk\u00e9pe alapj\u00e1n eddig Budapesten (7059) \u00e9s Pest megy\u00e9ben (2296) regisztr\u00e1lt\u00e1k a legt\u00f6bb fert\u0151z\u00f6ttet. Ezt k\u00f6veti Fej\u00e9r (850), Gy\u0151r-Moson-Sopron (664), Hajd\u00fa-Bihar (648) \u00e9s Csongr\u00e1d-Csan\u00e1d megye (637). A fert\u0151z\u00e9sben legkev\u00e9sb\u00e9 \u00e9rintett megye B\u00e9k\u00e9s (118).(MTI)<\/p>\n","protected":false},"excerpt":{"rendered":"<p>Elhunyt hat kr\u00f3nikus beteg, \u00e9s \u00fajabb 809 magyar \u00e1llampolg\u00e1rn\u00e1l mutatt\u00e1k ki a koronav\u00edrus-fert\u0151z\u00e9st &#8211; k\u00f6z\u00f6lte a koronavirus.gov.hu szombaton.<\/p>\n","protected":false},"author":1001006,"featured_media":0,"comment_status":"closed","ping_status":"open","sticky":false,"template":"","format":"standard","meta":[],"categories":[4,427],"tags":[],"_links":{"self":[{"href":"https:\/\/gazdasagportal.hu\/index.php\/wp-json\/wp\/v2\/posts\/129784"}],"collection":[{"href":"https:\/\/gazdasagportal.hu\/index.php\/wp-json\/wp\/v2\/posts"}],"about":[{"href":"https:\/\/gazdasagportal.hu\/index.php\/wp-json\/wp\/v2\/types\/post"}],"author":[{"embeddable":true,"href":"https:\/\/gazdasagportal.hu\/index.php\/wp-json\/wp\/v2\/users\/1001006"}],"replies":[{"embeddable":true,"href":"https:\/\/gazdasagportal.hu\/index.php\/wp-json\/wp\/v2\/comments?post=129784"}],"version-history":[{"count":1,"href":"https:\/\/gazdasagportal.hu\/index.php\/wp-json\/wp\/v2\/posts\/129784\/revisions"}],"predecessor-version":[{"id":129785,"href":"https:\/\/gazdasagportal.hu\/index.php\/wp-json\/wp\/v2\/posts\/129784\/revisions\/129785"}],"wp:attachment":[{"href":"https:\/\/gazdasagportal.hu\/index.php\/wp-json\/wp\/v2\/media?parent=129784"}],"wp:term":[{"taxonomy":"category","embeddable":true,"href":"https:\/\/gazdasagportal.hu\/index.php\/wp-json\/wp\/v2\/categories?post=129784"},{"taxonomy":"post_tag","embeddable":true,"href":"https:\/\/gazdasagportal.hu\/index.php\/wp-json\/wp\/v2\/tags?post=129784"}],"curies":[{"name":"wp","href":"https:\/\/api.w.org\/{rel}","templated":true}]}}