{"id":129779,"date":"2020-09-19T05:04:38","date_gmt":"2020-09-19T03:04:38","guid":{"rendered":"http:\/\/gazdasagportal.hu\/?p=129779"},"modified":"2020-09-18T21:31:13","modified_gmt":"2020-09-18T19:31:13","slug":"tovabb-romlik-a-jarvanyhelyzet-csehorszagban","status":"publish","type":"post","link":"https:\/\/gazdasagportal.hu\/index.php\/tovabb-romlik-a-jarvanyhelyzet-csehorszagban\/","title":{"rendered":"Tov\u00e1bb romlik a j\u00e1rv\u00e1nyhelyzet Csehorsz\u00e1gban"},"content":{"rendered":"<p><strong>Tov\u00e1bb romlik a j\u00e1rv\u00e1nyhelyzet Csehorsz\u00e1gban \u00e9s meredeken n\u0151 a koronav\u00edrus-fert\u0151z\u00f6ttek napi sz\u00e1ma.<\/strong><!--more--><\/p>\n<div class=\"ads-in-post1\"><div id=\"gazdasagportal.hu_fullbanner_wideboard\"><\/div>\r\n<\/div>\n<p>    A laborat\u00f3riumi vizsg\u00e1latok cs\u00fct\u00f6rt\u00f6k\u00f6n 3130 szem\u00e9lyn\u00e9l mutatt\u00e1k ki a fert\u0151z\u00e9st, a napi fert\u0151z\u00e9sek sz\u00e1ma \u00edgy els\u0151 \u00edzben m\u00e1r a h\u00e1romezret is meghaladta. A napi n\u00f6vekm\u00e9ny cs\u00fct\u00f6rt\u00f6k\u00f6n t\u00fall\u00e9pte az ezret.<br \/>\n    Az eg\u00e9szs\u00e9g\u00fcgyi miniszt\u00e9rium p\u00e9ntek reggeli kimutat\u00e1sa szerint az akt\u00edv fert\u0151z\u00f6ttek sz\u00e1ma jelenleg 20 281, ami szint\u00e9n \u00faj rekordot jelent.<br \/>\n    A j\u00e1rv\u00e1ny m\u00e1rcius elsejei kirobban\u00e1sa \u00f3ta Csehorsz\u00e1gban 44 155-en fert\u0151z\u0151dtek meg, csaknem a h\u00e1rom\u00f6t\u00f6d\u00fck m\u00e1r kigy\u00f3gyult a betegs\u00e9g\u00e9b\u0151l.<br \/>\n    B\u00e1r a betegs\u00e9g lefoly\u00e1sa az esetek d\u00f6nt\u0151 t\u00f6bbs\u00e9g\u00e9ben enyhe, gyorsan emelkedik a k\u00f3rh\u00e1zi kezel\u00e9sre szorul\u00f3k \u00e9s a s\u00falyos \u00e1llapotban l\u00e9v\u0151k sz\u00e1ma is. Cs\u00fct\u00f6rt\u00f6k\u00f6n 413 beteg volt k\u00f3rh\u00e1zban, k\u00f6z\u00fcl\u00fck 91 \u00e1llapot\u00e1t s\u00falyosnak min\u0151s\u00edtett\u00e9k az orvosok. Ezek a betegek l\u00e9legeztet\u0151g\u00e9pen vannak.<br \/>\n    A fert\u0151z\u00e9s okozta Covid-19 betegs\u00e9g sz\u00f6v\u0151dm\u00e9nyeiben eddig 489 ember halt meg, k\u00f6z\u00fcl\u00fck n\u00e9gyen cs\u00fct\u00f6rt\u00f6k\u00f6n.<br \/>\n<div class=\"ads-in-post2\"><script async src=\"https:\/\/pagead2.googlesyndication.com\/pagead\/js\/adsbygoogle.js\"><\/script>\r\n<ins class=\"adsbygoogle\"\r\n     style=\"display:block\"\r\n     data-ad-format=\"fluid\"\r\n     data-ad-layout-key=\"-6t+ed+2i-1n-4w\"\r\n     data-ad-client=\"ca-pub-1959107119989764\"\r\n     data-ad-slot=\"4008251320\"><\/ins>\r\n<script>\r\n     (adsbygoogle = window.adsbygoogle || []).push({});\r\n<\/script><\/div>\n    Andrej Babis korm\u00e1nyf\u0151 p\u00e9nteken bejelentette, hogy fel\u00faj\u00edtj\u00e1k az orsz\u00e1gos v\u00e1ls\u00e1gst\u00e1b tev\u00e9kenys\u00e9g\u00e9t. Ez a k\u00f6vetel\u00e9s m\u00e1r n\u00e9h\u00e1ny hete felmer\u00fclt, de Babis ellenezte. A sajt\u00f3 szerint alapvet\u0151en az\u00e9rt, mert a v\u00e1ls\u00e1gbizotts\u00e1got a t\u00f6rv\u00e9ny alapj\u00e1n nem a korm\u00e1nyf\u0151, hanem a bel\u00fcgyminiszter ir\u00e1ny\u00edtja. Ezt a posztot jelenleg Jan Ham\u00e1cek, a korm\u00e1nykoal\u00edci\u00f3s szoci\u00e1ldemokrata p\u00e1rt eln\u00f6ke ir\u00e1ny\u00edtja. Tavasszal ez fellend\u00edtette Ham\u00e1cek \u00e9s p\u00e1rtj\u00e1nak a n\u00e9pszer\u0171s\u00e9g\u00e9t.<br \/>\n    Adam Vojtech eg\u00e9szs\u00e9g\u00fcgyi miniszter a k\u00f6zszolg\u00e1lati r\u00e1di\u00f3nak nyilatkozva elismerte: a j\u00e1rv\u00e1nyhelyzet nem j\u00f3, egyre romlik \u00e9s nem kiz\u00e1rt, hogy \u00fajabb orsz\u00e1gos \u00f3vint\u00e9zked\u00e9sekre lesz sz\u00fcks\u00e9g.<br \/>\n    A szakt\u00e1rca p\u00e9nteken fel\u00fclvizsg\u00e1lta az \u00fagynevezett szemaforrendszert, amelyben sz\u00ednekkel jel\u00f6lik a j\u00e1rv\u00e1nyhelyzetet az egyes r\u00e9gi\u00f3kban. A t\u00e9rk\u00e9pen megjelent a piros sz\u00edn, amely a legs\u00falyosabb helyzetet jelzi. Ezt Pr\u00e1ga kapta, ahol a legrosszabb a helyzet, \u00e9s sz\u00e1zezer lakosra m\u00e1r t\u00f6bb mint 200 fert\u0151z\u00f6tt jut. Stefan Hrib f\u0151polg\u00e1rmester bejelentette, hogy a j\u00f6v\u0151 h\u00e9t folyam\u00e1n a pr\u00e1gai k\u00f6z\u00e9piskol\u00e1k, f\u0151iskol\u00e1k \u00e9s egyetemek \u00e1tt\u00e9rnek a t\u00e1voktat\u00e1sra.<br \/>\n    Orsz\u00e1gos szinten \u00faj int\u00e9zked\u00e9sk\u00e9nt p\u00e9ntekt\u0151l kezdve az \u00e1ltal\u00e1nos iskol\u00e1k fels\u0151 tagozat\u00fa (6.-9. oszt\u00e1ly) tanul\u00f3i \u00e9s tan\u00edt\u00f3i az \u00f3r\u00e1kon is k\u00f6telesek v\u00e9d\u0151maszkot viselni. Az \u00faj koronav\u00edrus-esetek t\u00f6bb mint egy\u00f6t\u00f6d\u00e9t ugyanis az ut\u00f3bbi id\u0151ben az iskol\u00e1kban mutatt\u00e1k ki.<br \/>\n    A j\u00e1rv\u00e1ny k\u00f6z\u00f6ss\u00e9gi terjed\u00e9s\u00e9t jelz\u0151 narancss\u00e1rga r\u00e9gi\u00f3b\u00f3l, amely a pirost\u00f3l egy fokkal alacsonyabb szint\u0171, m\u00e1r t\u00f6bb mint egy tucat van. A kisebb kock\u00e1zatot jelz\u0151 z\u00f6ld sz\u00ednt t\u00f6bb mint 40 j\u00e1r\u00e1s kapott, ezek az orsz\u00e1g t\u00f6bb mint fel\u00e9t lefedik. A probl\u00e9mamentess\u00e9get jelz\u0151, feh\u00e9r sz\u00edn\u0171 j\u00e1r\u00e1sokb\u00f3l m\u00e1r csak n\u00e9h\u00e1ny maradt, els\u0151sorban \u00c9szak-Morvaorsz\u00e1gban. Csehorsz\u00e1gban 70 j\u00e1r\u00e1s van.<br \/>\n    Ladislav Dusek, az eg\u00e9szs\u00e9g\u00fcgyi inform\u00e1ci\u00f3k \u00e9s statisztik\u00e1k int\u00e9zet\u00e9nek (\u00daZIS) igazgat\u00f3ja szerint szeptemberben eddig 19 539 ember kapta el a fert\u0151z\u00e9st. &#8222;Az optimista modell szerint szeptember v\u00e9g\u00e9ig ez a sz\u00e1m 44 ezerre, a kev\u00e9sb\u00e9 optimista v\u00e1rakoz\u00e1sok szerint 70 ezerre emelkedik&#8221; &#8211; jelentette ki Dusek. Szerinte a v\u00e9d\u0151maszkok k\u00f6vetkezetes visel\u00e9se \u00e9s a higi\u00e9niai el\u0151\u00edr\u00e1sok betart\u00e1sa a fel\u00e9re is cs\u00f6kkentheti a j\u00e1rv\u00e1ny terjed\u00e9si \u00fctem\u00e9t.<br \/>\n<div class=\"ads-in-post2\"><script async src=\"https:\/\/pagead2.googlesyndication.com\/pagead\/js\/adsbygoogle.js\"><\/script>\r\n<ins class=\"adsbygoogle\"\r\n     style=\"display:block\"\r\n     data-ad-format=\"fluid\"\r\n     data-ad-layout-key=\"-6t+ed+2i-1n-4w\"\r\n     data-ad-client=\"ca-pub-1959107119989764\"\r\n     data-ad-slot=\"4008251320\"><\/ins>\r\n<script>\r\n     (adsbygoogle = window.adsbygoogle || []).push({});\r\n<\/script><\/div>\n    Csehorsz\u00e1gban szeptember 10-t\u0151l k\u00f6telez\u0151 a v\u00e9d\u0151maszkok haszn\u00e1lata a t\u00f6megk\u00f6zleked\u00e9si eszk\u00f6z\u00f6kben, z\u00e1rt termekben, \u00e9p\u00fcletekben, a vend\u00e9gl\u0151k \u00e9s a sz\u00f3rakoz\u00f3helyek pedig \u00e9jf\u00e9lt\u0151l reggel hatig z\u00e1rva tartanak.(MTI)<\/p>\n","protected":false},"excerpt":{"rendered":"<p>Tov\u00e1bb romlik a j\u00e1rv\u00e1nyhelyzet Csehorsz\u00e1gban \u00e9s meredeken n\u0151 a koronav\u00edrus-fert\u0151z\u00f6ttek napi sz\u00e1ma.<\/p>\n","protected":false},"author":1001006,"featured_media":0,"comment_status":"closed","ping_status":"open","sticky":false,"template":"","format":"standard","meta":[],"categories":[12,427],"tags":[],"_links":{"self":[{"href":"https:\/\/gazdasagportal.hu\/index.php\/wp-json\/wp\/v2\/posts\/129779"}],"collection":[{"href":"https:\/\/gazdasagportal.hu\/index.php\/wp-json\/wp\/v2\/posts"}],"about":[{"href":"https:\/\/gazdasagportal.hu\/index.php\/wp-json\/wp\/v2\/types\/post"}],"author":[{"embeddable":true,"href":"https:\/\/gazdasagportal.hu\/index.php\/wp-json\/wp\/v2\/users\/1001006"}],"replies":[{"embeddable":true,"href":"https:\/\/gazdasagportal.hu\/index.php\/wp-json\/wp\/v2\/comments?post=129779"}],"version-history":[{"count":1,"href":"https:\/\/gazdasagportal.hu\/index.php\/wp-json\/wp\/v2\/posts\/129779\/revisions"}],"predecessor-version":[{"id":129780,"href":"https:\/\/gazdasagportal.hu\/index.php\/wp-json\/wp\/v2\/posts\/129779\/revisions\/129780"}],"wp:attachment":[{"href":"https:\/\/gazdasagportal.hu\/index.php\/wp-json\/wp\/v2\/media?parent=129779"}],"wp:term":[{"taxonomy":"category","embeddable":true,"href":"https:\/\/gazdasagportal.hu\/index.php\/wp-json\/wp\/v2\/categories?post=129779"},{"taxonomy":"post_tag","embeddable":true,"href":"https:\/\/gazdasagportal.hu\/index.php\/wp-json\/wp\/v2\/tags?post=129779"}],"curies":[{"name":"wp","href":"https:\/\/api.w.org\/{rel}","templated":true}]}}