{"id":129771,"date":"2020-09-18T15:31:01","date_gmt":"2020-09-18T13:31:01","guid":{"rendered":"http:\/\/gazdasagportal.hu\/?p=129771"},"modified":"2020-09-18T15:31:01","modified_gmt":"2020-09-18T13:31:01","slug":"koronavirus-romaniaban-meghaladta-a-110-ezret-a-fertozottek-szama","status":"publish","type":"post","link":"https:\/\/gazdasagportal.hu\/index.php\/koronavirus-romaniaban-meghaladta-a-110-ezret-a-fertozottek-szama\/","title":{"rendered":"Koronav\u00edrus &#8211; Rom\u00e1ni\u00e1ban meghaladta a 110 ezret a fert\u0151z\u00f6ttek sz\u00e1ma"},"content":{"rendered":"<p><strong>Rom\u00e1ni\u00e1ban \u00fajabb 1527 embern\u00e9l mutatt\u00e1k ki a koronav\u00edrust az ut\u00f3bbi 24 \u00f3r\u00e1ban, ezzel meghaladta a 110 ezret a beazonos\u00edtott fert\u0151z\u00f6ttek sz\u00e1ma.<\/strong><!--more--><\/p>\n<div class=\"ads-in-post1\"><div id=\"gazdasagportal.hu_fullbanner_wideboard\"><\/div>\r\n<\/div>\n<p>    A strat\u00e9giai kommunik\u00e1ci\u00f3s t\u00f6rzs (GCS) p\u00e9nteki jelent\u00e9s\u00e9ben szerepl\u0151 napi n\u00f6vekm\u00e9ny t\u00f6bb mint 20 sz\u00e1zal\u00e9kkal meghaladja az ut\u00f3bbi k\u00e9t h\u00e9t \u00e1tlag\u00e1t, de csaknem 200-zal elmarad a k\u00e9t napja regisztr\u00e1lt \u00fajabb rekordt\u00f3l. A j\u00e1rv\u00e1ny teh\u00e1t tov\u00e1bbra is gyorsul\u00f3 \u00fctemben terjed Rom\u00e1ni\u00e1ban, miut\u00e1n m\u00e1sf\u00e9l h\u00f3napig 1200 k\u00f6r\u00fcl ingadozott a napi esetsz\u00e1m.<br \/>\n    P\u00e9nteken \u00fajabb 48 koronav\u00edrusos beteg elhunyt\u00e1r\u00f3l sz\u00e1moltak be a hat\u00f3s\u00e1gok: ez is t\u00f6bb mint 20 sz\u00e1zal\u00e9kkal meghaladja az ut\u00f3bbi k\u00e9t h\u00e9t \u00e1tlag\u00e1t. Rom\u00e1ni\u00e1ban eddig 4360 \u00e1ldozatot k\u00f6vetelt a j\u00e1rv\u00e1ny.<br \/>\n    Minden magyar\u00e1zat n\u00e9lk\u00fcl drasztikusan m\u00f3dos\u00edtotta &#8211; a n\u00e9gy nappal kor\u00e1bban k\u00f6z\u00f6lt adathoz k\u00e9pest t\u00f6bb mint dupl\u00e1j\u00e1ra emelte &#8211; p\u00e9nteki jelent\u00e9s\u00e9ben a GCS a j\u00e1rv\u00e1ny kezdete \u00f3ta gy\u00f3gyultnak nyilv\u00e1n\u00edtott fert\u0151z\u00f6ttek sz\u00e1m\u00e1t. Miut\u00e1n n\u00e9gy napig az adatgy\u0171jt\u00e9si \u00e9s \u00f6sszegz\u00e9si m\u00f3dszer &#8222;technikai friss\u00edt\u00e9s\u00e9re&#8221; hivatkozva nem k\u00f6z\u00f6lte a gy\u00f3gyultak sz\u00e1m\u00e1t, p\u00e9nteken 88 235 fert\u0151z\u00f6tt gy\u00f3gyul\u00e1s\u00e1r\u00f3l sz\u00e1molt be a GCS, ami csaknem 45 ezerrel haladja meg a legutols\u00f3 k\u00f6zl\u00e9sben szerepl\u0151 43 244-es sz\u00e1mot.<br \/>\n    Eddig k\u00e9t negat\u00edv teszt ut\u00e1n nyilv\u00e1n\u00edtott\u00e1k gy\u00f3gyultnak a fert\u0151z\u00f6tteket. Miut\u00e1n nem val\u00f3sz\u00edn\u0171, hogy n\u00e9gy nap alatt t\u00f6bben gy\u00f3gyultak volna meg, mint a j\u00e1rv\u00e1ny kezdete \u00f3ta eltelt t\u00f6bb mint f\u00e9l \u00e9vben, a &#8222;friss\u00edt\u00e9s&#8221; sor\u00e1n feltehet\u0151en m\u00e1s szempontokat is figyelembe vett a GCS a gy\u00f3gyultak sz\u00e1m\u00e1nak meghat\u00e1roz\u00e1s\u00e1n\u00e1l, de err\u0151l nem k\u00f6z\u00f6lt r\u00e9szleteket.<br \/>\n    A friss\u00edt\u00e9s nyom\u00e1n arra lehet k\u00f6vetkeztetni, hogy Rom\u00e1ni\u00e1ban nem t\u00f6bb mint 60 ezer, hanem kevesebb mint 18 ezer akt\u00edv fert\u0151z\u00f6ttr\u0151l tudnak. K\u00f6z\u00fcl\u00fck m\u00e1r 7081-en szorulnak k\u00f3rh\u00e1zi kezel\u00e9sre, 447 s\u00falyos esetet pedig az intenz\u00edv ter\u00e1pi\u00e1n \u00e1polnak.<br \/>\n<div class=\"ads-in-post2\"><script async src=\"https:\/\/pagead2.googlesyndication.com\/pagead\/js\/adsbygoogle.js\"><\/script>\r\n<ins class=\"adsbygoogle\"\r\n     style=\"display:block\"\r\n     data-ad-format=\"fluid\"\r\n     data-ad-layout-key=\"-6t+ed+2i-1n-4w\"\r\n     data-ad-client=\"ca-pub-1959107119989764\"\r\n     data-ad-slot=\"4008251320\"><\/ins>\r\n<script>\r\n     (adsbygoogle = window.adsbygoogle || []).push({});\r\n<\/script><\/div>\n    A h\u00e9tf\u0151i tan\u00e9vkezd\u00e9s \u00f3ta iskol\u00e1k tucatjait kellett bez\u00e1rni a koronav\u00edrus-fert\u0151z\u00e9s miatt. A Maszol.ro h\u00edrport\u00e1l besz\u00e1mol\u00f3ja szerint cs\u00fct\u00f6rt\u00f6k\u00f6n a sepsiszentgy\u00f6rgyi Mikes Kelemen elm\u00e9leti l\u00edceumban is felf\u00fcggesztett\u00e9k az oktat\u00e1st, miut\u00e1n h\u00e1rom k\u00fcl\u00f6nb\u00f6z\u0151 oszt\u00e1lyb\u00f3l h\u00e1rom di\u00e1kr\u00f3l \u00e9s egy pedag\u00f3gusr\u00f3l is kider\u00fclt, hogy fert\u0151z\u00f6tt. A k\u00f6z\u00e9piskola t\u00f6bb mint ezer di\u00e1kj\u00e1nak \u00e9s 70 pedag\u00f3gus\u00e1nak lakhelyi karant\u00e9nban kell maradnia a k\u00f6vetkez\u0151 k\u00e9t h\u00e9tben.<br \/>\n    A Kr\u00f3nika c\u00edm\u0171 lap arr\u00f3l sz\u00e1molt be internetes oldal\u00e1n, hogy pozit\u00edv lett a Filmtettfeszt &#8211; Erd\u00e9lyi Magyar Filmszemle fesztiv\u00e1ligazgat\u00f3j\u00e1nak koronav\u00edrus-tesztje, ezr\u00e9t a szervez\u0151k lef\u00fajt\u00e1k az \u00f6sszes kolozsv\u00e1ri vet\u00edt\u00e9st, de a t\u00f6bbi 14 v\u00e1rosban a terv szerint folytat\u00f3dik a fesztiv\u00e1l.(MTI)<\/p>\n","protected":false},"excerpt":{"rendered":"<p>Rom\u00e1ni\u00e1ban \u00fajabb 1527 embern\u00e9l mutatt\u00e1k ki a koronav\u00edrust az ut\u00f3bbi 24 \u00f3r\u00e1ban, ezzel meghaladta a 110 ezret a beazonos\u00edtott fert\u0151z\u00f6ttek sz\u00e1ma.<\/p>\n","protected":false},"author":1,"featured_media":0,"comment_status":"closed","ping_status":"open","sticky":false,"template":"","format":"standard","meta":[],"categories":[12,427],"tags":[],"_links":{"self":[{"href":"https:\/\/gazdasagportal.hu\/index.php\/wp-json\/wp\/v2\/posts\/129771"}],"collection":[{"href":"https:\/\/gazdasagportal.hu\/index.php\/wp-json\/wp\/v2\/posts"}],"about":[{"href":"https:\/\/gazdasagportal.hu\/index.php\/wp-json\/wp\/v2\/types\/post"}],"author":[{"embeddable":true,"href":"https:\/\/gazdasagportal.hu\/index.php\/wp-json\/wp\/v2\/users\/1"}],"replies":[{"embeddable":true,"href":"https:\/\/gazdasagportal.hu\/index.php\/wp-json\/wp\/v2\/comments?post=129771"}],"version-history":[{"count":1,"href":"https:\/\/gazdasagportal.hu\/index.php\/wp-json\/wp\/v2\/posts\/129771\/revisions"}],"predecessor-version":[{"id":129772,"href":"https:\/\/gazdasagportal.hu\/index.php\/wp-json\/wp\/v2\/posts\/129771\/revisions\/129772"}],"wp:attachment":[{"href":"https:\/\/gazdasagportal.hu\/index.php\/wp-json\/wp\/v2\/media?parent=129771"}],"wp:term":[{"taxonomy":"category","embeddable":true,"href":"https:\/\/gazdasagportal.hu\/index.php\/wp-json\/wp\/v2\/categories?post=129771"},{"taxonomy":"post_tag","embeddable":true,"href":"https:\/\/gazdasagportal.hu\/index.php\/wp-json\/wp\/v2\/tags?post=129771"}],"curies":[{"name":"wp","href":"https:\/\/api.w.org\/{rel}","templated":true}]}}