{"id":129767,"date":"2020-09-18T14:10:31","date_gmt":"2020-09-18T12:10:31","guid":{"rendered":"http:\/\/gazdasagportal.hu\/?p=129767"},"modified":"2020-09-18T14:10:31","modified_gmt":"2020-09-18T12:10:31","slug":"koronavirus-szloveniaban-ujabb-rekordot-dontott-horvatorszagban-stagnal-az-uj-fertozottek-szama","status":"publish","type":"post","link":"https:\/\/gazdasagportal.hu\/index.php\/koronavirus-szloveniaban-ujabb-rekordot-dontott-horvatorszagban-stagnal-az-uj-fertozottek-szama\/","title":{"rendered":"Koronav\u00edrus &#8211; Szlov\u00e9ni\u00e1ban \u00fajabb rekordot d\u00f6nt\u00f6tt, Horv\u00e1torsz\u00e1gban stagn\u00e1l az \u00faj fert\u0151z\u00f6ttek sz\u00e1ma"},"content":{"rendered":"<p><strong>Szlov\u00e9ni\u00e1ban \u00fajabb rekordot d\u00f6nt\u00f6tt, Horv\u00e1torsz\u00e1gban pedig stagn\u00e1l az \u00faj koronav\u00edrussal fert\u0151z\u00f6ttek sz\u00e1ma &#8211; der\u00fclt ki a v\u00e1ls\u00e1gst\u00e1bok p\u00e9nteki jelent\u00e9s\u00e9b\u0151l.<\/strong><!--more--><\/p>\n<div class=\"ads-in-post1\"><div id=\"gazdasagportal.hu_fullbanner_wideboard\"><\/div>\r\n<\/div>\n<p>    Szlov\u00e9ni\u00e1ban a korm\u00e1ny \u00e1ltal k\u00f6zz\u00e9tett adatok szerint cs\u00fct\u00f6rt\u00f6k\u00f6n 137-el 4195-re n\u0151tt az azonos\u00edtott fert\u0151z\u00f6ttek sz\u00e1ma. A j\u00e1rv\u00e1ny kezdete \u00f3ta nem volt ilyen magas a fert\u0151z\u00e9sek napi n\u00f6vekm\u00e9nye, az eddig &#8211; keddi &#8211; rekord 123 fert\u0151z\u00f6tt volt. Szerd\u00e1n m\u00e9g 104 \u00faj esetr\u0151l sz\u00e1moltak be.<br \/>\n    N\u00e9gy \u00faj hal\u00e1leset t\u00f6rt\u00e9nt, \u00edgy a j\u00e1rv\u00e1ny eddigi hal\u00e1los \u00e1ldozatainak sz\u00e1ma 140-re n\u0151tt. A diagnosztiz\u00e1lt betegek k\u00f6z\u00fcl 67-en vannak k\u00f3rh\u00e1zban, \u00e9s k\u00f6z\u00fcl\u00fck tizenegyet \u00e1polnak intenz\u00edv oszt\u00e1lyon. A m\u00falt h\u00e9t \u00f3ta megk\u00e9tszerez\u0151d\u00f6tt a k\u00f3rh\u00e1zi ell\u00e1t\u00e1sra szorul\u00f3 betegek sz\u00e1ma. Az akt\u00edv betegek sz\u00e1ma 1116.<br \/>\n    A fert\u0151z\u00f6ttek sz\u00e1m\u00e1nak n\u00f6veked\u00e9se miatt Szlov\u00e9nia \u00fajabb szigor\u00edt\u00e1sokat vezet be a j\u00e1rv\u00e1ny megf\u00e9kez\u00e9s\u00e9re: szombatt\u00f3l k\u00f6telez\u0151 lesz a maszk visel\u00e9se z\u00e1rt \u00e9s nyitott t\u00e9rben egyar\u00e1nt, valamint a h\u00e9t elej\u00e9t\u0151l az iskol\u00e1kban 7. oszt\u00e1lyt\u00f3l felfel\u00e9, tov\u00e1bb\u00e1 h\u0151m\u00e9rs\u00e9kletet kell m\u00e9rni a munkahelyeken, \u00e9s a sz\u00f3rakoz\u00f3helyeknek 22 \u00f3rakor be kell z\u00e1rniuk.<br \/>\n    A kabinet tov\u00e1bbi rendeleteket k\u00e9sz\u00edt el\u0151, amelyeket abban az esetben vezetn\u00e9nek be, ha tov\u00e1bb n\u0151ne a fert\u0151z\u00f6ttek sz\u00e1ma az orsz\u00e1gban. Ilyen lenne p\u00e9ld\u00e1ul az \u00f6sszej\u00f6vetelek fels\u0151 l\u00e9tsz\u00e1mkorl\u00e1tj\u00e1nak t\u00edz f\u0151r\u0151l hatra cs\u00f6kkent\u00e9se, valamint a boltok nyitvatart\u00e1s\u00e1nak korl\u00e1toz\u00e1sa.<br \/>\n<div class=\"ads-in-post2\"><script async src=\"https:\/\/pagead2.googlesyndication.com\/pagead\/js\/adsbygoogle.js\"><\/script>\r\n<ins class=\"adsbygoogle\"\r\n     style=\"display:block\"\r\n     data-ad-format=\"fluid\"\r\n     data-ad-layout-key=\"-6t+ed+2i-1n-4w\"\r\n     data-ad-client=\"ca-pub-1959107119989764\"\r\n     data-ad-slot=\"4008251320\"><\/ins>\r\n<script>\r\n     (adsbygoogle = window.adsbygoogle || []).push({});\r\n<\/script><\/div>\n    Horv\u00e1torsz\u00e1gban a v\u00e1ls\u00e1gst\u00e1b jelent\u00e9se szerint az elm\u00falt 24 \u00f3r\u00e1ban 234-gyel n\u0151tt, \u00e9s el\u00e9rte a 14 513-at az azonos\u00edtott fert\u0151z\u00f6ttek sz\u00e1ma. Szerd\u00e1n 250 esetr\u0151l sz\u00e1moltak be. Hat id\u0151s, kr\u00f3nikus beteg hunyt el, \u00edgy a j\u00e1rv\u00e1ny hal\u00e1los \u00e1ldozatainak sz\u00e1ma 245-re n\u0151tt, 12 169-en pedig m\u00e1r meggy\u00f3gyultak.<br \/>\n    A betegek k\u00f6z\u00fcl 280-an vannak k\u00f3rh\u00e1zban, k\u00f6z\u00fcl\u00fck 21-en l\u00e9legeztet\u0151g\u00e9pre kapcsolva.<br \/>\n    Az akt\u00edv betegek sz\u00e1ma 2100, \u00e9s 8938-an vannak hat\u00f3s\u00e1gi karant\u00e9nban.(MTI)<\/p>\n","protected":false},"excerpt":{"rendered":"<p>Szlov\u00e9ni\u00e1ban \u00fajabb rekordot d\u00f6nt\u00f6tt, Horv\u00e1torsz\u00e1gban pedig stagn\u00e1l az \u00faj koronav\u00edrussal fert\u0151z\u00f6ttek sz\u00e1ma &#8211; der\u00fclt ki a v\u00e1ls\u00e1gst\u00e1bok p\u00e9nteki jelent\u00e9s\u00e9b\u0151l.<\/p>\n","protected":false},"author":1,"featured_media":0,"comment_status":"closed","ping_status":"open","sticky":false,"template":"","format":"standard","meta":[],"categories":[12,427],"tags":[],"_links":{"self":[{"href":"https:\/\/gazdasagportal.hu\/index.php\/wp-json\/wp\/v2\/posts\/129767"}],"collection":[{"href":"https:\/\/gazdasagportal.hu\/index.php\/wp-json\/wp\/v2\/posts"}],"about":[{"href":"https:\/\/gazdasagportal.hu\/index.php\/wp-json\/wp\/v2\/types\/post"}],"author":[{"embeddable":true,"href":"https:\/\/gazdasagportal.hu\/index.php\/wp-json\/wp\/v2\/users\/1"}],"replies":[{"embeddable":true,"href":"https:\/\/gazdasagportal.hu\/index.php\/wp-json\/wp\/v2\/comments?post=129767"}],"version-history":[{"count":1,"href":"https:\/\/gazdasagportal.hu\/index.php\/wp-json\/wp\/v2\/posts\/129767\/revisions"}],"predecessor-version":[{"id":129768,"href":"https:\/\/gazdasagportal.hu\/index.php\/wp-json\/wp\/v2\/posts\/129767\/revisions\/129768"}],"wp:attachment":[{"href":"https:\/\/gazdasagportal.hu\/index.php\/wp-json\/wp\/v2\/media?parent=129767"}],"wp:term":[{"taxonomy":"category","embeddable":true,"href":"https:\/\/gazdasagportal.hu\/index.php\/wp-json\/wp\/v2\/categories?post=129767"},{"taxonomy":"post_tag","embeddable":true,"href":"https:\/\/gazdasagportal.hu\/index.php\/wp-json\/wp\/v2\/tags?post=129767"}],"curies":[{"name":"wp","href":"https:\/\/api.w.org\/{rel}","templated":true}]}}