{"id":129763,"date":"2020-09-18T13:02:34","date_gmt":"2020-09-18T11:02:34","guid":{"rendered":"http:\/\/gazdasagportal.hu\/?p=129763"},"modified":"2020-09-18T13:02:34","modified_gmt":"2020-09-18T11:02:34","slug":"amundi-alapkezelo-oktoberben-hatarozottan-lassulhat-az-inflacio","status":"publish","type":"post","link":"https:\/\/gazdasagportal.hu\/index.php\/amundi-alapkezelo-oktoberben-hatarozottan-lassulhat-az-inflacio\/","title":{"rendered":"Amundi Alapkezel\u0151: okt\u00f3berben hat\u00e1rozottan lassulhat az infl\u00e1ci\u00f3"},"content":{"rendered":"<p><strong>Szeptemberben m\u00e9g nem sz\u00e1m\u00edt infl\u00e1ci\u00f3s fordulatra Magyarorsz\u00e1gon, okt\u00f3bert\u0151l viszont m\u00e1r a fogyaszt\u00f3i \u00e1rak emelked\u00e9s\u00e9nek l\u00e1tv\u00e1nyos lassul\u00e1s\u00e1t v\u00e1rja az Amundi Alapkezel\u0151 Zrt.<\/strong><!--more--><\/p>\n<div class=\"ads-in-post1\"><div id=\"gazdasagportal.hu_fullbanner_wideboard\"><\/div>\r\n<\/div>\n<p>    Fori\u00e1n-Szab\u00f3 Gergely, az Amundi Alapkezel\u0151 Zrt. befektet\u00e9si igazgat\u00f3ja online sajt\u00f3reggelin p\u00e9nteken Budapesten azt mondta: az infl\u00e1ci\u00f3s nyom\u00e1s cs\u00f6kken\u00e9se ut\u00e1n pedig hat\u00e1rozottabban \u00e9l\u00e9nk\u00edthet a Magyar Nemzeti Bank (MNB).<br \/>\n    A magyarorsz\u00e1gi infl\u00e1ci\u00f3s folyamatokkal ellent\u00e9tes eur\u00f3pai tendenci\u00e1kr\u00f3l az igazgat\u00f3 azt mondta, teljes kudarc k\u00eds\u00e9ri a vil\u00e1g nagy jegybankjainak k\u00fczdelmeit az infl\u00e1ci\u00f3s c\u00e9l el\u00e9r\u00e9s\u00e9\u00e9rt. Ez 2008 \u00f3ta zajlik, azonban az infl\u00e1ci\u00f3 Eur\u00f3p\u00e1ban \u00e9s Jap\u00e1nban is elmarad a c\u00e9lokt\u00f3l, \u00e9s az amerikai jegybank szerep\u00e9t bet\u00f6lt\u0151 Federal Reserve(Fed) is csak n\u00e9ha-n\u00e9ha \u00e9ri el a 2 sz\u00e1zal\u00e9kos c\u00e9lj\u00e1t &#8211; jegyezte meg.<br \/>\n    Elemz\u00e9se szerint Magyarorsz\u00e1gon a j\u00e1rv\u00e1ny sem t\u00f6rte meg a gyorsul\u00f3 infl\u00e1ci\u00f3t, mik\u00f6zben a nagy jegybankok teljes er\u0151bedob\u00e1ssal dolgoznak a p\u00e9nzroml\u00e1s felp\u00f6rget\u00e9s\u00e9n, egyel\u0151re nem t\u00fal sok sikerrel. Mint mondta, Magyarorsz\u00e1g jelenleg azon ritka kiv\u00e9telek k\u00f6z\u00e9 tartozik, ahol a jegybank a j\u00e1rv\u00e1ny miatti gazdas\u00e1gi visszaes\u00e9s ellen\u00e9re a t\u00falzottan magas infl\u00e1ci\u00f3val k\u00fcszk\u00f6dik. R\u00e9szben a kor\u00e1bbi \u00e9vek laza monet\u00e1ris politik\u00e1j\u00e1nak k\u00f6sz\u00f6nhet\u0151 szerinte, hogy a v\u00e1ls\u00e1gkezel\u00e9s sor\u00e1n az MNB keze er\u0151sen meg van k\u00f6tve. A k\u00f6vetkez\u0151 h\u00f3napok azonban itthon is fordulatot hozhatnak.<br \/>\n    Fori\u00e1n-Szab\u00f3 Gergely k\u00f6z\u00f6lte: a fogyaszt\u00f3i \u00e1rindexben vagy az augusztus vagy a szeptember jelentheti a cs\u00facsot id\u00e9n, okt\u00f3bert\u0151l viszont l\u00e1tv\u00e1nyos cs\u00f6kken\u00e9s indulhat el. Az infl\u00e1ci\u00f3cs\u00f6kken\u00e9s megindul\u00e1s\u00e1t seg\u00edtheti a lazul\u00f3 munkaer\u0151piac, ahogy a b\u00e1zishat\u00e1s mellett az alacsony import\u00e1lt infl\u00e1ci\u00f3. A gazdas\u00e1gi kil\u00e1t\u00e1sokr\u00f3l elmondta m\u00e9g, hogy id\u00e9n 5-6 sz\u00e1zal\u00e9k k\u00f6r\u00fcli GDP-cs\u00f6kken\u00e9st tart re\u00e1lisnak, j\u00f6v\u0151re m\u00e1r n\u00f6veked\u00e9s j\u00f6het. Ugyanakkor a turizmus visszaes\u00e9se a teljes gazdas\u00e1gnak &#8222;komoly gyomros&#8221;, a budapesti idegenforgalom elmarad\u00e1sa miatti helyzetre azt mondta: az \u00e1gazat n\u00e9h\u00e1ny r\u00e9szter\u00fclet\u00e9n s\u00falyos gondok lesznek, ami az eg\u00e9sz munkaer\u0151piacot \u00e9rinteni fogja.<br \/>\n<div class=\"ads-in-post2\"><script async src=\"https:\/\/pagead2.googlesyndication.com\/pagead\/js\/adsbygoogle.js\"><\/script>\r\n<ins class=\"adsbygoogle\"\r\n     style=\"display:block\"\r\n     data-ad-format=\"fluid\"\r\n     data-ad-layout-key=\"-6t+ed+2i-1n-4w\"\r\n     data-ad-client=\"ca-pub-1959107119989764\"\r\n     data-ad-slot=\"4008251320\"><\/ins>\r\n<script>\r\n     (adsbygoogle = window.adsbygoogle || []).push({});\r\n<\/script><\/div>\n    A glob\u00e1lis kil\u00e1t\u00e1sokr\u00f3l az igazgat\u00f3 elmondta: jelenleg a fejlett vil\u00e1gban minden er\u0151fesz\u00edt\u00e9s ellen\u00e9re sem siker\u00fcl felsz\u00edtani egy eg\u00e9szs\u00e9ges m\u00e9rt\u00e9k\u0171 infl\u00e1ci\u00f3t a fogyaszt\u00f3i \u00e1rakban. Mik\u00f6zben a befektet\u00e9si eszk\u00f6z\u00f6k ter\u00e9n nagyon elszabadult az infl\u00e1ci\u00f3. A tart\u00f3san negat\u00edv re\u00e1lkamatok \u00e9s a p\u00e9nzb\u0151s\u00e9g mellett a befektet\u0151k egyre t\u00f6bbet hajland\u00f3ak fizetni az ingatlanok\u00e9rt vagy a r\u00e9szv\u00e9nyek\u00e9rt, ami bubor\u00e9kok kialakul\u00e1s\u00e1t eredm\u00e9nyezheti &#8211; v\u00e9lekedett.<br \/>\n    Hozz\u00e1tette, hogy a nagy jegybankok a deviza\u00e1rfolyamokon kereszt\u00fcl egym\u00e1ssal is k\u00fczdenek, &#8222;devizah\u00e1bor\u00fa&#8221; van. A &#8222;le\u00e9rt\u00e9kel\u00e9si versenyben&#8221; az elm\u00falt h\u00f3napokban a doll\u00e1r vezet, aminek egyik oka, hogy a Fed t\u00f6rt\u00e9nete sor\u00e1n el\u0151sz\u00f6r vizsg\u00e1lta fel\u00fcl teljesk\u00f6r\u0171en a c\u00e9lrendszer\u00e9t legut\u00f3bbi \u00fcl\u00e9s\u00e9n, laz\u00e1bb monet\u00e1ris politika fel\u00e9 tol\u00f3dva. Az eur\u00f3 er\u0151s\u00f6d\u00e9se a doll\u00e1rral szemben Eur\u00f3p\u00e1ban tov\u00e1bb nehez\u00edti az infl\u00e1ci\u00f3s c\u00e9l el\u00e9r\u00e9s\u00e9t, emiatt a k\u00f6zelj\u00f6v\u0151ben az Eur\u00f3pai K\u00f6zponti Banknak is l\u00e9pnie kell &#8211; mondta. Ez az eszk\u00f6zv\u00e1s\u00e1rl\u00e1si program er\u0151s\u00edt\u00e9s\u00e9t fogja jelenteni az igazgat\u00f3 szerint.(MTI)<\/p>\n","protected":false},"excerpt":{"rendered":"<p>Szeptemberben m\u00e9g nem sz\u00e1m\u00edt infl\u00e1ci\u00f3s fordulatra Magyarorsz\u00e1gon, okt\u00f3bert\u0151l viszont m\u00e1r a fogyaszt\u00f3i \u00e1rak emelked\u00e9s\u00e9nek l\u00e1tv\u00e1nyos lassul\u00e1s\u00e1t v\u00e1rja az Amundi Alapkezel\u0151 Zrt.<\/p>\n","protected":false},"author":1,"featured_media":0,"comment_status":"closed","ping_status":"open","sticky":false,"template":"","format":"standard","meta":[],"categories":[19],"tags":[],"_links":{"self":[{"href":"https:\/\/gazdasagportal.hu\/index.php\/wp-json\/wp\/v2\/posts\/129763"}],"collection":[{"href":"https:\/\/gazdasagportal.hu\/index.php\/wp-json\/wp\/v2\/posts"}],"about":[{"href":"https:\/\/gazdasagportal.hu\/index.php\/wp-json\/wp\/v2\/types\/post"}],"author":[{"embeddable":true,"href":"https:\/\/gazdasagportal.hu\/index.php\/wp-json\/wp\/v2\/users\/1"}],"replies":[{"embeddable":true,"href":"https:\/\/gazdasagportal.hu\/index.php\/wp-json\/wp\/v2\/comments?post=129763"}],"version-history":[{"count":1,"href":"https:\/\/gazdasagportal.hu\/index.php\/wp-json\/wp\/v2\/posts\/129763\/revisions"}],"predecessor-version":[{"id":129764,"href":"https:\/\/gazdasagportal.hu\/index.php\/wp-json\/wp\/v2\/posts\/129763\/revisions\/129764"}],"wp:attachment":[{"href":"https:\/\/gazdasagportal.hu\/index.php\/wp-json\/wp\/v2\/media?parent=129763"}],"wp:term":[{"taxonomy":"category","embeddable":true,"href":"https:\/\/gazdasagportal.hu\/index.php\/wp-json\/wp\/v2\/categories?post=129763"},{"taxonomy":"post_tag","embeddable":true,"href":"https:\/\/gazdasagportal.hu\/index.php\/wp-json\/wp\/v2\/tags?post=129763"}],"curies":[{"name":"wp","href":"https:\/\/api.w.org\/{rel}","templated":true}]}}