{"id":129718,"date":"2020-09-17T06:04:56","date_gmt":"2020-09-17T04:04:56","guid":{"rendered":"http:\/\/gazdasagportal.hu\/?p=129718"},"modified":"2020-09-16T22:04:09","modified_gmt":"2020-09-16T20:04:09","slug":"a-nemet-kormany-kockazatos-teruletnek-minositette-budapestet","status":"publish","type":"post","link":"https:\/\/gazdasagportal.hu\/index.php\/a-nemet-kormany-kockazatos-teruletnek-minositette-budapestet\/","title":{"rendered":"A n\u00e9met korm\u00e1ny kock\u00e1zatos ter\u00fcletnek min\u0151s\u00edtette Budapestet"},"content":{"rendered":"<p><strong>Az \u00faj t\u00edpus\u00fa koronav\u00edrus (SARS-Cov-2) terjed\u00e9se miatt kock\u00e1zatos ter\u00fcletnek min\u0151s\u00edtette Budapestet szerd\u00e1n a n\u00e9met korm\u00e1ny.<\/strong><!--more--><\/p>\n<div class=\"ads-in-post2\"><script async src=\"https:\/\/pagead2.googlesyndication.com\/pagead\/js\/adsbygoogle.js\"><\/script>\r\n<ins class=\"adsbygoogle\"\r\n     style=\"display:block\"\r\n     data-ad-format=\"fluid\"\r\n     data-ad-layout-key=\"-6t+ed+2i-1n-4w\"\r\n     data-ad-client=\"ca-pub-1959107119989764\"\r\n     data-ad-slot=\"4008251320\"><\/ins>\r\n<script>\r\n     (adsbygoogle = window.adsbygoogle || []).push({});\r\n<\/script><\/div>\n<p>    A kock\u00e1zatos besorol\u00e1s azzal j\u00e1r, hogy az ilyen ter\u00fcletr\u0151l N\u00e9metorsz\u00e1gba \u00e9rkez\u0151knek h\u00e1zi karant\u00e9nba kell vonulniuk, \u00e9rtes\u00edteni\u00fck kell a helyi eg\u00e9szs\u00e9g\u00fcgyi hivatalt, \u00e9s 72 \u00f3r\u00e1n bel\u00fcl koronav\u00edrus-tesztet kell v\u00e9geztetni\u00fck.<br \/>\n    Negat\u00edv lelet eset\u00e9n az eg\u00e9szs\u00e9g\u00fcgyi hivatal elrendelheti a karant\u00e9n felold\u00e1s\u00e1t.<br \/>\n    Okt\u00f3ber 1-j\u00e9t\u0151l a karant\u00e9nt legkor\u00e1bban az \u00f6t\u00f6dik nap eltelt\u00e9vel lehet feloldani negat\u00edv lelet eset\u00e9n.<br \/>\n    A kock\u00e1zatos ter\u00fcletek list\u00e1j\u00e1ra szerd\u00e1n egy sor r\u00e9gi\u00f3t \u00e9s v\u00e1rost felvettek, k\u00f6zt\u00fck t\u00f6bb horv\u00e1torsz\u00e1gi megy\u00e9t \u00e9s az osztr\u00e1k f\u0151v\u00e1rost, B\u00e9cset.<br \/>\n<div class=\"ads-in-post1\"><div id=\"gazdasagportal.hu_fullbanner_wideboard\"><\/div>\r\n<\/div>\n    A j\u00fanius 15-\u00e9n megnyitott list\u00e1n kezdett\u0151l szerepel az Eur\u00f3pai Uni\u00f3n, a schengeni \u00f6vezet t\u00e1rsult orsz\u00e1gain \u00e9s az Egyes\u00fclt Kir\u00e1lys\u00e1gon k\u00edv\u00fcl a vil\u00e1g valamennyi orsz\u00e1ga. A lista id\u0151k\u00f6zben kieg\u00e9sz\u00fclt sz\u00e1mos Eur\u00f3p\u00e1n bel\u00fcli t\u00e9rs\u00e9ggel, p\u00e9ld\u00e1ul Franciaorsz\u00e1g h\u00e9t k\u00f6zigazgat\u00e1si r\u00e9gi\u00f3j\u00e1val \u00e9s Hollandia k\u00e9t tartom\u00e1ny\u00e1val. Ugyanakkor vannak t\u00e9rs\u00e9gek, amelyek a j\u00e1rv\u00e1ny\u00fcgyi helyzet javul\u00e1sa r\u00e9v\u00e9n  m\u00e1r nem szerepelnek a list\u00e1n.<br \/>\n    A besorol\u00e1sr\u00f3l k\u00f6z\u00f6sen d\u00f6nt a Robert Koch orsz\u00e1gos k\u00f6zeg\u00e9szs\u00e9g\u00fcgyi int\u00e9zet (RKI), a sz\u00f6vets\u00e9gi eg\u00e9szs\u00e9g\u00fcgyi miniszt\u00e9rium, a k\u00fcl\u00fcgyminiszt\u00e9rium \u00e9s a bel\u00fcgyi t\u00e1rca. A d\u00f6nt\u00e9st megel\u0151z\u0151 elemz\u00e9s els\u0151 szakasz\u00e1ban azt vizsg\u00e1lj\u00e1k, hogy hol vannak olyan r\u00e9gi\u00f3k &#8211; nagyobb k\u00f6zigazgat\u00e1si egys\u00e9gek vagy eg\u00e9sz orsz\u00e1gok -, amelyekben meghaladta az \u00f6tvenet az ut\u00f3bbi h\u00e9t napon regisztr\u00e1lt SARS-Cov-2-fert\u0151z\u00e9sek sz\u00e1zezer lakosra vet\u00edtett sz\u00e1ma, vagy olyan t\u00e9rs\u00e9gek, amelyekben ugyan m\u00e9g nincs a fert\u0151z\u00e9sek sz\u00e1ma a hat\u00e1r\u00e9rt\u00e9k felett, de egy\u00e9b k\u00f6r\u00fclm\u00e9nyek a fert\u0151z\u00e9s fokozott kock\u00e1zat\u00e1t jelzik.<br \/>\n    A d\u00f6nt\u00e9st megel\u0151z\u0151 m\u00e9rlegel\u00e9s m\u00e1sodik szakasz\u00e1ban a j\u00e1rv\u00e1ny elfojt\u00e1s\u00e1t c\u00e9lz\u00f3 helyi er\u0151fesz\u00edt\u00e9seket elemzik, \u00edgy vizsg\u00e1lj\u00e1k egyebek mellett a tesztel\u00e9si kapacit\u00e1st \u00e9s az elv\u00e9gzett koronav\u00edrus-tesztek sz\u00e1m\u00e1t.<br \/>\n<div class=\"ads-in-post2\"><script async src=\"https:\/\/pagead2.googlesyndication.com\/pagead\/js\/adsbygoogle.js\"><\/script>\r\n<ins class=\"adsbygoogle\"\r\n     style=\"display:block\"\r\n     data-ad-format=\"fluid\"\r\n     data-ad-layout-key=\"-6t+ed+2i-1n-4w\"\r\n     data-ad-client=\"ca-pub-1959107119989764\"\r\n     data-ad-slot=\"4008251320\"><\/ins>\r\n<script>\r\n     (adsbygoogle = window.adsbygoogle || []).push({});\r\n<\/script><\/div>\n    A kock\u00e1zatos besorol\u00e1s azzal is j\u00e1r, hogy a k\u00fcl\u00fcgyminiszt\u00e9rium utaz\u00e1si figyelmeztet\u00e9st ad ki, amelyben nyomat\u00e9kosan eltan\u00e1csolja a n\u00e9met \u00e1llampolg\u00e1rokat att\u00f3l, hogy nem felt\u00e9tlen\u00fcl sz\u00fcks\u00e9ges esetben felkeress\u00e9k az adott r\u00e9gi\u00f3t. Budapest eset\u00e9ben erre nincs sz\u00fcks\u00e9g, mert a t\u00e1rca m\u00e1r a k\u00fclf\u00f6ldiekre vonatkoz\u00f3 magyarorsz\u00e1gi beutaz\u00e1si korl\u00e1toz\u00e1sok szeptember eleji bevezet\u00e9se ut\u00e1n kiadta a figyelmeztet\u00e9st eg\u00e9sz Magyarorsz\u00e1gra.(MTI)<\/p>\n","protected":false},"excerpt":{"rendered":"<p>Az \u00faj t\u00edpus\u00fa koronav\u00edrus (SARS-Cov-2) terjed\u00e9se miatt kock\u00e1zatos ter\u00fcletnek min\u0151s\u00edtette Budapestet szerd\u00e1n a n\u00e9met korm\u00e1ny.<\/p>\n","protected":false},"author":1001006,"featured_media":0,"comment_status":"closed","ping_status":"open","sticky":false,"template":"","format":"standard","meta":[],"categories":[4,12,427],"tags":[],"_links":{"self":[{"href":"https:\/\/gazdasagportal.hu\/index.php\/wp-json\/wp\/v2\/posts\/129718"}],"collection":[{"href":"https:\/\/gazdasagportal.hu\/index.php\/wp-json\/wp\/v2\/posts"}],"about":[{"href":"https:\/\/gazdasagportal.hu\/index.php\/wp-json\/wp\/v2\/types\/post"}],"author":[{"embeddable":true,"href":"https:\/\/gazdasagportal.hu\/index.php\/wp-json\/wp\/v2\/users\/1001006"}],"replies":[{"embeddable":true,"href":"https:\/\/gazdasagportal.hu\/index.php\/wp-json\/wp\/v2\/comments?post=129718"}],"version-history":[{"count":1,"href":"https:\/\/gazdasagportal.hu\/index.php\/wp-json\/wp\/v2\/posts\/129718\/revisions"}],"predecessor-version":[{"id":129719,"href":"https:\/\/gazdasagportal.hu\/index.php\/wp-json\/wp\/v2\/posts\/129718\/revisions\/129719"}],"wp:attachment":[{"href":"https:\/\/gazdasagportal.hu\/index.php\/wp-json\/wp\/v2\/media?parent=129718"}],"wp:term":[{"taxonomy":"category","embeddable":true,"href":"https:\/\/gazdasagportal.hu\/index.php\/wp-json\/wp\/v2\/categories?post=129718"},{"taxonomy":"post_tag","embeddable":true,"href":"https:\/\/gazdasagportal.hu\/index.php\/wp-json\/wp\/v2\/tags?post=129718"}],"curies":[{"name":"wp","href":"https:\/\/api.w.org\/{rel}","templated":true}]}}