{"id":129714,"date":"2020-09-16T21:34:59","date_gmt":"2020-09-16T19:34:59","guid":{"rendered":"http:\/\/gazdasagportal.hu\/?p=129714"},"modified":"2020-09-18T12:27:24","modified_gmt":"2020-09-18T10:27:24","slug":"ime-az-elso-tunetek-a-koronavirus-jarvany-hatasa-regionk-bankjaira","status":"publish","type":"post","link":"https:\/\/gazdasagportal.hu\/index.php\/ime-az-elso-tunetek-a-koronavirus-jarvany-hatasa-regionk-bankjaira\/","title":{"rendered":"\u00cdme az els\u0151 t\u00fcnetek! &#8211; A koronav\u00edrus j\u00e1rv\u00e1ny hat\u00e1sa r\u00e9gi\u00f3nk bankjaira"},"content":{"rendered":"<p><strong>A COVID-19 j\u00e1rv\u00e1ny nyom\u00e1ban j\u00e1r\u00f3 korl\u00e1toz\u00e1sokkal szerencs\u00e9re egy er\u0151s bankszektor n\u00e9zett szembe K\u00f6z\u00e9p-Kelet-Eur\u00f3p\u00e1ban. A hossz\u00fa t\u00e1v\u00fa kil\u00e1t\u00e1sokat illet\u0151en viszont sok a bizonytalans\u00e1g. Mikor \u00e9r v\u00e9get a v\u00e1ls\u00e1g? Lassul-e a hitelez\u00e9s? Megn\u0151-e a nem teljes\u00edt\u0151 hitelek ar\u00e1nya? A Deloitte tan\u00e1csad\u00f3c\u00e9g region\u00e1lis felm\u00e9r\u00e9se pont azt kutatta, hogyan l\u00e1tj\u00e1k a p\u00e9nzint\u00e9zetek saj\u00e1t j\u00f6v\u0151j\u00fcket?<\/strong><!--more--><br \/>\n<div class=\"ads-in-post1\"><div id=\"gazdasagportal.hu_fullbanner_wideboard\"><\/div>\r\n<\/div>\n<p><em>\u201eT\u00f6bb h\u00f3nap eltelt a koronav\u00edrus j\u00e1rv\u00e1ny okozta gazdas\u00e1gi lassul\u00e1s kezdete \u00f3ta. Ezen id\u0151szak alatt a legt\u00f6bb p\u00e9nzint\u00e9zetnek p\u00e9lda n\u00e9lk\u00fcli kih\u00edv\u00e1sokkal kellett \u00e9s kell a mai napig szemben\u00e9znie.\u00a0 A bankoknak sz\u00e1molniuk kell a bed\u0151l\u00e9si ar\u00e1nyok emelked\u00e9s\u00e9vel, ennek nyom\u00e1n a hitelez\u00e9si vesztes\u00e9gek n\u00f6veked\u00e9s\u00e9vel. A gazdas\u00e1gi aktivit\u00e1s m\u00e9rs\u00e9kl\u0151d\u00e9s\u00e9nek k\u00f6vetkezt\u00e9ben ugyanakkor visszaeshetnek a kamat, jutal\u00e9k \u00e9s d\u00edjbev\u00e9telek is\u201d<\/em> \u2013 h\u00edvta fel a figyelmet M\u00e1rton Albert, a Deloitte region\u00e1lis portf\u00f3li\u00f3kezel\u00e9si-tan\u00e1csad\u00e1si szolg\u00e1ltat\u00e1sok \u00fczlet\u00e1g vezet\u0151je.<\/p>\n<p>&nbsp;<\/p>\n<p>A bankszektort \u00e9r\u0151 kih\u00edv\u00e1sok min\u00e9l pontosabb felt\u00e9rk\u00e9pez\u00e9se \u00e9rdek\u00e9ben a Deloitte P\u00e9nz\u00fcgyi tan\u00e1csad\u00e1si csapata a k\u00f6z\u00e9p-kelet-eur\u00f3pai r\u00e9gi\u00f3 12 orsz\u00e1g\u00e1nak r\u00e9szv\u00e9tel\u00e9vel k\u00e9rd\u0151\u00edves felm\u00e9r\u00e9st v\u00e9gzett, melyben els\u0151sorban a gazdas\u00e1gi n\u00f6veked\u00e9s, a hitelez\u00e9si dinamika, a nem teljes\u00edt\u0151 hitelportfoli\u00f3k (\u201eNPL\u201d) \u00e9s NPL tranzakci\u00f3s aktivit\u00e1s v\u00e1rhat\u00f3 alakul\u00e1sa, valamint a restruktur\u00e1l\u00e1s \u00e9s k\u00f6vetel\u00e9skezel\u00e9s ter\u00fcleteire f\u00f3kusz\u00e1lt. A felm\u00e9r\u00e9sben \u00f6sszesen 69 banki kock\u00e1zatkezel\u00e9si vezet\u0151 \u00e9s k\u00f6vetel\u00e9skezel\u00e9si igazgat\u00f3 osztotta meg tapasztalatait, v\u00e1rakoz\u00e1sait. Emellett a Deloitte nem teljes\u00edt\u0151 hitelekbe fektet\u0151 k\u00f6vetel\u00e9sv\u00e1s\u00e1rl\u00f3 c\u00e9geket is felk\u00e9rt, hogy ossz\u00e1k meg v\u00e9lem\u00e9ny\u00fcket az aktu\u00e1lis \u00e9s j\u00f6v\u0151beli folyamatokr\u00f3l.<\/p><div id=\"gazda-3964267230\" class=\"gazda-tartalomban gazda-entity-placement\"><script async src=\"https:\/\/pagead2.googlesyndication.com\/pagead\/js\/adsbygoogle.js\"><\/script>\r\n<ins class=\"adsbygoogle\"\r\n     style=\"display:block\"\r\n     data-ad-format=\"fluid\"\r\n     data-ad-layout-key=\"-6t+ed+2i-1n-4w\"\r\n     data-ad-client=\"ca-pub-1959107119989764\"\r\n     data-ad-slot=\"4008251320\"><\/ins>\r\n<script>\r\n     (adsbygoogle = window.adsbygoogle || []).push({});\r\n<\/script><\/div>\n<p>&nbsp;<br \/>\n<div class=\"ads-in-post2\"><script async src=\"https:\/\/pagead2.googlesyndication.com\/pagead\/js\/adsbygoogle.js\"><\/script>\r\n<ins class=\"adsbygoogle\"\r\n     style=\"display:block\"\r\n     data-ad-format=\"fluid\"\r\n     data-ad-layout-key=\"-6t+ed+2i-1n-4w\"\r\n     data-ad-client=\"ca-pub-1959107119989764\"\r\n     data-ad-slot=\"4008251320\"><\/ins>\r\n<script>\r\n     (adsbygoogle = window.adsbygoogle || []).push({});\r\n<\/script><\/div>\n<p><strong>Er\u0151s bankok, bizonytalan j\u00f6v\u0151<\/strong><\/p>\n<p><strong>\u00a0<\/strong><\/p>\n<p>A 2008-2009-es gazdas\u00e1gi vil\u00e1gv\u00e1ls\u00e1got k\u00f6vet\u0151en a k\u00f6z\u00e9p-kelet-eur\u00f3pai r\u00e9gi\u00f3 bankszektor\u00e1ban jelent\u0151sen javult az eszk\u00f6zmin\u0151s\u00e9g. A p\u00e9nzint\u00e9zetek t\u0151ketartal\u00e9kokat \u00e9p\u00edtettek fel, valamint meger\u0151s\u00edtett\u00e9k likvidit\u00e1si poz\u00edci\u00f3ikat. Ennek k\u00f6sz\u00f6nhet\u0151en a COVID-19 j\u00e1rv\u00e1ny okozta gazdas\u00e1gi visszaes\u00e9s kezdet\u00e9n a KKE r\u00e9gi\u00f3 bankjai a 2008-2009-es p\u00e9nz\u00fcgyi v\u00e1ls\u00e1ghoz k\u00e9pest er\u0151sebb poz\u00edci\u00f3ban n\u00e9ztek szembe az \u00faj kih\u00edv\u00e1sokkal.<\/p>\n<p>Az elm\u00falt n\u00e9h\u00e1ny \u00e9vben tapasztalt stabil makrogazdas\u00e1gi k\u00f6rnyezet, a szab\u00e1lyoz\u00f3i \u00e9s politikai figyelem, valamint a bankok kock\u00e1zatcs\u00f6kkent\u00e9si t\u00f6rekv\u00e9se egy\u00fcttesen j\u00e1rultak hozz\u00e1 a nem teljes\u00edt\u0151 hitel\u00e1llom\u00e1nyok fokozatos cs\u00f6kken\u00e9s\u00e9hez. Ezek az \u00e9vek megk\u00f6vetelt\u00e9k a bankokt\u00f3l a probl\u00e9m\u00e1s vagy nem teljes\u00edt\u0151 hitelek kezel\u00e9s\u00e9nek fejleszt\u00e9s\u00e9t \u00e9s a legjobb gyakorlatok kialak\u00edt\u00e1s\u00e1t, valamint a nem teljes\u00edt\u0151 portf\u00f3li\u00f3k fel\u00e9p\u00fcl\u00e9s\u00e9nek megel\u0151z\u00e9s\u00e9t.<\/p>\n<p>&nbsp;<\/p>\n<p><em>\u201eA r\u00e9gi\u00f3 t\u00f6bb orsz\u00e1g\u00e1ban \u00e9rv\u00e9nyben l\u00e9v\u0151 fizet\u00e9si morat\u00f3rium azonban \u00e1tmenetileg elrejtheti a j\u00e1rv\u00e1ny megf\u00e9kez\u00e9s\u00e9t c\u00e9lz\u00f3 korl\u00e1toz\u00f3 int\u00e9zked\u00e9sek okozta t\u00e9nyleges gazdas\u00e1gi k\u00e1rokat. Ennek k\u00f6vetkezt\u00e9ben ma m\u00e9g neh\u00e9z messzemen\u0151 k\u00f6vetkeztet\u00e9seket levonni a nem teljes\u00edt\u0151 hitelportf\u00f3li\u00f3k alakul\u00e1s\u00e1t illet\u0151en. A bankoknak val\u00f3sz\u00edn\u0171s\u00edthet\u0151en \u00fajra kell gondolniuk a COVID-19 el\u0151tti NPL kezel\u00e9si strat\u00e9gi\u00e1ikat, ami hat\u00e1ssal lehet mind a k\u00f6vetel\u00e9skezel\u0151kre, mind a k\u00f6vetel\u00e9sv\u00e1s\u00e1rl\u00f3i piacra\u201d &#8211; <\/em>mondta M\u00e1rton Albert.<\/p>\n<p><em>\u00a0<\/em><br \/>\n<div class=\"ads-in-post2\"><script async src=\"https:\/\/pagead2.googlesyndication.com\/pagead\/js\/adsbygoogle.js\"><\/script>\r\n<ins class=\"adsbygoogle\"\r\n     style=\"display:block\"\r\n     data-ad-format=\"fluid\"\r\n     data-ad-layout-key=\"-6t+ed+2i-1n-4w\"\r\n     data-ad-client=\"ca-pub-1959107119989764\"\r\n     data-ad-slot=\"4008251320\"><\/ins>\r\n<script>\r\n     (adsbygoogle = window.adsbygoogle || []).push({});\r\n<\/script><\/div>\n<p><strong>Gazdas\u00e1gi \u00e9s hitelez\u00e9si kil\u00e1t\u00e1sok<\/strong><\/p>\n<p><strong>\u00a0<\/strong><\/p>\n<p>A gazdas\u00e1gi fellend\u00fcl\u00e9st illet\u0151en a v\u00e1laszad\u00f3k t\u00f6bbs\u00e9ge ink\u00e1bb pesszimista, elh\u00faz\u00f3d\u00f3 gazdas\u00e1gi kil\u00e1bal\u00e1sra sz\u00e1m\u00edt. 39 sz\u00e1zal\u00e9kuk sz\u00e1mol U alak\u00fa kil\u00e1bal\u00e1ssal, t\u00f6bb mint \u00f6t\u00f6d\u00fck pedig L alak\u00fa kil\u00e1bal\u00e1sban hisz. A fizet\u00e9si morat\u00f3rium meg\u00edt\u00e9l\u00e9se \u00e1ltal\u00e1ban pozit\u00edv a r\u00e9gi\u00f3ban, hiszen a v\u00e1laszad\u00f3k d\u00f6nt\u0151 t\u00f6bbs\u00e9ge (75%) gondolja, hogy ez el\u0151seg\u00edti a p\u00e9nz\u00fcgyi stabilit\u00e1s fenntart\u00e1s\u00e1t.<\/p>\n<p>Nem meglep\u0151, hogy a v\u00e1laszad\u00f3k t\u00f6bbs\u00e9ge szerint 2020-ban az el\u0151z\u0151 \u00e9vhez k\u00e9pest jelent\u0151s vagy kisebb m\u00e9rt\u00e9k\u0171 visszaes\u00e9s v\u00e1rhat\u00f3 az \u00faj hitelek kihelyez\u00e9s\u00e9ben. 2021-et illet\u0151en a v\u00e1laszad\u00f3k csup\u00e1n 40%-a sz\u00e1mol a hitelez\u00e9s kis m\u00e9rt\u00e9k\u0171 cs\u00f6kken\u00e9s\u00e9vel, m\u00edg harmaduk szerint j\u00f6v\u0151re elkezd\u0151dhet a hitelez\u00e9s enyhe n\u00f6veked\u00e9se. A hitelez\u00e9s \u00e9l\u00e9nk\u00fcl\u00e9s\u00e9t t\u00e1mogathatj\u00e1k a kil\u00e1bal\u00e1s gyors\u00edt\u00e1s\u00e1t c\u00e9lz\u00f3 fisk\u00e1lis \u00e9s monet\u00e1ris \u00f6szt\u00f6nz\u0151k, amelyek seg\u00edts\u00e9g\u00e9vel a bankok bet\u00f6lthetik alapvet\u0151 gazdas\u00e1gfinansz\u00edroz\u00f3 szerep\u00fcket.<\/p>\n<p>Az el\u0151z\u0151ekkel \u00f6sszhangban a bankok a lakoss\u00e1gi \u00e9s v\u00e1llalati szegmensben egyar\u00e1nt szigor\u00edtj\u00e1k a hitelez\u00e9si sztenderdeket. A szigor\u00edt\u00e1s m\u00e9rt\u00e9ke att\u00f3l f\u00fcgghet, hogy az adott szektornak vagy \u00fcgyf\u00e9lcsoportnak mekkora vesztes\u00e9get okozott a koronav\u00edrus j\u00e1rv\u00e1ny.<\/p>\n<p>&nbsp;<\/p>\n<p><strong>Mennyi lehet a nem teljes\u00edt\u0151 hitel?<\/strong><\/p>\n<p><strong>\u00a0<\/strong><\/p>\n<p>A v\u00e1laszad\u00f3k jelent\u0151s r\u00e9sze szerint a k\u00f6vetkez\u0151 12 h\u00f3napban nem v\u00e1rhat\u00f3 jelent\u0151s n\u00f6veked\u00e9s a nem teljes\u00edt\u0151 hitelek ar\u00e1ny\u00e1ban. A bankok k\u00f6zel fele gondolja, hogy legfeljebb 3 sz\u00e1zal\u00e9kponttal emelkedik az NPL r\u00e1ta a lakoss\u00e1gi szegmensben, viszont 65 sz\u00e1zal\u00e9k sz\u00e1m\u00edt hasonl\u00f3 m\u00e9rt\u00e9k\u0171 n\u00f6veked\u00e9sre a v\u00e1llalati szegmensben. Ezzel szemben a megk\u00e9rdezett NPL befektet\u0151k pesszimist\u00e1bbak a nem teljes\u00edt\u0151 hitelek n\u00f6veked\u00e9si \u00fctem\u00e9t tekintve. A v\u00e1laszad\u00f3k fele gondolja, hogy 3-5 sz\u00e1zal\u00e9kpontos n\u00f6veked\u00e9st mutatnak majd a lakoss\u00e1gi NPL r\u00e1t\u00e1k a k\u00f6vetkez\u0151 12 h\u00f3napban, a v\u00e1llalati NPL r\u00e1t\u00e1k tekintet\u00e9ben 5-7 sz\u00e1zal\u00e9kpontos n\u00f6veked\u00e9sre sz\u00e1m\u00edtanak a k\u00f6vetkez\u0151 24 h\u00f3nap sor\u00e1n. A r\u00e9gi\u00f3 t\u00f6bb orsz\u00e1g\u00e1ban \u00e9letbe l\u00e9pett fizet\u00e9si morat\u00f3rium miatt azonban nagy a bizonytalans\u00e1g az ad\u00f3sok val\u00f3s t\u00f6rleszt\u00e9si k\u00e9pess\u00e9g\u00e9nek \u00e9s hajland\u00f3s\u00e1g\u00e1nak meg\u00edt\u00e9l\u00e9se tekintet\u00e9ben.<\/p>\n<p>&nbsp;<\/p>\n<p><strong>Hogyan alakulhat a nem teljes\u00edt\u0151 hitelek \u00e9rt\u00e9kes\u00edt\u00e9se?<\/strong><\/p>\n<p><strong>\u00a0<\/strong><br \/>\n<div class=\"ads-in-post2\"><script async src=\"https:\/\/pagead2.googlesyndication.com\/pagead\/js\/adsbygoogle.js\"><\/script>\r\n<ins class=\"adsbygoogle\"\r\n     style=\"display:block\"\r\n     data-ad-format=\"fluid\"\r\n     data-ad-layout-key=\"-6t+ed+2i-1n-4w\"\r\n     data-ad-client=\"ca-pub-1959107119989764\"\r\n     data-ad-slot=\"4008251320\"><\/ins>\r\n<script>\r\n     (adsbygoogle = window.adsbygoogle || []).push({});\r\n<\/script><\/div>\n<p>A v\u00e1laszad\u00f3k negyede tervezi nem teljes\u00edt\u0151 portf\u00f3li\u00f3 \u00e9rt\u00e9kes\u00edt\u00e9s\u00e9t a k\u00f6vetkez\u0151 6 h\u00f3nap sor\u00e1n. A megk\u00e9rdezettek t\u00f6bbs\u00e9g\u00e9n\u00e9l (45%) a j\u00e1rv\u00e1ny kit\u00f6r\u00e9se nem volt hat\u00e1ssal a m\u00e1r folyamatban l\u00e9v\u0151 vagy tervezett NPL tranzakci\u00f3kra. A v\u00e1laszad\u00f3k \u00f6t\u00f6de mondta, hogy a tervezett tranzakci\u00f3t elhalasztotta.\u00a0 Az eredm\u00e9nyek magyar\u00e1zhat\u00f3k azzal, hogy 2020. \u00e9v elej\u00e9re fokozatosan cs\u00f6kkent a tranzakci\u00f3s aktivit\u00e1s a r\u00e9gi\u00f3ban, hiszen a 2015 \u00e9s 2018 k\u00f6z\u00f6tt megval\u00f3sul\u00f3 jelent\u0151s volumen\u0171 NPL tranzakci\u00f3k hat\u00e1s\u00e1ra a r\u00e9gi\u00f3 legt\u00f6bb orsz\u00e1g\u00e1ban fenntarthat\u00f3 szintre cs\u00f6kkent a nem teljes\u00edt\u0151 hitelportf\u00f3li\u00f3k \u00e1llom\u00e1nya. A befektet\u0151k t\u00f6bbs\u00e9ge ugyanakkor szeretn\u00e9 fenntartani a tranzakci\u00f3s aktivit\u00e1s\u00e1t, hab\u00e1r jelezt\u00e9k, hogy k\u00f6r\u00fcltekint\u0151bben v\u00e1logatnak a sz\u00e1mukra \u00e9rdekes lehet\u0151s\u00e9gek k\u00f6z\u00f6tt. A megk\u00e9rdezett befektet\u0151k a tranzakci\u00f3s aktivit\u00e1s fellend\u00fcl\u00e9s\u00e9re sz\u00e1m\u00edtanak a k\u00f6vetkez\u0151 12 h\u00f3napban.<\/p>\n<p>&nbsp;<\/p>\n<p><em>\u201eT\u00f6bb kisebb \u00e9s nagyobb tranzakci\u00f3t is l\u00e1tunk a piacon, amelyek kapcs\u00e1n a koronav\u00edrus j\u00e1rv\u00e1ny kit\u00f6r\u00e9s\u00e9t k\u00f6vet\u0151en az elad\u00f3i oldal a folyamatban l\u00e9v\u0151 vagy tervezett \u00fcgylet elhalaszt\u00e1s\u00e1r\u00f3l d\u00f6nt\u00f6tt. Ugyanakkor elmondhat\u00f3, hogy a ny\u00e1r v\u00e9g\u00e9re n\u00e9h\u00e1ny \u00fcgylet eset\u00e9n a felek \u00fajra t\u00e1rgyal\u00f3asztalhoz \u00fcltek. \u00dagy l\u00e1tjuk, hogy jellemz\u0151en a kisebb portf\u00f3li\u00f3k, illetve az egyedi v\u00e1llalati k\u00f6vetel\u00e9sek \u00e9rt\u00e9kes\u00edt\u00e9se indult el, valamint v\u00e1rhat\u00f3 a piacon az elk\u00f6vetkez\u0151 h\u00f3napokban\u201d<\/em> \u2013 tette hozz\u00e1 a szak\u00e9rt\u0151.<\/p>\n<p>&nbsp;<\/p>\n<p>A bankok t\u00f6bbs\u00e9ge fedezetlen lakoss\u00e1gi hitelek (34%) \u00e9rt\u00e9kes\u00edt\u00e9s\u00e9t tervezi a legnagyobb \u00e9rt\u00e9kben az elk\u00f6vetkez\u0151 id\u0151szakban, ezt k\u00f6vetik az egyedi v\u00e1llalati kitetts\u00e9gek (21%). A fedezetlen lakoss\u00e1gi hitelek ar\u00e1nya emelkedett a bankok portf\u00f3li\u00f3j\u00e1ban az elm\u00falt \u00e9vekben, ugyanakkor a nagy nem teljes\u00edt\u0151 v\u00e1llalati hitelekt\u0151l jellemz\u0151en megtiszt\u00edtott\u00e1k a bankok a m\u00e9rleg\u00fcket, \u00edgy az \u00fajabb nagy NPL \u00e1llom\u00e1nyok fel\u00e9p\u00fcl\u00e9s\u00e9t megel\u0151zve az elad\u00f3k gyakrabban d\u00f6nthetnek egyedi \u00fcgyletek \u00e9rt\u00e9kes\u00edt\u00e9s\u00e9r\u0151l a k\u00f6zelj\u00f6v\u0151ben.<\/p>\n<p>A r\u00e9gi\u00f3 orsz\u00e1gai vegyes k\u00e9pet mutatnak: Lengyelorsz\u00e1gban a v\u00e1laszad\u00f3k fele tervezi fedezetlen lakoss\u00e1gi hitelek \u00e9rt\u00e9kes\u00edt\u00e9s\u00e9t, ahol m\u00e1r kor\u00e1bban is nagyon akt\u00edv piaca volt ennek a hitelt\u00edpusnak. Magyarorsz\u00e1gon, Rom\u00e1ni\u00e1ban \u00e9s a balti \u00e1llamokban a v\u00e1llalati egyedi \u00fcgyletek domin\u00e1lhatnak a j\u00f6v\u0151ben. A befektet\u0151k t\u00f6bbs\u00e9ge ezzel szemben a fedezetlen v\u00e1llalati hitelek \u00e9rt\u00e9kes\u00edt\u00e9s\u00e9t v\u00e1rja a bankokt\u00f3l a legnagyobb \u00e9rt\u00e9kben.<\/p>\n<p>&nbsp;<\/p>\n<p><strong>Restruktur\u00e1l\u00e1s \u00e9s k\u00f6vetel\u00e9skezel\u00e9s<\/strong><\/p>\n<p><strong>\u00a0<\/strong><\/p>\n<p>A v\u00e1laszad\u00f3k harmada szerint a lakoss\u00e1gi ad\u00f3sok 10-20 sz\u00e1zal\u00e9ka eset\u00e9ben v\u00e1rhat\u00f3 a hitelek restruktur\u00e1l\u00e1sa a k\u00f6vetkez\u0151 12 h\u00f3nap sor\u00e1n \u00e1tmeneti likvidit\u00e1si neh\u00e9zs\u00e9gek miatt, m\u00edg a v\u00e1llalati ad\u00f3sok eset\u00e9ben a bankok k\u00f6zel negyede sz\u00e1m\u00edt hasonl\u00f3 k\u00f6vetkezm\u00e9nyekre. Hosszan tart\u00f3 p\u00e9nz\u00fcgyi neh\u00e9zs\u00e9gek miatti restruktur\u00e1l\u00e1sra sz\u00e1m\u00edt a bankok t\u00f6bb mint negyede a lakoss\u00e1gi \u00e9s a v\u00e1llalati ad\u00f3sok 5-10 sz\u00e1zal\u00e9ka eset\u00e9ben.<\/p>\n<p>A v\u00e1laszad\u00f3k d\u00f6nt\u0151 t\u00f6bbs\u00e9ge \u00fagy \u00edt\u00e9li meg, hogy elegend\u0151 er\u0151forr\u00e1ssal rendelkezik a v\u00e1rhat\u00f3an n\u00f6vekv\u0151 sz\u00e1m\u00fa restruktur\u00e1l\u00e1si eset \u00e9s a probl\u00e9m\u00e1ss\u00e1 v\u00e1l\u00f3 ad\u00f3ss\u00e1gok kezel\u00e9s\u00e9nek h\u00e1zon bel\u00fcli megold\u00e1s\u00e1hoz. A bankok csup\u00e1n k\u00f6zel \u00f6t\u00f6de jelezte, hogy v\u00e1rhat\u00f3an k\u00fcls\u0151 er\u0151forr\u00e1sra lesz sz\u00fcks\u00e9g\u00fck a felmer\u00fcl\u0151 restruktur\u00e1l\u00e1sok \u00e9s k\u00f6vetel\u00e9skezel\u00e9s ter\u00fclet\u00e9n, \u00e9s a bankok t\u00f6bb mint 40 sz\u00e1zal\u00e9ka k\u00e9sz kiszervezni k\u00fcls\u0151 szolg\u00e1ltat\u00f3knak a k\u00f6vetel\u00e9skezel\u00e9si tev\u00e9kenys\u00e9gek egy r\u00e9sz\u00e9t. Ez al\u00f3l kiv\u00e9telt k\u00e9pez Magyarorsz\u00e1g, ahol a bankok jellemz\u0151en h\u00e1zon bel\u00fcl kezelik a tev\u00e9kenys\u00e9geket. Ezt t\u00e1mogathatja az er\u0151forr\u00e1sok \u00e1tcsoportos\u00edt\u00e1sa az \u00e1tmenetileg nagyobb kapacit\u00e1ssal rendelkez\u0151 ter\u00fcletekr\u0151l, tov\u00e1bb\u00e1 bizonyos m\u00e9rt\u00e9kig a folyamatok sztenderdiz\u00e1l\u00e1sa is.<\/p>\n<p>&nbsp;<\/p>\n<p>A teljes tanulm\u00e1ny el\u00e9r\u00e9se az al\u00e1bbi <a href=\"https:\/\/www2.deloitte.com\/hu\/hu\/pages\/finance\/articles\/a-koronavirus-hatasa-regionk-bankjaira.html?utm_source=PR&amp;utm_medium=Release&amp;utm_campaign=Advisory&amp;utm_term=Transactions&amp;utm_content=covid-npl\" target=\"_blank\" rel=\"noopener\"><strong>linken<\/strong><\/a> kereszt\u00fcl lehets\u00e9ges.<\/p>\n<p>&nbsp;<\/p>\n<p><strong>A Deloitte-r\u00f3l<\/strong><\/p>\n<p>A Deloitte sz\u00e1mos ipar\u00e1gban ny\u00fajt k\u00f6nyvvizsg\u00e1lati, valamint ad\u00f3- \u00e9s egy\u00e9b tan\u00e1csad\u00e1si, tov\u00e1bb\u00e1 jogi szolg\u00e1ltat\u00e1sokat (\u00fcgyfeleinknek egy\u00fcttm\u0171k\u00f6d\u0151 \u00fcgyv\u00e9di irod\u00e1nk, a Deloitte Legal G\u00f6nd\u00f6cz \u00e9s T\u00e1rsai \u00dcgyv\u00e9di Iroda ny\u00fajtja a jogi tan\u00e1csad\u00e1si szolg\u00e1ltat\u00e1sokat) \u00e1llami \u00e9s mag\u00e1nc\u00e9gek r\u00e9sz\u00e9re egyar\u00e1nt. T\u00f6bb mint 150 orsz\u00e1gban jelen l\u00e9v\u0151 h\u00e1l\u00f3zat\u00e1n kereszt\u00fcl a Deloitte vil\u00e1gsz\u00ednvonal\u00fa szak\u00e9rtelm\u00e9vel \u00e9s min\u0151s\u00e9gi szolg\u00e1ltat\u00e1saival seg\u00edti \u00fcgyfeleit abban, hogy megfeleljenek az el\u0151tt\u00fck \u00e1ll\u00f3 \u00fczleti kih\u00edv\u00e1soknak. A Deloitte mintegy 312 000 szak\u00e9rt\u0151je egyt\u0151l egyig arra t\u00f6rekszik, hogy a kiv\u00e1l\u00f3s\u00e1g m\u00e9rc\u00e9j\u00e9v\u00e9 v\u00e1ljon.<\/p>\n<p>A Deloitte n\u00e9v az Egyes\u00fclt Kir\u00e1lys\u00e1gban \u201ccompany limited by guarantee\u201d form\u00e1ban alap\u00edtott Deloitte Touche Tohmatsu Limited t\u00e1rsas\u00e1gra \u00e9s tagv\u00e1llalatainak h\u00e1l\u00f3zat\u00e1ra utal, melyek mindegyike \u00f6n\u00e1ll\u00f3, egym\u00e1st\u00f3l elk\u00fcl\u00f6n\u00fcl\u0151 jogi szem\u00e9ly. A Deloitte Touche Tohmatsu Limited \u00e9s tagv\u00e1llalatai jogi strukt\u00far\u00e1j\u00e1nak r\u00e9szletes bemutat\u00e1s\u00e1t a k\u00f6vetkez\u0151 link alatt tal\u00e1lja:\u00a0<a href=\"http:\/\/www.deloitte.com\/hu\/magunkrol\" target=\"_blank\" rel=\"noopener\">www.deloitte.com\/hu\/magunkrol<\/a>.<\/p>\n","protected":false},"excerpt":{"rendered":"<p>A COVID-19 j\u00e1rv\u00e1ny nyom\u00e1ban j\u00e1r\u00f3 korl\u00e1toz\u00e1sokkal szerencs\u00e9re egy er\u0151s bankszektor n\u00e9zett szembe K\u00f6z\u00e9p-Kelet-Eur\u00f3p\u00e1ban. A hossz\u00fa t\u00e1v\u00fa kil\u00e1t\u00e1sokat illet\u0151en viszont sok a bizonytalans\u00e1g. Mikor \u00e9r v\u00e9get a v\u00e1ls\u00e1g? Lassul-e a hitelez\u00e9s? Megn\u0151-e a nem teljes\u00edt\u0151 hitelek ar\u00e1nya? A Deloitte tan\u00e1csad\u00f3c\u00e9g region\u00e1lis felm\u00e9r\u00e9se pont azt kutatta, hogyan l\u00e1tj\u00e1k a p\u00e9nzint\u00e9zetek saj\u00e1t j\u00f6v\u0151j\u00fcket?<\/p>\n","protected":false},"author":1001006,"featured_media":113996,"comment_status":"closed","ping_status":"open","sticky":false,"template":"","format":"standard","meta":[],"categories":[146,19],"tags":[],"_links":{"self":[{"href":"https:\/\/gazdasagportal.hu\/index.php\/wp-json\/wp\/v2\/posts\/129714"}],"collection":[{"href":"https:\/\/gazdasagportal.hu\/index.php\/wp-json\/wp\/v2\/posts"}],"about":[{"href":"https:\/\/gazdasagportal.hu\/index.php\/wp-json\/wp\/v2\/types\/post"}],"author":[{"embeddable":true,"href":"https:\/\/gazdasagportal.hu\/index.php\/wp-json\/wp\/v2\/users\/1001006"}],"replies":[{"embeddable":true,"href":"https:\/\/gazdasagportal.hu\/index.php\/wp-json\/wp\/v2\/comments?post=129714"}],"version-history":[{"count":2,"href":"https:\/\/gazdasagportal.hu\/index.php\/wp-json\/wp\/v2\/posts\/129714\/revisions"}],"predecessor-version":[{"id":129761,"href":"https:\/\/gazdasagportal.hu\/index.php\/wp-json\/wp\/v2\/posts\/129714\/revisions\/129761"}],"wp:featuredmedia":[{"embeddable":true,"href":"https:\/\/gazdasagportal.hu\/index.php\/wp-json\/wp\/v2\/media\/113996"}],"wp:attachment":[{"href":"https:\/\/gazdasagportal.hu\/index.php\/wp-json\/wp\/v2\/media?parent=129714"}],"wp:term":[{"taxonomy":"category","embeddable":true,"href":"https:\/\/gazdasagportal.hu\/index.php\/wp-json\/wp\/v2\/categories?post=129714"},{"taxonomy":"post_tag","embeddable":true,"href":"https:\/\/gazdasagportal.hu\/index.php\/wp-json\/wp\/v2\/tags?post=129714"}],"curies":[{"name":"wp","href":"https:\/\/api.w.org\/{rel}","templated":true}]}}