{"id":129712,"date":"2020-09-17T05:04:42","date_gmt":"2020-09-17T03:04:42","guid":{"rendered":"http:\/\/gazdasagportal.hu\/?p=129712"},"modified":"2020-09-16T21:32:49","modified_gmt":"2020-09-16T19:32:49","slug":"zivatarokkal-erkezik-a-hidegfront-2","status":"publish","type":"post","link":"https:\/\/gazdasagportal.hu\/index.php\/zivatarokkal-erkezik-a-hidegfront-2\/","title":{"rendered":"Zivatarokkal \u00e9rkezik a hidegfront"},"content":{"rendered":"<p><strong>Az \u00e9rkez\u0151 hidegfront hat\u00e1s\u00e1ra az orsz\u00e1g nagy r\u00e9sz\u00e9n zivatarokra kell k\u00e9sz\u00fclni cs\u00fct\u00f6rt\u00f6k\u00f6n, helyenk\u00e9nt viszont m\u00e9g 30 Celsius-fok k\u00f6r\u00fcli meleg is lehet.<\/strong><!--more--><\/p>\n<div class=\"ads-in-post2\"><script async src=\"https:\/\/pagead2.googlesyndication.com\/pagead\/js\/adsbygoogle.js\"><\/script>\r\n<ins class=\"adsbygoogle\"\r\n     style=\"display:block\"\r\n     data-ad-format=\"fluid\"\r\n     data-ad-layout-key=\"-6t+ed+2i-1n-4w\"\r\n     data-ad-client=\"ca-pub-1959107119989764\"\r\n     data-ad-slot=\"4008251320\"><\/ins>\r\n<script>\r\n     (adsbygoogle = window.adsbygoogle || []).push({});\r\n<\/script><\/div>\n<p>    Az Orsz\u00e1gos Meteorol\u00f3giai Szolg\u00e1lat szerd\u00e1n az MTI-hez eljuttatott vesz\u00e9lyjelz\u00e9se szerint zivatarvesz\u00e9ly miatt Csongr\u00e1d-Csan\u00e1d, B\u00e9k\u00e9s, Hajd\u00fa-Bihar \u00e9s Szabolcs-Szatm\u00e1r-Bereg megye kiv\u00e9tel\u00e9vel az eg\u00e9sz orsz\u00e1gra els\u0151fok\u00fa figyelmeztet\u00e9st adtak ki.<br \/>\n    Azt \u00edrt\u00e1k: cs\u00fct\u00f6rt\u00f6k\u00f6n kora d\u00e9lut\u00e1nig a nyugati hat\u00e1r k\u00f6zel\u00e9ben, illetve \u00e9szakkeleten helyenk\u00e9nt (nem heves) zivatarok is kialakulhatnak. A d\u00e9lut\u00e1ni, esti \u00f3r\u00e1kban a k\u00f6z\u00e9ps\u0151 orsz\u00e1gr\u00e9szben k\u00e9pz\u0151dhetnek helyenk\u00e9nt \u00fajabb zivatarok, majd \u00e9jjelre megsz\u0171nik a csapad\u00e9k az orsz\u00e1gban. A zivatarokat sz\u00e9ler\u0151s\u00f6d\u00e9s, intenz\u00edv csapad\u00e9k, esetleg egy-egy helyen apr\u00f3szem\u0171 j\u00e9g k\u00eds\u00e9rheti.<br \/>\n<div class=\"ads-in-post1\"><div id=\"gazdasagportal.hu_fullbanner_wideboard\"><\/div>\r\n<\/div>\n    Az el\u0151rejelz\u00e9s szerint cs\u00fct\u00f6rt\u00f6k\u00f6n a leghidegebb \u00f3r\u00e1kban \u00e1ltal\u00e1ban 13-18 fok lesz, de az \u00e9szaki v\u00f6lgyekben enn\u00e9l kiss\u00e9 h\u0171v\u00f6sebb, a nagyobb v\u00e1rosokban enyh\u00e9bb lehet a hajnal. Napk\u00f6zben 25-31 fokig melegszik a leveg\u0151, de Sopronban kiss\u00e9 h\u0171v\u00f6sebb is lehet.(MTI)<\/p>\n","protected":false},"excerpt":{"rendered":"<p>Az \u00e9rkez\u0151 hidegfront hat\u00e1s\u00e1ra az orsz\u00e1g nagy r\u00e9sz\u00e9n zivatarokra kell k\u00e9sz\u00fclni cs\u00fct\u00f6rt\u00f6k\u00f6n, helyenk\u00e9nt viszont m\u00e9g 30 Celsius-fok k\u00f6r\u00fcli meleg is lehet.<\/p>\n","protected":false},"author":1001006,"featured_media":0,"comment_status":"closed","ping_status":"open","sticky":false,"template":"","format":"standard","meta":[],"categories":[4],"tags":[],"_links":{"self":[{"href":"https:\/\/gazdasagportal.hu\/index.php\/wp-json\/wp\/v2\/posts\/129712"}],"collection":[{"href":"https:\/\/gazdasagportal.hu\/index.php\/wp-json\/wp\/v2\/posts"}],"about":[{"href":"https:\/\/gazdasagportal.hu\/index.php\/wp-json\/wp\/v2\/types\/post"}],"author":[{"embeddable":true,"href":"https:\/\/gazdasagportal.hu\/index.php\/wp-json\/wp\/v2\/users\/1001006"}],"replies":[{"embeddable":true,"href":"https:\/\/gazdasagportal.hu\/index.php\/wp-json\/wp\/v2\/comments?post=129712"}],"version-history":[{"count":1,"href":"https:\/\/gazdasagportal.hu\/index.php\/wp-json\/wp\/v2\/posts\/129712\/revisions"}],"predecessor-version":[{"id":129713,"href":"https:\/\/gazdasagportal.hu\/index.php\/wp-json\/wp\/v2\/posts\/129712\/revisions\/129713"}],"wp:attachment":[{"href":"https:\/\/gazdasagportal.hu\/index.php\/wp-json\/wp\/v2\/media?parent=129712"}],"wp:term":[{"taxonomy":"category","embeddable":true,"href":"https:\/\/gazdasagportal.hu\/index.php\/wp-json\/wp\/v2\/categories?post=129712"},{"taxonomy":"post_tag","embeddable":true,"href":"https:\/\/gazdasagportal.hu\/index.php\/wp-json\/wp\/v2\/tags?post=129712"}],"curies":[{"name":"wp","href":"https:\/\/api.w.org\/{rel}","templated":true}]}}