{"id":129709,"date":"2020-09-17T04:30:30","date_gmt":"2020-09-17T02:30:30","guid":{"rendered":"http:\/\/gazdasagportal.hu\/?p=129709"},"modified":"2020-09-16T21:30:47","modified_gmt":"2020-09-16T19:30:47","slug":"tobben-megfertozodtek-egy-nyiregyhazi-idosotthonban","status":"publish","type":"post","link":"https:\/\/gazdasagportal.hu\/index.php\/tobben-megfertozodtek-egy-nyiregyhazi-idosotthonban\/","title":{"rendered":"T\u00f6bben megfert\u0151z\u0151dtek egy ny\u00edregyh\u00e1zi id\u0151sotthonban"},"content":{"rendered":"<p><strong>T\u00f6bben megfert\u0151z\u0151dtek koronav\u00edrussal a ny\u00edregyh\u00e1zi T\u00fcnd\u00e9rkert Szeretetotthonban, a szerd\u00e1n a helysz\u00ednre vez\u00e9nyelt j\u00e1rv\u00e1ny\u00fcgyi bevet\u00e9si egys\u00e9g megkezdte az int\u00e9zm\u00e9ny fert\u0151tlen\u00edt\u00e9s\u00e9t.<\/strong><!--more--><\/p>\n<div class=\"ads-in-post1\"><div id=\"gazdasagportal.hu_fullbanner_wideboard\"><\/div>\r\n<\/div>\n<p>    Az MTI tud\u00f3s\u00edt\u00f3j\u00e1nak inform\u00e1ci\u00f3i szerint a T\u00fcnde utcai, mag\u00e1nfenntart\u00e1s\u00fa szeretetotthonban 21 fert\u0151z\u00f6ttet tal\u00e1ltak. Az \u00e9p\u00fclethez szerd\u00e1n d\u00e9lut\u00e1n katonai j\u00e1rm\u0171vek \u00e9rkeztek, amelyekr\u0151l fert\u0151tlen\u00edt\u0151szereket \u00e9s eszk\u00f6z\u00f6ket pakoltak le a katon\u00e1k.<br \/>\n    Urb\u00e1n Levente, a Magyar Honv\u00e9ds\u00e9g 93. Pet\u0151fi S\u00e1ndor Vegyiv\u00e9delmi Z\u00e1szl\u00f3alj\u00e1nak sz\u00e1zadosa a helysz\u00ednen \u00fajs\u00e1g\u00edr\u00f3knak elmondta, az id\u0151sotthon fert\u0151tlen\u00edt\u00e9s\u00e9re egy biol\u00f3giai mentes\u00edt\u0151 csoport \u00e9rkezett.<br \/>\n    A honv\u00e9ds\u00e9g \u00e1prilis 12-e \u00f3ta folyamatosan v\u00e9gzi a fert\u0151tlen\u00edt\u00e9st az id\u0151sotthonokban \u00e9s a k\u00f3rh\u00e1zakban, ugyanezt a feladatot v\u00e9gzi el az ide kirendelt egys\u00e9g is &#8211; mondta. A sz\u00e1zados t\u00e1j\u00e9koztat\u00e1sa szerint a folyamatot teljes v\u00e9d\u0151ruh\u00e1zatban, k\u00e9t \u00fctemben hajtja v\u00e9gre az \u00e1llom\u00e1ny, els\u0151k\u00e9nt egy melegk\u00f6dk\u00e9pz\u0151s hidrog\u00e9n-peroxid \u00e9s n\u00e1trium hipoklorid alap\u00fa, majd egy m\u00e1sik t\u00edpus\u00fa fert\u0151tlen\u00edt\u0151szerrel permetezik le a lak\u00f3szob\u00e1kat, a vizesblokkokat, az orvosi helyis\u00e9geket \u00e9s m\u00e1s k\u00f6z\u00f6ss\u00e9gi tereket.<br \/>\n    Az MTI megpr\u00f3b\u00e1lta el\u00e9rni a T\u00fcnd\u00e9rkert Szeretetotthon tulajdonos\u00e1t, de az int\u00e9zm\u00e9nyben senki sem vette fel a telefont.<br \/>\n    Az utc\u00e1n v\u00e1rakoz\u00f3 asszony, az egyik id\u0151s \u00e1polt hozz\u00e1tartoz\u00f3ja elmondta, egy h\u00e9ttel ezel\u0151tt hallott\u00e1k, hogy az egyik dolgoz\u00f3 tesztje lett pozit\u00edv, az eredm\u00e9nyt k\u00f6vet\u0151en pedig tegnapel\u0151tt mindenkit leteszteltek, majd fert\u0151tlen\u00edtettek az otthonban. \u00c1ll\u00edt\u00f3lag 24 ember lett koronav\u00edrus-pozit\u00edv &#8211; tette hozz\u00e1.<br \/>\n<div class=\"ads-in-post2\"><script async src=\"https:\/\/pagead2.googlesyndication.com\/pagead\/js\/adsbygoogle.js\"><\/script>\r\n<ins class=\"adsbygoogle\"\r\n     style=\"display:block\"\r\n     data-ad-format=\"fluid\"\r\n     data-ad-layout-key=\"-6t+ed+2i-1n-4w\"\r\n     data-ad-client=\"ca-pub-1959107119989764\"\r\n     data-ad-slot=\"4008251320\"><\/ins>\r\n<script>\r\n     (adsbygoogle = window.adsbygoogle || []).push({});\r\n<\/script><\/div>\n    A szeretetotthon honlapja szerint a bentlak\u00e1sos int\u00e9zm\u00e9ny 2009-t\u0151l m\u0171k\u00f6dik Ny\u00edregyh\u00e1z\u00e1n, az \u00e9p\u00fcletet \u00f6tven ember gondoz\u00e1s\u00e1ra alak\u00edtott\u00e1k ki. Az int\u00e9zm\u00e9ny orvosi szob\u00e1val, szabadid\u0151s \u00e9s k\u00f6z\u00f6ss\u00e9gi helyis\u00e9gekkel, \u00e1lland\u00f3 orvosi \u00fcgyelettel, rendszeres h\u00e1ziorvosi szolg\u00e1lattal \u00e9s ig\u00e9ny eset\u00e9n sz\u00e9lesk\u00f6r\u0171 szakorvosi jelenl\u00e9ttel szolg\u00e1lja lak\u00f3it &#8211; olvashat\u00f3 a honlapon.<\/p>\n","protected":false},"excerpt":{"rendered":"<p>T\u00f6bben megfert\u0151z\u0151dtek koronav\u00edrussal a ny\u00edregyh\u00e1zi T\u00fcnd\u00e9rkert Szeretetotthonban, a szerd\u00e1n a helysz\u00ednre vez\u00e9nyelt j\u00e1rv\u00e1ny\u00fcgyi bevet\u00e9si egys\u00e9g megkezdte az int\u00e9zm\u00e9ny fert\u0151tlen\u00edt\u00e9s\u00e9t.<\/p>\n","protected":false},"author":1001006,"featured_media":0,"comment_status":"closed","ping_status":"open","sticky":false,"template":"","format":"standard","meta":[],"categories":[4,427],"tags":[],"_links":{"self":[{"href":"https:\/\/gazdasagportal.hu\/index.php\/wp-json\/wp\/v2\/posts\/129709"}],"collection":[{"href":"https:\/\/gazdasagportal.hu\/index.php\/wp-json\/wp\/v2\/posts"}],"about":[{"href":"https:\/\/gazdasagportal.hu\/index.php\/wp-json\/wp\/v2\/types\/post"}],"author":[{"embeddable":true,"href":"https:\/\/gazdasagportal.hu\/index.php\/wp-json\/wp\/v2\/users\/1001006"}],"replies":[{"embeddable":true,"href":"https:\/\/gazdasagportal.hu\/index.php\/wp-json\/wp\/v2\/comments?post=129709"}],"version-history":[{"count":2,"href":"https:\/\/gazdasagportal.hu\/index.php\/wp-json\/wp\/v2\/posts\/129709\/revisions"}],"predecessor-version":[{"id":129711,"href":"https:\/\/gazdasagportal.hu\/index.php\/wp-json\/wp\/v2\/posts\/129709\/revisions\/129711"}],"wp:attachment":[{"href":"https:\/\/gazdasagportal.hu\/index.php\/wp-json\/wp\/v2\/media?parent=129709"}],"wp:term":[{"taxonomy":"category","embeddable":true,"href":"https:\/\/gazdasagportal.hu\/index.php\/wp-json\/wp\/v2\/categories?post=129709"},{"taxonomy":"post_tag","embeddable":true,"href":"https:\/\/gazdasagportal.hu\/index.php\/wp-json\/wp\/v2\/tags?post=129709"}],"curies":[{"name":"wp","href":"https:\/\/api.w.org\/{rel}","templated":true}]}}