{"id":129641,"date":"2020-09-14T11:51:58","date_gmt":"2020-09-14T09:51:58","guid":{"rendered":"http:\/\/gazdasagportal.hu\/?p=129641"},"modified":"2020-09-14T11:51:58","modified_gmt":"2020-09-14T09:51:58","slug":"iw-gazdasagkutato-a-nemet-gdp-2022-elejere-erheti-el-a-krizis-elotti-szintet","status":"publish","type":"post","link":"https:\/\/gazdasagportal.hu\/index.php\/iw-gazdasagkutato-a-nemet-gdp-2022-elejere-erheti-el-a-krizis-elotti-szintet\/","title":{"rendered":"IW gazdas\u00e1gkutat\u00f3: a n\u00e9met GDP 2022 elej\u00e9re \u00e9rheti el a kr\u00edzis el\u0151tti szintet"},"content":{"rendered":"<p><strong>Az idei 6,25 sz\u00e1zal\u00e9kos cs\u00f6kken\u00e9s ut\u00e1n a n\u00e9met brutt\u00f3 hazai term\u00e9k 2022 elej\u00e9re m\u00e1r el\u00e9rheti a koronav\u00edrus-v\u00e1ls\u00e1g el\u0151tti szintet, amennyiben nem lesznek korl\u00e1toz\u00e1sok az \u00fajabb fert\u0151z\u00e9si hull\u00e1m miatt &#8211; \u00edrja a k\u00f6lni IW gazdas\u00e1gkutat\u00f3 int\u00e9zet h\u00e9tf\u0151n publik\u00e1lt progn\u00f3zis\u00e1ban.<\/strong><!--more--><\/p>\n<div class=\"ads-in-post1\"><div id=\"gazdasagportal.hu_fullbanner_wideboard\"><\/div>\r\n<\/div>\n<p>A ny\u00e1ri h\u00f3napokban az IW (Institut der deutschen Wirtschaft K\u00f6ln e.V.) kalkul\u00e1ci\u00f3i szerint m\u00e1r megindult a koronav\u00edrus-v\u00e1ls\u00e1gb\u00f3l a gazdas\u00e1gi fellend\u00fcl\u00e9s N\u00e9metorsz\u00e1gban \u00e9s ennek alapj\u00e1n az id\u00e9n a brutt\u00f3 hazai term\u00e9k 6,25 sz\u00e1zal\u00e9kos cs\u00f6kken\u00e9s\u00e9re lehet sz\u00e1m\u00edtani, 2021-ben pedig 4,5 sz\u00e1zal\u00e9kos GDP-n\u00f6veked\u00e9sre. Felt\u00e9ve, hogy a m\u00e1sodik fert\u0151z\u00e9si hull\u00e1m miatt nem v\u00e1lik sz\u00fcks\u00e9gess\u00e9 \u00fajabb korl\u00e1toz\u00e1sok elrendel\u00e9se.<br \/>\nMichael H\u00fcther, az IW igazgat\u00f3ja szerint a n\u00e9met gazdas\u00e1g teljes\u00edtm\u00e9nye 2022 elej\u00e9re \u00e9rheti el a kr\u00edzis el\u0151tti szintet.<br \/>\nSemmi nem vetette vissza olyannyira a n\u00e9met gazdas\u00e1g teljes\u00edtm\u00e9ny\u00e9t az elm\u00falt 70 \u00e9vben, mint a koronav\u00edrus-v\u00e1ls\u00e1g &#8211; \u00edrja a kutat\u00f3int\u00e9zet. Az export \u00f6sszeomlott \u00e9s a lakoss\u00e1gi fogyaszt\u00e1s is jelent\u0151s m\u00e9rt\u00e9kben cs\u00f6kkent. A ny\u00e1ron viszont m\u00e1r megjelentek az els\u0151 bizakod\u00e1sra okot ad\u00f3 jelek. Az \u00e1llami t\u00e1mogat\u00e1soknak \u00e9s az \u00e9p\u00edt\u0151iparnak k\u00f6sz\u00f6nhet\u0151en beindult a n\u00f6veked\u00e9s, az ipari termel\u00e9s kezd kim\u00e1szni a g\u00f6d\u00f6rb\u0151l.<br \/>\nA lakoss\u00e1gi fogyaszt\u00e1s az id\u00e9n 6,5 sz\u00e1zal\u00e9kkal cs\u00f6kken az IW szerint. Nagy val\u00f3sz\u00edn\u0171s\u00e9ggel sokan el\u0151re fogj\u00e1k hozni eredetileg 2021-re tervezett nagy\u00e9rt\u00e9k\u0171 tart\u00f3s fogyaszt\u00e1si cikk v\u00e1s\u00e1rl\u00e1saikat, hogy \u00e9lhessenek az alacsonyabb \u00e1fa lehet\u0151s\u00e9g\u00e9vel. A j\u00f6v\u0151 \u00e9v elej\u00e9n emiatt m\u00e9g lesz n\u00e9mi visszaes\u00e9s a lakoss\u00e1gi fogyaszt\u00e1sban, \u00e9ves \u00e1tlagban azonban n\u00e9gy sz\u00e1zal\u00e9kos n\u00f6veked\u00e9s v\u00e1rhat\u00f3.<br \/>\nKr\u00edzisid\u0151szakban rendszerint visszafogj\u00e1k beruh\u00e1z\u00e1saikat a v\u00e1llalatok \u00e9s ez most is \u00edgy t\u00f6rt\u00e9nt. A v\u00e1llalati beruh\u00e1z\u00e1sok az IW szerint az id\u00e9n 20 sz\u00e1zal\u00e9kkal cs\u00f6kkennek a tavalyihoz k\u00e9pest. A gazdas\u00e1gi stabiliz\u00e1ci\u00f3val p\u00e1rhuzamosan viszont megindul a beruh\u00e1z\u00e1sok n\u00f6veked\u00e9se is, ami 2021-ben \u00edgy 12,5 sz\u00e1zal\u00e9kos lehet.<br \/>\n<div class=\"ads-in-post2\"><script async src=\"https:\/\/pagead2.googlesyndication.com\/pagead\/js\/adsbygoogle.js\"><\/script>\r\n<ins class=\"adsbygoogle\"\r\n     style=\"display:block\"\r\n     data-ad-format=\"fluid\"\r\n     data-ad-layout-key=\"-6t+ed+2i-1n-4w\"\r\n     data-ad-client=\"ca-pub-1959107119989764\"\r\n     data-ad-slot=\"4008251320\"><\/ins>\r\n<script>\r\n     (adsbygoogle = window.adsbygoogle || []).push({});\r\n<\/script><\/div>\nA lak\u00e1s\u00e9p\u00edt\u00e9sek is cs\u00f6kkentek az \u00e9v els\u0151 fel\u00e9ben. Ami a r\u00e9szfoglalkoztat\u00e1s miatt lecs\u00f6kkent j\u00f6vedelmek \u00e9s bizonytalan foglalkoztat\u00e1si kil\u00e1t\u00e1sok miatt nem is csoda. Az \u00e9p\u00edt\u00e9si enged\u00e9lyek kiad\u00e1sa azonban az id\u00e9n m\u00e9g ezzel egy\u00fctt is k\u00e9t sz\u00e1zal\u00e9kkal, j\u00f6v\u0151re m\u00e1sf\u00e9l sz\u00e1zal\u00e9kkal n\u0151.<br \/>\nAz export az id\u00e9n 13,75 sz\u00e1zal\u00e9kkal cs\u00f6kken, j\u00f6v\u0151re 9,5 sz\u00e1zal\u00e9kkal n\u0151 az IW szerint. Az import pedig 9,75 sz\u00e1zal\u00e9kkal cs\u00f6kken az id\u00e9n \u00e9s 9,5 sz\u00e1zal\u00e9kkal emelkedik j\u00f6v\u0151re.<br \/>\nA koronav\u00edrus-v\u00e1ls\u00e1g sokkal \u00e9rz\u00e9kenyebben \u00e9rintette a munkaer\u0151piacot, mint a 2009-es gazdas\u00e1gi \u00e9s p\u00e9nz\u00fcgyi v\u00e1ls\u00e1g. A r\u00e9szmunkaid\u0151s foglalkoztat\u00e1si program bevezet\u00e9s\u00e9nek k\u00f6sz\u00f6nhet\u0151en a v\u00e1llalatok nem k\u00e9nyszer\u00fclnek olyan nagym\u00e9rt\u00e9k\u0171 elbocs\u00e1t\u00e1sokra, mint amilyen an\u00e9lk\u00fcl lenne, az alkalmaz\u00e1sban l\u00e9v\u0151k sz\u00e1ma azonban ezzel egy\u00fctt is 350 ezerrel cs\u00f6kken az id\u00e9n. A munkakeres\u0151k is nehezebben tal\u00e1lnak \u00e1ll\u00e1st, \u00edgy a munkan\u00e9lk\u00fcliek sz\u00e1ma 500 ezerrel emelkedik.<br \/>\n<a title=\"Hely megnyit\u00e1sa\" href=\"https:\/\/www.iwkoeln.de\/presse\/pressemitteilungen\/beitrag\/michael-groemling-wirtschaftsleistung-sinkt-um-6-14-prozent.html\" target=\"_blank\" rel=\"noopener noreferrer\">https:\/\/www.iwkoeln.de\/presse\/pressemitteilungen\/beitrag\/michael-groemling-wirtschaftsleistung-sinkt-um-6-14-prozent.html<\/a><\/p>\n<p>(MTI)<\/p><div id=\"gazda-2996949971\" class=\"gazda-tartalomban gazda-entity-placement\"><script async src=\"https:\/\/pagead2.googlesyndication.com\/pagead\/js\/adsbygoogle.js\"><\/script>\r\n<ins class=\"adsbygoogle\"\r\n     style=\"display:block\"\r\n     data-ad-format=\"fluid\"\r\n     data-ad-layout-key=\"-6t+ed+2i-1n-4w\"\r\n     data-ad-client=\"ca-pub-1959107119989764\"\r\n     data-ad-slot=\"4008251320\"><\/ins>\r\n<script>\r\n     (adsbygoogle = window.adsbygoogle || []).push({});\r\n<\/script><\/div>\n","protected":false},"excerpt":{"rendered":"<p>Az idei 6,25 sz\u00e1zal\u00e9kos cs\u00f6kken\u00e9s ut\u00e1n a n\u00e9met brutt\u00f3 hazai term\u00e9k 2022 elej\u00e9re m\u00e1r el\u00e9rheti a koronav\u00edrus-v\u00e1ls\u00e1g el\u0151tti szintet, amennyiben nem lesznek korl\u00e1toz\u00e1sok az \u00fajabb fert\u0151z\u00e9si hull\u00e1m miatt &#8211; \u00edrja a k\u00f6lni IW gazdas\u00e1gkutat\u00f3 int\u00e9zet h\u00e9tf\u0151n publik\u00e1lt progn\u00f3zis\u00e1ban.<\/p>\n","protected":false},"author":1,"featured_media":0,"comment_status":"closed","ping_status":"open","sticky":false,"template":"","format":"standard","meta":[],"categories":[12,246],"tags":[],"_links":{"self":[{"href":"https:\/\/gazdasagportal.hu\/index.php\/wp-json\/wp\/v2\/posts\/129641"}],"collection":[{"href":"https:\/\/gazdasagportal.hu\/index.php\/wp-json\/wp\/v2\/posts"}],"about":[{"href":"https:\/\/gazdasagportal.hu\/index.php\/wp-json\/wp\/v2\/types\/post"}],"author":[{"embeddable":true,"href":"https:\/\/gazdasagportal.hu\/index.php\/wp-json\/wp\/v2\/users\/1"}],"replies":[{"embeddable":true,"href":"https:\/\/gazdasagportal.hu\/index.php\/wp-json\/wp\/v2\/comments?post=129641"}],"version-history":[{"count":1,"href":"https:\/\/gazdasagportal.hu\/index.php\/wp-json\/wp\/v2\/posts\/129641\/revisions"}],"predecessor-version":[{"id":129642,"href":"https:\/\/gazdasagportal.hu\/index.php\/wp-json\/wp\/v2\/posts\/129641\/revisions\/129642"}],"wp:attachment":[{"href":"https:\/\/gazdasagportal.hu\/index.php\/wp-json\/wp\/v2\/media?parent=129641"}],"wp:term":[{"taxonomy":"category","embeddable":true,"href":"https:\/\/gazdasagportal.hu\/index.php\/wp-json\/wp\/v2\/categories?post=129641"},{"taxonomy":"post_tag","embeddable":true,"href":"https:\/\/gazdasagportal.hu\/index.php\/wp-json\/wp\/v2\/tags?post=129641"}],"curies":[{"name":"wp","href":"https:\/\/api.w.org\/{rel}","templated":true}]}}