{"id":129581,"date":"2020-09-11T10:23:16","date_gmt":"2020-09-11T08:23:16","guid":{"rendered":"http:\/\/gazdasagportal.hu\/?p=129581"},"modified":"2020-09-11T08:24:18","modified_gmt":"2020-09-11T06:24:18","slug":"varga-mihaly-magyarorszag-sikeresen-bocsatott-ki-zold-kotvenyt-a-japan-piacon","status":"publish","type":"post","link":"https:\/\/gazdasagportal.hu\/index.php\/varga-mihaly-magyarorszag-sikeresen-bocsatott-ki-zold-kotvenyt-a-japan-piacon\/","title":{"rendered":"Varga Mih\u00e1ly: Magyarorsz\u00e1g sikeresen bocs\u00e1tott ki z\u00f6ld k\u00f6tv\u00e9nyt a jap\u00e1n piacon"},"content":{"rendered":"<p><strong>Magyarorsz\u00e1g sikeresen bocs\u00e1tott ki k\u00f6tv\u00e9nyeket 500 milli\u00f3 eur\u00f3nyi jenben a jap\u00e1n piacon &#8211; jelentette be Varga Mih\u00e1ly p\u00e9nteken.<\/strong><!--more--><\/p>\n<div class=\"ads-in-post1\"><div id=\"gazdasagportal.hu_fullbanner_wideboard\"><\/div>\r\n<\/div>\n<p>    Az MTI-nek k\u00fcld\u00f6tt k\u00f6zlem\u00e9ny szerint a p\u00e9nz\u00fcgyminiszter kiemelte: a k\u00f6tv\u00e9nyek egyharmada z\u00f6ld k\u00f6tv\u00e9ny, ezzel Magyarorsz\u00e1g az els\u0151 k\u00fclf\u00f6ldi szuver\u00e9n kibocs\u00e1t\u00f3, aki a szigetorsz\u00e1gban eredm\u00e9nyesen l\u00e9pett a jen z\u00f6ld k\u00f6tv\u00e9nyek piac\u00e1ra.<br \/>\n    Jap\u00e1n jenben denomin\u00e1lt, \u00fagynevezett szamur\u00e1j k\u00f6tv\u00e9nyekkel jelent meg az \u00e1zsiai piacon az \u00c1llamad\u00f3ss\u00e1g Kezel\u0151 K\u00f6zpont, 3 \u00e9s 5 \u00e9ves hagyom\u00e1nyos, valamint 7 \u00e9s 10 \u00e9ves futamidej\u0171 z\u00f6ld k\u00f6tv\u00e9nyt bocs\u00e1tott ki &#8211; ismertette Varga Mih\u00e1ly.<br \/>\n    Mint mondta: a z\u00f6ld k\u00f6tv\u00e9nyek futamideje a jap\u00e1n piacon hossz\u00fanak sz\u00e1m\u00edt, \u00edgy a pap\u00edrok n\u00e9pszer\u0171s\u00e9ge azt bizony\u00edtja, hogy a befektet\u0151k \u00c1zsi\u00e1ban is b\u00edznak a magyar gazdas\u00e1gban \u00e9s az orsz\u00e1g kl\u00edmav\u00e9delmi t\u00f6rekv\u00e9seiben.<br \/>\n    A p\u00e9nz\u00fcgyminiszter elmondta: az \u00e1llampap\u00edrt megv\u00e1s\u00e1rl\u00f3k 80 sz\u00e1zal\u00e9ka jap\u00e1n, m\u00edg 20 sz\u00e1zal\u00e9ka m\u00e1s orsz\u00e1gokb\u00f3l \u00e9rkez\u0151 befektet\u0151.<br \/>\n<div class=\"ads-in-post2\"><script async src=\"https:\/\/pagead2.googlesyndication.com\/pagead\/js\/adsbygoogle.js\"><\/script>\r\n<ins class=\"adsbygoogle\"\r\n     style=\"display:block\"\r\n     data-ad-format=\"fluid\"\r\n     data-ad-layout-key=\"-6t+ed+2i-1n-4w\"\r\n     data-ad-client=\"ca-pub-1959107119989764\"\r\n     data-ad-slot=\"4008251320\"><\/ins>\r\n<script>\r\n     (adsbygoogle = window.adsbygoogle || []).push({});\r\n<\/script><\/div>\n    A t\u00e1rca t\u00e1j\u00e9koztat\u00e1sa szerint a kibocs\u00e1t\u00e1s illeszkedik a magyar ad\u00f3ss\u00e1gkezel\u00e9si strat\u00e9gi\u00e1ba, hiszen ezekkel az \u00fcgyletekkel az \u00e1llamad\u00f3ss\u00e1g \u00e1tlagos h\u00e1tralev\u0151 futamideje hosszabb\u00edthat\u00f3, valamint a befektet\u0151i b\u00e1zis is b\u0151v\u00fcl. A magyar \u00e1llam utolj\u00e1ra 2018-ban j\u00e1rt a jap\u00e1n k\u00f6tv\u00e9nypiacon.<br \/>\n    Magyarorsz\u00e1g kor\u00e1bban j\u00fanius 2-\u00e1n, \u00f6tsz\u00f6r\u00f6s befektet\u0151i \u00e9rdekl\u0151d\u00e9s mellett, sikeresen bocs\u00e1tott ki z\u00f6ld k\u00f6tv\u00e9nyeket, 1,5 milli\u00e1rd eur\u00f3 \u00e9rt\u00e9kben. Ezek olyan \u00e1llamk\u00f6tv\u00e9nyek, amelyek forr\u00e1sait igazoltan k\u00f6rnyezetv\u00e9delmi, kl\u00edmav\u00e9delmi fenntarthat\u00f3s\u00e1gi c\u00e9lokra kell ford\u00edtani.(MTI)<\/p>\n","protected":false},"excerpt":{"rendered":"<p>Magyarorsz\u00e1g sikeresen bocs\u00e1tott ki k\u00f6tv\u00e9nyeket 500 milli\u00f3 eur\u00f3nyi jenben a jap\u00e1n piacon &#8211; jelentette be Varga Mih\u00e1ly p\u00e9nteken.<\/p>\n","protected":false},"author":1001006,"featured_media":0,"comment_status":"closed","ping_status":"open","sticky":false,"template":"","format":"standard","meta":[],"categories":[19],"tags":[],"_links":{"self":[{"href":"https:\/\/gazdasagportal.hu\/index.php\/wp-json\/wp\/v2\/posts\/129581"}],"collection":[{"href":"https:\/\/gazdasagportal.hu\/index.php\/wp-json\/wp\/v2\/posts"}],"about":[{"href":"https:\/\/gazdasagportal.hu\/index.php\/wp-json\/wp\/v2\/types\/post"}],"author":[{"embeddable":true,"href":"https:\/\/gazdasagportal.hu\/index.php\/wp-json\/wp\/v2\/users\/1001006"}],"replies":[{"embeddable":true,"href":"https:\/\/gazdasagportal.hu\/index.php\/wp-json\/wp\/v2\/comments?post=129581"}],"version-history":[{"count":1,"href":"https:\/\/gazdasagportal.hu\/index.php\/wp-json\/wp\/v2\/posts\/129581\/revisions"}],"predecessor-version":[{"id":129582,"href":"https:\/\/gazdasagportal.hu\/index.php\/wp-json\/wp\/v2\/posts\/129581\/revisions\/129582"}],"wp:attachment":[{"href":"https:\/\/gazdasagportal.hu\/index.php\/wp-json\/wp\/v2\/media?parent=129581"}],"wp:term":[{"taxonomy":"category","embeddable":true,"href":"https:\/\/gazdasagportal.hu\/index.php\/wp-json\/wp\/v2\/categories?post=129581"},{"taxonomy":"post_tag","embeddable":true,"href":"https:\/\/gazdasagportal.hu\/index.php\/wp-json\/wp\/v2\/tags?post=129581"}],"curies":[{"name":"wp","href":"https:\/\/api.w.org\/{rel}","templated":true}]}}