{"id":129572,"date":"2020-09-11T04:44:54","date_gmt":"2020-09-11T02:44:54","guid":{"rendered":"http:\/\/gazdasagportal.hu\/?p=129572"},"modified":"2020-09-10T22:25:49","modified_gmt":"2020-09-10T20:25:49","slug":"novekedett-a-virus-terjedesenek-kockazata","status":"publish","type":"post","link":"https:\/\/gazdasagportal.hu\/index.php\/novekedett-a-virus-terjedesenek-kockazata\/","title":{"rendered":"N\u00f6vekedett a v\u00edrus terjed\u00e9s\u00e9nek kock\u00e1zata"},"content":{"rendered":"<p><strong>N\u00f6vekedett a koronav\u00edrus terjed\u00e9s\u00e9nek kock\u00e1zata &#8211; mondta a Semmelweis Egyetem rektora cs\u00fct\u00f6rt\u00f6k\u00f6n Budapesten egy szakmai konferenci\u00e1n.<\/strong><!--more--><\/p>\n<div class=\"ads-in-post1\"><div id=\"gazdasagportal.hu_fullbanner_wideboard\"><\/div>\r\n<\/div>\n<p>    Merkely B\u00e9la a XI. n\u00e9peg\u00e9szs\u00e9g\u00fcgyi konferenci\u00e1n tartott nyit\u00f3el\u0151ad\u00e1s\u00e1ban azt hangs\u00falyozta, hogy a hat\u00e9kony j\u00e1rv\u00e1ny\u00fcgyi v\u00e9dekez\u00e9snek k\u00f6sz\u00f6nhet\u0151en egyetlen m\u00e1s orsz\u00e1gban sem volt olyan hossz\u00fa a nyugalmas id\u0151szak, mint Magyarorsz\u00e1gon. Az int\u00e9zked\u00e9sek gyorsan hatottak, a nyit\u00e1s ut\u00e1n is stabilan alacsony volt a j\u00e1rv\u00e1ny terjed\u00e9s\u00e9nek m\u00e9rt\u00e9ke. Az elm\u00falt k\u00e9t h\u00e9tben viszont minden megy\u00e9ben jelent\u0151sen n\u0151ttek ezek a j\u00e1rv\u00e1ny\u00fcgyi jelz\u0151sz\u00e1mok &#8211; h\u00edvta fel a figyelmet.<br \/>\n    Azt mondta: a v\u00edrus nem v\u00e1ltozott, l\u00e9nyeges mut\u00e1ci\u00f3t nem l\u00e1tnak a szakemberek. Ugyanakkor kiemelte: az els\u0151 hull\u00e1m abban jelent\u0151sen k\u00fcl\u00f6nb\u00f6z\u00f6tt a mostani m\u00e1sodik hull\u00e1mt\u00f3l, hogy akkor nagyon magas volt a fert\u0151z\u00f6ttek k\u00f6z\u00f6tt az id\u0151sek ar\u00e1nya. Most a pozit\u00edv esetek t\u00f6bbs\u00e9ge a fiatal koroszt\u00e1lyb\u00f3l ker\u00fcl ki, de a v\u00edrus egy id\u0151 ut\u00e1n \u00e1tterjed az id\u0151sekre is, ez\u00e9rt is kiemelten fontos a maszkhaszn\u00e1lat &#8211; figyelmeztetett.<br \/>\n    Kit\u00e9rt arra is, hogy a koronav\u00edrusnak Magyarorsz\u00e1gon nem volt harminc\u00e9vesn\u00e9l fiatalabb hal\u00e1los \u00e1ldozata, valamint eur\u00f3pai \u00f6sszehasonl\u00edt\u00e1sban alacsonynak sz\u00e1m\u00edt a magyar hal\u00e1loz\u00e1si r\u00e1ta.<br \/>\n    Merkely B\u00e9la ismertette: a n\u00e9gy orvosegyetem \u00e1ltal tavasszal, t\u00f6bb mint t\u00edzezer ember bevon\u00e1s\u00e1val v\u00e9gzett orsz\u00e1gos sz\u0171r\u00e9s alapj\u00e1n is azt \u00e1llap\u00edtott\u00e1k meg, hogy a v\u00edrus ink\u00e1bb az id\u0151s koroszt\u00e1lyt \u00e9rintette.<br \/>\n    Hangs\u00falyozta: fontos a szakmailag megalapozott \u00e9s hiteles kommunik\u00e1ci\u00f3. A &#8222;v\u00edrusszkeptikus \u00e9s maszkszkeptikus hozz\u00e1\u00e1ll\u00e1s&#8221; nem seg\u00edt. K\u00f6z\u00f6ss\u00e9gi \u00f6sszefog\u00e1ssal gy\u0151zhet\u0151 le a j\u00e1rv\u00e1ny &#8211; sz\u00f6gezte le a rektor, kiemelve: a legfontosabb a megel\u0151z\u00e9s, a maszkvisel\u00e9s, a k\u00e9zhigi\u00e9nia \u00e9s a megfelel\u0151 t\u00e1vols\u00e1gtart\u00e1s.<br \/>\n<div class=\"ads-in-post2\"><script async src=\"https:\/\/pagead2.googlesyndication.com\/pagead\/js\/adsbygoogle.js\"><\/script>\r\n<ins class=\"adsbygoogle\"\r\n     style=\"display:block\"\r\n     data-ad-format=\"fluid\"\r\n     data-ad-layout-key=\"-6t+ed+2i-1n-4w\"\r\n     data-ad-client=\"ca-pub-1959107119989764\"\r\n     data-ad-slot=\"4008251320\"><\/ins>\r\n<script>\r\n     (adsbygoogle = window.adsbygoogle || []).push({});\r\n<\/script><\/div>\n    Szab\u00f3 Gyula, a Magyarorsz\u00e1g \u00c1tfog\u00f3 Eg\u00e9szs\u00e9gv\u00e9delmi Sz\u0171r\u0151program (M\u00c1ESZ) szakmai bizotts\u00e1g\u00e1nak tagja is megjegyezte: a koronav\u00edrus elleni v\u00e9dekez\u00e9sben is a prevent\u00edv gondolkod\u00e1s az egyik legfontosabb. Elmondta: 2010-ben &#8222;korszak\u00e1t meghalad\u00f3 m\u00f3don&#8221; \u00faj szakmai szeml\u00e9let sz\u00fcletett, amikor 76 szakmai szervezet vezet\u0151je, vezet\u0151 tan\u00e1csad\u00f3ja elind\u00edtotta a M\u00c1ESZ-t. A t\u00edz \u00e9ve indult programban 1886 helysz\u00ednen, t\u00f6bb mint 560 ezer \u00e1llampolg\u00e1r bevon\u00e1s\u00e1val, 7 milli\u00f3 vizsg\u00e1latot folytattak le 20 ezer szakember &#8211; h\u00e1ziorvosok, eg\u00e9szs\u00e9g\u00fcgyi szakdolgoz\u00f3k, dietetikusok, v\u00e9d\u0151n\u0151k &#8211; r\u00e9szv\u00e9tel\u00e9vel.<br \/>\n    Az esem\u00e9nyen kiosztott programf\u00fczetben azt \u00edrt\u00e1k: Magyarorsz\u00e1gon \u00e9s a vil\u00e1gon is egyed\u00fcl\u00e1ll\u00f3 kezdem\u00e9nyez\u00e9s a Magyarorsz\u00e1g \u00c1tfog\u00f3 Eg\u00e9szs\u00e9gv\u00e9delmi Sz\u0171r\u0151programja 2010-2020-2030. A M\u00c1ESZ f\u0151 c\u00e9lkit\u0171z\u00e9sea min\u00e9l t\u00f6bb vizsg\u00e1lat elv\u00e9gz\u00e9s\u00e9vel az eg\u00e9szs\u00e9g meg\u0151rz\u00e9se, a betegs\u00e9gek megel\u0151z\u00e9se, a lakoss\u00e1g eg\u00e9szs\u00e9gi \u00e1llapot\u00e1nak jav\u00edt\u00e1sa.(MTI)<\/p>\n","protected":false},"excerpt":{"rendered":"<p>N\u00f6vekedett a koronav\u00edrus terjed\u00e9s\u00e9nek kock\u00e1zata &#8211; mondta a Semmelweis Egyetem rektora cs\u00fct\u00f6rt\u00f6k\u00f6n Budapesten egy szakmai konferenci\u00e1n.<\/p>\n","protected":false},"author":1001006,"featured_media":0,"comment_status":"closed","ping_status":"open","sticky":false,"template":"","format":"standard","meta":[],"categories":[4,427],"tags":[],"_links":{"self":[{"href":"https:\/\/gazdasagportal.hu\/index.php\/wp-json\/wp\/v2\/posts\/129572"}],"collection":[{"href":"https:\/\/gazdasagportal.hu\/index.php\/wp-json\/wp\/v2\/posts"}],"about":[{"href":"https:\/\/gazdasagportal.hu\/index.php\/wp-json\/wp\/v2\/types\/post"}],"author":[{"embeddable":true,"href":"https:\/\/gazdasagportal.hu\/index.php\/wp-json\/wp\/v2\/users\/1001006"}],"replies":[{"embeddable":true,"href":"https:\/\/gazdasagportal.hu\/index.php\/wp-json\/wp\/v2\/comments?post=129572"}],"version-history":[{"count":1,"href":"https:\/\/gazdasagportal.hu\/index.php\/wp-json\/wp\/v2\/posts\/129572\/revisions"}],"predecessor-version":[{"id":129573,"href":"https:\/\/gazdasagportal.hu\/index.php\/wp-json\/wp\/v2\/posts\/129572\/revisions\/129573"}],"wp:attachment":[{"href":"https:\/\/gazdasagportal.hu\/index.php\/wp-json\/wp\/v2\/media?parent=129572"}],"wp:term":[{"taxonomy":"category","embeddable":true,"href":"https:\/\/gazdasagportal.hu\/index.php\/wp-json\/wp\/v2\/categories?post=129572"},{"taxonomy":"post_tag","embeddable":true,"href":"https:\/\/gazdasagportal.hu\/index.php\/wp-json\/wp\/v2\/tags?post=129572"}],"curies":[{"name":"wp","href":"https:\/\/api.w.org\/{rel}","templated":true}]}}