{"id":129550,"date":"2020-09-10T14:15:55","date_gmt":"2020-09-10T12:15:55","guid":{"rendered":"http:\/\/gazdasagportal.hu\/?p=129550"},"modified":"2020-09-10T14:15:55","modified_gmt":"2020-09-10T12:15:55","slug":"a-szerencsejatek-zrt-a-magyar-olimpiai-bizottsag-strategiai-partnerekent-tamogatja-az-olimpiai-felkeszulest","status":"publish","type":"post","link":"https:\/\/gazdasagportal.hu\/index.php\/a-szerencsejatek-zrt-a-magyar-olimpiai-bizottsag-strategiai-partnerekent-tamogatja-az-olimpiai-felkeszulest\/","title":{"rendered":"A Szerencsej\u00e1t\u00e9k Zrt. a Magyar Olimpiai Bizotts\u00e1g strat\u00e9giai partnerek\u00e9nt t\u00e1mogatja az olimpiai felk\u00e9sz\u00fcl\u00e9st"},"content":{"rendered":"<p><strong>Az idei \u00e9v szeptember\u00e9t\u0151l a nemzeti lott\u00f3t\u00e1rsas\u00e1g \u00e9s a Magyar Olimpiai Bizotts\u00e1g (MOB) strat\u00e9giai partners\u00e9gre l\u00e9p egym\u00e1ssal. <\/strong><strong>Az egy\u00fcttm\u0171k\u00f6d\u00e9s keret\u00e9ben a Szerencsej\u00e1t\u00e9k Zrt. 2021 \u00e9v v\u00e9g\u00e9ig t\u00e1mogatja a Magyar Olimpiai Csapat eredm\u00e9nyes felk\u00e9sz\u00fcl\u00e9s\u00e9t. A szponzor\u00e1ci\u00f3s hozz\u00e1j\u00e1rul\u00e1s nem csup\u00e1n a ny\u00e1ri, de a t\u00e9li olimpiai j\u00e1t\u00e9kokra, valamint a t\u00e9li eur\u00f3pai ifj\u00fas\u00e1gi olimpiai fesztiv\u00e1lra val\u00f3 felk\u00e9sz\u00fcl\u00e9sre is kiterjed.<\/strong><!--more--><\/p>\n<div class=\"ads-in-post1\"><div id=\"gazdasagportal.hu_fullbanner_wideboard\"><\/div>\r\n<\/div>\n<p><strong>\u00a0<\/strong><\/p>\n<p>A Szerencsej\u00e1t\u00e9k Zrt. hossz\u00fa ideje a magyar sport legnagyobb partnere, \u00e9vek \u00f3ta folytat sikeres egy\u00fcttm\u0171k\u00f6d\u00e9st a legnagyobb sport\u00e1gakat k\u00e9pvisel\u0151 nemzeti sz\u00f6vets\u00e9gekkel, klubokkal \u00e9s t\u00e1mogatja a haz\u00e1nkban megrendez\u00e9sre ker\u00fcl\u0151 nemzetk\u00f6zi sportversenyek megval\u00f3sul\u00e1s\u00e1t, illetve a paralimpiai mozgalmat.\u00a0 A magyar sport sikereiben v\u00e1llalt szerepe most \u00fajabb m\u00e9rf\u00f6ldk\u0151h\u00f6z \u00e9rt a Magyar Olimpiai Bizotts\u00e1ggal megk\u00f6t\u00f6tt szerz\u0151d\u00e9ssel, amelynek jegy\u00e9ben a Szerencsej\u00e1t\u00e9k Zrt. \u00e9s a MOB strat\u00e9giai partners\u00e9gre l\u00e9p egym\u00e1ssal. A meg\u00e1llapod\u00e1s al\u00e1\u00edr\u00e1s\u00e1val a nemzeti lott\u00f3t\u00e1rsas\u00e1g a Magyar Olimpiai Csapat, azaz a MAGYAROCK strat\u00e9giai partner\u00e9v\u00e9 v\u00e1lik 2020. szeptember\u00e9t\u0151l, a magyar olimpiai mozgalom \u00e9s olimpikonjaink mell\u00e9 \u00e1llva k\u00f6zvetlen\u00fcl is el\u0151seg\u00edtve a sportol\u00f3k lehet\u0151 legjobb felk\u00e9sz\u00fcl\u00e9s\u00e9t.<\/p>\n<p>A nemzeti lott\u00f3t\u00e1rsas\u00e1g \u00e9s az olimpiai mozgalom kapcsolata hossz\u00fa id\u0151re ny\u00falik vissza, hiszen 1947. okt\u00f3ber 19-\u00e9n, vagyis k\u00f6zel 73 \u00e9vvel ezel\u0151tt indult Magyarorsz\u00e1gon a Tot\u00f3, a Szerencsej\u00e1t\u00e9k Zrt. legr\u00e9gebbi &#8211; jelenleg is el\u00e9rhet\u0151 &#8211; term\u00e9ke, melyet \u00e9pp a magyar sportol\u00f3k 1948-as londoni olimpi\u00e1ra val\u00f3 kijut\u00e1sa \u00e9rdek\u00e9ben vezettek be itthon.<\/p><div id=\"gazda-1252628359\" class=\"gazda-tartalomban gazda-entity-placement\"><script async src=\"https:\/\/pagead2.googlesyndication.com\/pagead\/js\/adsbygoogle.js\"><\/script>\r\n<ins class=\"adsbygoogle\"\r\n     style=\"display:block\"\r\n     data-ad-format=\"fluid\"\r\n     data-ad-layout-key=\"-6t+ed+2i-1n-4w\"\r\n     data-ad-client=\"ca-pub-1959107119989764\"\r\n     data-ad-slot=\"4008251320\"><\/ins>\r\n<script>\r\n     (adsbygoogle = window.adsbygoogle || []).push({});\r\n<\/script><\/div>\n<div class=\"ads-in-post2\"><script async src=\"https:\/\/pagead2.googlesyndication.com\/pagead\/js\/adsbygoogle.js\"><\/script>\r\n<ins class=\"adsbygoogle\"\r\n     style=\"display:block\"\r\n     data-ad-format=\"fluid\"\r\n     data-ad-layout-key=\"-6t+ed+2i-1n-4w\"\r\n     data-ad-client=\"ca-pub-1959107119989764\"\r\n     data-ad-slot=\"4008251320\"><\/ins>\r\n<script>\r\n     (adsbygoogle = window.adsbygoogle || []).push({});\r\n<\/script><\/div>\n<em>\u201eB\u00edzunk benne, hogy a most megk\u00f6t\u00f6tt egy\u00fcttm\u0171k\u00f6d\u00e9ssel hozz\u00e1j\u00e1rulhatunk olimpikonjaink eredm\u00e9nyes felk\u00e9sz\u00fcl\u00e9s\u00e9hez a j\u00e1rv\u00e1ny okozta kih\u00edv\u00e1sok ellen\u00e9re is. Mindannyian azt a felemel\u0151 k\u00f6z\u00f6ss\u00e9gi \u00e9lm\u00e9nyt szeretn\u00e9nk \u00fajra \u00e1t\u00e9lni, amelyet az olimpiai sikerek jelentenek Magyarorsz\u00e1gnak\u201d<\/em> \u2013 nyilatkozta dr. Czepek G\u00e1bor, a Szerencsej\u00e1t\u00e9k Zrt. vez\u00e9rigazgat\u00f3ja.<\/p>\n<p><em>\u201eAz id\u00e9n 125 esztend\u0151s Magyar Olimpiai Bizotts\u00e1g sikereinek, a Magyarock eredm\u00e9nyes szerepl\u00e9s\u00e9nek egyik titka a hazai gazdas\u00e1gi \u00e9let szerepl\u0151ivel val\u00f3 egy\u00fcttm\u0171k\u00f6d\u00e9sekben rejlik. Ennek remek p\u00e9ld\u00e1ja a Szerencsej\u00e1t\u00e9k Zrt-vel k\u00f6t\u00f6tt meg\u00e1llapod\u00e1s, \u00edgy boldogan k\u00f6sz\u00f6nt\u00f6m ism\u00e9t a csapatban r\u00e9gi partner\u00fcnket. Mi teljes g\u0151zzel k\u00e9sz\u00fcl\u00fcnk Toki\u00f3ra \u00e9s Pekingre is; ez a sz\u00f6vets\u00e9g biztons\u00e1got jelent ezen az \u00faton<\/em><em>\u201d<\/em> &#8211; nyilatkozta Kulcs\u00e1r Kriszti\u00e1n, a Magyar Olimpiai Bizotts\u00e1g eln\u00f6ke.<\/p>\n<p>&nbsp;<\/p>\n","protected":false},"excerpt":{"rendered":"<p>Az idei \u00e9v szeptember\u00e9t\u0151l a nemzeti lott\u00f3t\u00e1rsas\u00e1g \u00e9s a Magyar Olimpiai Bizotts\u00e1g (MOB) strat\u00e9giai partners\u00e9gre l\u00e9p egym\u00e1ssal. Az egy\u00fcttm\u0171k\u00f6d\u00e9s keret\u00e9ben a Szerencsej\u00e1t\u00e9k Zrt. 2021 \u00e9v v\u00e9g\u00e9ig t\u00e1mogatja a Magyar Olimpiai Csapat eredm\u00e9nyes felk\u00e9sz\u00fcl\u00e9s\u00e9t. A szponzor\u00e1ci\u00f3s hozz\u00e1j\u00e1rul\u00e1s nem csup\u00e1n a ny\u00e1ri, de a t\u00e9li olimpiai j\u00e1t\u00e9kokra, valamint a t\u00e9li eur\u00f3pai ifj\u00fas\u00e1gi olimpiai fesztiv\u00e1lra val\u00f3 felk\u00e9sz\u00fcl\u00e9sre is &#8230;<\/p>\n","protected":false},"author":1,"featured_media":0,"comment_status":"closed","ping_status":"open","sticky":false,"template":"","format":"standard","meta":[],"categories":[4,19],"tags":[],"_links":{"self":[{"href":"https:\/\/gazdasagportal.hu\/index.php\/wp-json\/wp\/v2\/posts\/129550"}],"collection":[{"href":"https:\/\/gazdasagportal.hu\/index.php\/wp-json\/wp\/v2\/posts"}],"about":[{"href":"https:\/\/gazdasagportal.hu\/index.php\/wp-json\/wp\/v2\/types\/post"}],"author":[{"embeddable":true,"href":"https:\/\/gazdasagportal.hu\/index.php\/wp-json\/wp\/v2\/users\/1"}],"replies":[{"embeddable":true,"href":"https:\/\/gazdasagportal.hu\/index.php\/wp-json\/wp\/v2\/comments?post=129550"}],"version-history":[{"count":1,"href":"https:\/\/gazdasagportal.hu\/index.php\/wp-json\/wp\/v2\/posts\/129550\/revisions"}],"predecessor-version":[{"id":129551,"href":"https:\/\/gazdasagportal.hu\/index.php\/wp-json\/wp\/v2\/posts\/129550\/revisions\/129551"}],"wp:attachment":[{"href":"https:\/\/gazdasagportal.hu\/index.php\/wp-json\/wp\/v2\/media?parent=129550"}],"wp:term":[{"taxonomy":"category","embeddable":true,"href":"https:\/\/gazdasagportal.hu\/index.php\/wp-json\/wp\/v2\/categories?post=129550"},{"taxonomy":"post_tag","embeddable":true,"href":"https:\/\/gazdasagportal.hu\/index.php\/wp-json\/wp\/v2\/tags?post=129550"}],"curies":[{"name":"wp","href":"https:\/\/api.w.org\/{rel}","templated":true}]}}