{"id":129543,"date":"2020-09-10T11:36:38","date_gmt":"2020-09-10T09:36:38","guid":{"rendered":"http:\/\/gazdasagportal.hu\/?p=129543"},"modified":"2020-09-10T11:36:38","modified_gmt":"2020-09-10T09:36:38","slug":"700-ezerrel-tobben-inteztek-adougyeiket-online","status":"publish","type":"post","link":"https:\/\/gazdasagportal.hu\/index.php\/700-ezerrel-tobben-inteztek-adougyeiket-online\/","title":{"rendered":"700 ezerrel t\u00f6bben int\u00e9zt\u00e9k ad\u00f3\u00fcgyeiket online"},"content":{"rendered":"<p><strong>Az el\u0151z\u0151 \u00e9v els\u0151 h\u00e9t honapj\u00e1hoz k\u00e9pest id\u00e9n j\u00faliusig az ad\u00f3hivataln\u00e1l 700 ezerrel t\u00f6bben int\u00e9zt\u00e9k \u00fcgyeiket online &#8211; mondta Kis P\u00e9ter Andr\u00e1s, a Nemzeti Ad\u00f3- \u00e9s V\u00e1mhivatal sz\u00f3viv\u0151je cs\u00fct\u00f6rt\u00f6k\u00f6n az M1 aktu\u00e1lis csatorn\u00e1n.<\/strong><!--more--><\/p>\n<div class=\"ads-in-post1\"><div id=\"gazdasagportal.hu_fullbanner_wideboard\"><\/div>\r\n<\/div>\n<p>    Hozz\u00e1tette: nagyj\u00e1b\u00f3l ugyanennyivel cs\u00f6kkent a v\u00e1mhivatalok leterhelts\u00e9ge is.     Mint mondta, a kor\u00e1bbi \u00e9vekhez k\u00e9pest id\u00e9n t\u00f6bben v\u00e1lasztott\u00e1k a telefonos \u00fcgyint\u00e9z\u00e9st is. Az ad\u00f3hivatali \u00fcgyint\u00e9z\u00e9s szinte m\u00e1r teljes m\u00e9rt\u00e9kben online bonyol\u00edthat\u00f3 &#8211; f\u0171zte hozz\u00e1, megjegyezve, hogy csak az els\u0151 h\u00e9t h\u00f3napban 4 milli\u00f3 internetes \u00fcgyint\u00e9z\u00e9s t\u00f6rt\u00e9nt.     Kis P\u00e9ter Andr\u00e1s kit\u00e9rt arra is, hogy akik az online ad\u00f3\u00fcgyint\u00e9z\u00e9s mellett d\u00f6ntenek, els\u0151 l\u00e9p\u00e9sk\u00e9nt a Korm\u00e1nyzati Informatikai Fejleszt\u00e9si \u00dcgyn\u00f6ks\u00e9g weboldal\u00e1n kell, hogy beazonos\u00edtj\u00e1k magukat.(MTI)<\/p>\n","protected":false},"excerpt":{"rendered":"<p>Az el\u0151z\u0151 \u00e9v els\u0151 h\u00e9t honapj\u00e1hoz k\u00e9pest id\u00e9n j\u00faliusig az ad\u00f3hivataln\u00e1l 700 ezerrel t\u00f6bben int\u00e9zt\u00e9k \u00fcgyeiket online &#8211; mondta Kis P\u00e9ter Andr\u00e1s, a Nemzeti Ad\u00f3- \u00e9s V\u00e1mhivatal sz\u00f3viv\u0151je cs\u00fct\u00f6rt\u00f6k\u00f6n az M1 aktu\u00e1lis csatorn\u00e1n.<\/p>\n","protected":false},"author":1,"featured_media":0,"comment_status":"closed","ping_status":"open","sticky":false,"template":"","format":"standard","meta":[],"categories":[20,19],"tags":[],"_links":{"self":[{"href":"https:\/\/gazdasagportal.hu\/index.php\/wp-json\/wp\/v2\/posts\/129543"}],"collection":[{"href":"https:\/\/gazdasagportal.hu\/index.php\/wp-json\/wp\/v2\/posts"}],"about":[{"href":"https:\/\/gazdasagportal.hu\/index.php\/wp-json\/wp\/v2\/types\/post"}],"author":[{"embeddable":true,"href":"https:\/\/gazdasagportal.hu\/index.php\/wp-json\/wp\/v2\/users\/1"}],"replies":[{"embeddable":true,"href":"https:\/\/gazdasagportal.hu\/index.php\/wp-json\/wp\/v2\/comments?post=129543"}],"version-history":[{"count":1,"href":"https:\/\/gazdasagportal.hu\/index.php\/wp-json\/wp\/v2\/posts\/129543\/revisions"}],"predecessor-version":[{"id":129544,"href":"https:\/\/gazdasagportal.hu\/index.php\/wp-json\/wp\/v2\/posts\/129543\/revisions\/129544"}],"wp:attachment":[{"href":"https:\/\/gazdasagportal.hu\/index.php\/wp-json\/wp\/v2\/media?parent=129543"}],"wp:term":[{"taxonomy":"category","embeddable":true,"href":"https:\/\/gazdasagportal.hu\/index.php\/wp-json\/wp\/v2\/categories?post=129543"},{"taxonomy":"post_tag","embeddable":true,"href":"https:\/\/gazdasagportal.hu\/index.php\/wp-json\/wp\/v2\/tags?post=129543"}],"curies":[{"name":"wp","href":"https:\/\/api.w.org\/{rel}","templated":true}]}}