{"id":129520,"date":"2020-09-09T16:31:56","date_gmt":"2020-09-09T14:31:56","guid":{"rendered":"http:\/\/gazdasagportal.hu\/?p=129520"},"modified":"2020-09-09T16:31:56","modified_gmt":"2020-09-09T14:31:56","slug":"ellenszavazat-nelkul-dontott-a-monetaris-tanacs-az-alapkamat-tartasarol-augusztusban","status":"publish","type":"post","link":"https:\/\/gazdasagportal.hu\/index.php\/ellenszavazat-nelkul-dontott-a-monetaris-tanacs-az-alapkamat-tartasarol-augusztusban\/","title":{"rendered":"Ellenszavazat n\u00e9lk\u00fcl d\u00f6nt\u00f6tt a monet\u00e1ris tan\u00e1cs az alapkamat tart\u00e1s\u00e1r\u00f3l augusztusban"},"content":{"rendered":"<p><strong>A monet\u00e1ris tan\u00e1cs tagjai ellenszavazat n\u00e9lk\u00fcl d\u00f6nt\u00f6ttek augusztusban arr\u00f3l, hogy 0,6 sz\u00e1zal\u00e9k maradjon az alapkamat, \u00e9s a kamatfolyos\u00f3 se v\u00e1ltozzon &#8211; k\u00f6z\u00f6lte a Magyar Nemzeti Bank (MNB) az augusztus 25-i kamatd\u00f6nt\u0151 \u00fcl\u00e9sr\u0151l szerd\u00e1n kiadott r\u00f6vid\u00edtett jegyz\u0151k\u00f6nyv\u00e9ben.<\/strong><!--more--><\/p>\n<div class=\"ads-in-post1\"><div id=\"gazdasagportal.hu_fullbanner_wideboard\"><\/div>\r\n<\/div>\n<p>    Az egynapos jegybanki fedezett hitel kamatl\u00e1ba, az egyhetes jegybanki fedezett hitel kamatl\u00e1ba 1,85 sz\u00e1zal\u00e9kon maradt \u00e9s az egynapos jegybanki bet\u00e9t kamatl\u00e1ba -0,05 sz\u00e1zal\u00e9k v\u00e1ltozatlanul. A test\u00fclet ezt megel\u0151z\u0151en a j\u00faliusi kamatd\u00f6nt\u0151 \u00fcl\u00e9s\u00e9n 15 b\u00e1zisponttal 0,60 sz\u00e1zal\u00e9kra cs\u00f6kkentette a jegybanki alapkamatot, ahogy az azt megel\u0151z\u0151 j\u00faniusi \u00fcl\u00e9s\u00e9n is, akkor 0,75 sz\u00e1zal\u00e9kra. A jegybanki alapkamat 2016. m\u00e1jus 25. \u00f3ta \u00e1llt 0,90 sz\u00e1zal\u00e9kon.<br \/>\n    Az egyhetes bet\u00e9ti eszk\u00f6z kamat\u00e1t az MNB tov\u00e1bbra is a heti tenderek keret\u00e9ben hat\u00e1rozza meg.<br \/>\n    A jegyz\u0151k\u00f6nyvben kiemelik: a monet\u00e1ris tan\u00e1cs szerint az alapkamat 0,60 sz\u00e1zal\u00e9kos szintje fenntarthat\u00f3 m\u00f3don t\u00e1mogatja az \u00e1rstabilit\u00e1st, a p\u00e9nz\u00fcgyi stabilit\u00e1s meg\u0151rz\u00e9s\u00e9t \u00e9s a gazdas\u00e1gi n\u00f6veked\u00e9s helyre\u00e1ll\u00edt\u00e1s\u00e1t. A tan\u00e1cs folyamatosan \u00e9rt\u00e9keli a be\u00e9rkez\u0151 adatokat \u00e9s az infl\u00e1ci\u00f3s kil\u00e1t\u00e1sok v\u00e1ltoz\u00e1s\u00e1t. A n\u00f6veked\u00e9si kil\u00e1t\u00e1sok tart\u00f3s roml\u00e1sa eset\u00e9n a jegybank a beruh\u00e1z\u00e1sokat legk\u00f6zvetlenebb m\u00f3don t\u00e1mogat\u00f3 c\u00e9lzott eszk\u00f6zein, a N\u00f6veked\u00e9si hitelprogram (Nhp) hajr\u00e1!-n \u00e9s a N\u00f6veked\u00e9si k\u00f6tv\u00e9nyprogramon (Nkp) kereszt\u00fcl biztos\u00edtja a sz\u00fcks\u00e9ges tov\u00e1bbi gazdas\u00e1g\u00f6szt\u00f6nz\u00e9st &#8211; \u00edrt\u00e1k.<br \/>\n     A r\u00f6vid\u00edtett jegyz\u0151k\u00f6nyv szerint a makrogazdas\u00e1gi \u00e9s p\u00e9nzpiaci folyamatokat tov\u00e1bbra is legink\u00e1bb a koronav\u00edrus-j\u00e1rv\u00e1ny hat\u00e1sai alak\u00edtj\u00e1k. A j\u00e1rv\u00e1ny m\u00e1sodik hull\u00e1m\u00e1nak megjelen\u00e9se a kock\u00e1zatok n\u00f6veked\u00e9s\u00e9t okozza. Az eg\u00e9szs\u00e9g\u00fcgyi vesz\u00e9lyhelyzet id\u0151beli lefut\u00e1sa, valamint a vil\u00e1ggazdas\u00e1g helyre\u00e1ll\u00e1s\u00e1nak sebess\u00e9ge tov\u00e1bbra is csak rendk\u00edv\u00fcl nagy bizonytalans\u00e1ggal \u00edt\u00e9lhet\u0151 meg &#8211; \u00edrt\u00e1k. A magyar gazdas\u00e1got stabil fundamentumok \u00e9s er\u0151s n\u00f6veked\u00e9s mellett \u00e9rte el a koronav\u00edrusj\u00e1rv\u00e1ny. Az elm\u00falt \u00e9vtizedben k\u00f6vetett gazdas\u00e1gpolitika fenntartotta Magyarorsz\u00e1g makrogazdas\u00e1gi egyens\u00faly\u00e1t, valamint cs\u00f6kkentette a k\u00fcls\u0151 \u00e9s bels\u0151 s\u00e9r\u00fcl\u00e9kenys\u00e9g\u00e9t.<br \/>\n<div class=\"ads-in-post2\"><script async src=\"https:\/\/pagead2.googlesyndication.com\/pagead\/js\/adsbygoogle.js\"><\/script>\r\n<ins class=\"adsbygoogle\"\r\n     style=\"display:block\"\r\n     data-ad-format=\"fluid\"\r\n     data-ad-layout-key=\"-6t+ed+2i-1n-4w\"\r\n     data-ad-client=\"ca-pub-1959107119989764\"\r\n     data-ad-slot=\"4008251320\"><\/ins>\r\n<script>\r\n     (adsbygoogle = window.adsbygoogle || []).push({});\r\n<\/script><\/div>\n    Magyarorsz\u00e1g sikeres eg\u00e9szs\u00e9g\u00fcgyi v\u00e9dekez\u00e9st hajtott v\u00e9gre a koronav\u00edrus-j\u00e1rv\u00e1ny els\u0151 hull\u00e1m\u00e1val szemben. A gazdas\u00e1g le\u00e1ll\u00e1sa miatt a legt\u00f6bb nemzetgazdas\u00e1gi \u00e1g termel\u00e9se visszaesett, \u00edgy 2020 m\u00e1sodik negyed\u00e9v\u00e9ben a  GDP 13,6 sz\u00e1zal\u00e9kkal cs\u00f6kkent \u00e9ves \u00f6sszevet\u00e9sben.<br \/>\n    Egyet\u00e9rtettek abban, hogy a v\u00e1rtn\u00e1l gyeng\u00e9bb GDP-adat sz\u00fcks\u00e9gess\u00e9 teszi az idei n\u00f6veked\u00e9si kil\u00e1t\u00e1sok m\u00f3dos\u00edt\u00e1s\u00e1t, a szeptemberi Infl\u00e1ci\u00f3s jelent\u00e9sben. A sikeres eg\u00e9szs\u00e9g\u00fcgyi v\u00e9dekez\u00e9s v\u00e1ltozatlanul a gazdas\u00e1gi n\u00f6veked\u00e9s helyre\u00e1ll\u00edt\u00e1s\u00e1nak alapja &#8211; hangs\u00falyozt\u00e1k.<br \/>\n    A d\u00f6nt\u00e9shoz\u00f3k \u00e1ltal\u00e1nos v\u00e9lem\u00e9nye szerint a k\u00f6vetkez\u0151 h\u00f3napokban kiemelten kell \u00e9rt\u00e9kelni a gazdas\u00e1g helyre\u00e1ll\u00e1s\u00e1val kialakul\u00f3 infl\u00e1ci\u00f3s hat\u00e1sok tart\u00f3ss\u00e1g\u00e1t \u00e9s az \u00e1rstabilit\u00e1s el\u00e9r\u00e9s\u00e9re gyakorolt k\u00f6vetkezm\u00e9nyeit. A tan\u00e1cstagok r\u00e1mutattak, hogy a j\u00e1rv\u00e1ny id\u0151beli lefut\u00e1sa miatt az els\u0151 k\u00e9t negyed\u00e9v adatait egy\u00fcttesen sz\u00fcks\u00e9ges \u00e9rt\u00e9kelni. Ezt tekintve a magyar gazdas\u00e1g teljes\u00edtm\u00e9nye a visegr\u00e1di r\u00e9gi\u00f3hoz hasonl\u00f3an alakult, az EU \u00e9s az eur\u00f3z\u00f3na \u00e1tlag\u00e1t pedig tov\u00e1bbra is \u00e9rdemben meghaladta.<br \/>\n    T\u00f6bb d\u00f6nt\u00e9shoz\u00f3 kiemelte, hogy a hosszabb t\u00e1v\u00fa n\u00f6veked\u00e9si kil\u00e1t\u00e1sok szempontj\u00e1b\u00f3l kiemelten fontos a munkaer\u0151piac helyzete. Nemzetk\u00f6zi \u00f6sszehasonl\u00edt\u00e1sban a hazai munkan\u00e9lk\u00fclis\u00e9gi r\u00e1ta v\u00e1ltozatlanul alacsony, ami hozz\u00e1j\u00e1rul a k\u00f6vetkez\u0151 negyed\u00e9vek re\u00e1lgazdas\u00e1gi teljes\u00edtm\u00e9ny\u00e9nek helyre\u00e1ll\u00e1s\u00e1hoz. A k\u00f6lts\u00e9gvet\u00e9si folyamatokn\u00e1l a tan\u00e1cstagok r\u00e1mutattak: az els\u0151 f\u00e9l \u00e9vben a visszaes\u0151 GDP \u00e9s a gazdas\u00e1gi v\u00e9dekez\u00e9s k\u00f6lts\u00e9gei jelent\u0151sen megemelt\u00e9k a k\u00f6lts\u00e9gvet\u00e9s finansz\u00edroz\u00e1si ig\u00e9ny\u00e9t. N\u00e9h\u00e1ny d\u00f6nt\u00e9shoz\u00f3 szerint a finansz\u00edroz\u00e1si ig\u00e9ny biztos\u00edt\u00e1sa szempontj\u00e1b\u00f3l v\u00e1ltozatlanul kiemelt fontoss\u00e1g\u00fa, hogy a lakoss\u00e1gi finansz\u00edroz\u00e1s, f\u0151k\u00e9nt a M\u00c1P+, v\u00e1ls\u00e1g\u00e1ll\u00f3nak bizonyult, ami az \u00e9v h\u00e1tral\u00e9v\u0151 r\u00e9sz\u00e9ben is stabil forr\u00e1st jelenthet.<br \/>\n<div class=\"ads-in-post2\"><script async src=\"https:\/\/pagead2.googlesyndication.com\/pagead\/js\/adsbygoogle.js\"><\/script>\r\n<ins class=\"adsbygoogle\"\r\n     style=\"display:block\"\r\n     data-ad-format=\"fluid\"\r\n     data-ad-layout-key=\"-6t+ed+2i-1n-4w\"\r\n     data-ad-client=\"ca-pub-1959107119989764\"\r\n     data-ad-slot=\"4008251320\"><\/ins>\r\n<script>\r\n     (adsbygoogle = window.adsbygoogle || []).push({});\r\n<\/script><\/div>\n    A jegybank a 2020 \u00e1prilis\u00e1ban elind\u00edtott \u00e1llampap\u00edr-v\u00e1s\u00e1rl\u00e1si programmal stabiliz\u00e1lta az \u00e1llampap\u00edrpiaci folyamatokat \u00e9s cs\u00f6kkentette a hozamokat. Az MNB \u00e1tmeneti sz\u00fcnet ut\u00e1n 2020 j\u00falius\u00e1t\u00f3l \u00fajra c\u00e9lzott \u00e1llampap\u00edr-v\u00e1s\u00e1rl\u00e1sokat hajtott v\u00e9gre a 15 \u00e9v feletti szegmensben annak \u00e9rdek\u00e9ben, hogy az alapkamat-cs\u00f6kkent\u00e9s a hozamg\u00f6rbe hosszabb szakasz\u00e1n is \u00e9rv\u00e9nyes\u00fclj\u00f6n. A tan\u00e1cs az \u00e1llampap\u00edr-v\u00e1s\u00e1rl\u00e1si programot a sz\u00fcks\u00e9ges m\u00e9rt\u00e9kben \u00e9s a sz\u00fcks\u00e9ges ideig k\u00edv\u00e1nja haszn\u00e1lni &#8211; \u00edrt\u00e1k, \u00e9s jelezt\u00e9k: a tan\u00e1cstagok egyet\u00e9rtettek abban, hogy a heti v\u00e1s\u00e1rl\u00e1sok mennyis\u00e9g\u00e9t az eddigi 15 milli\u00e1rd forintr\u00f3l sz\u00fcks\u00e9ges tov\u00e1bb emelni. A jegybank ezent\u00fal is a hossz\u00fa szegmensben fog \u00e1llampap\u00edrokat v\u00e1s\u00e1rolni. A tan\u00e1cs tagjai hangs\u00falyozt\u00e1k, hogy a jegybank a biztos\u00edtott t\u00f6bbletlikvidit\u00e1st a r\u00f6vid oldali eszk\u00f6zeivel steriliz\u00e1lni fogja.(MTI)<\/p>\n","protected":false},"excerpt":{"rendered":"<p>A monet\u00e1ris tan\u00e1cs tagjai ellenszavazat n\u00e9lk\u00fcl d\u00f6nt\u00f6ttek augusztusban arr\u00f3l, hogy 0,6 sz\u00e1zal\u00e9k maradjon az alapkamat, \u00e9s a kamatfolyos\u00f3 se v\u00e1ltozzon &#8211; k\u00f6z\u00f6lte a Magyar Nemzeti Bank (MNB) az augusztus 25-i kamatd\u00f6nt\u0151 \u00fcl\u00e9sr\u0151l szerd\u00e1n kiadott r\u00f6vid\u00edtett jegyz\u0151k\u00f6nyv\u00e9ben.<\/p>\n","protected":false},"author":1,"featured_media":0,"comment_status":"closed","ping_status":"open","sticky":false,"template":"","format":"standard","meta":[],"categories":[19],"tags":[],"_links":{"self":[{"href":"https:\/\/gazdasagportal.hu\/index.php\/wp-json\/wp\/v2\/posts\/129520"}],"collection":[{"href":"https:\/\/gazdasagportal.hu\/index.php\/wp-json\/wp\/v2\/posts"}],"about":[{"href":"https:\/\/gazdasagportal.hu\/index.php\/wp-json\/wp\/v2\/types\/post"}],"author":[{"embeddable":true,"href":"https:\/\/gazdasagportal.hu\/index.php\/wp-json\/wp\/v2\/users\/1"}],"replies":[{"embeddable":true,"href":"https:\/\/gazdasagportal.hu\/index.php\/wp-json\/wp\/v2\/comments?post=129520"}],"version-history":[{"count":1,"href":"https:\/\/gazdasagportal.hu\/index.php\/wp-json\/wp\/v2\/posts\/129520\/revisions"}],"predecessor-version":[{"id":129521,"href":"https:\/\/gazdasagportal.hu\/index.php\/wp-json\/wp\/v2\/posts\/129520\/revisions\/129521"}],"wp:attachment":[{"href":"https:\/\/gazdasagportal.hu\/index.php\/wp-json\/wp\/v2\/media?parent=129520"}],"wp:term":[{"taxonomy":"category","embeddable":true,"href":"https:\/\/gazdasagportal.hu\/index.php\/wp-json\/wp\/v2\/categories?post=129520"},{"taxonomy":"post_tag","embeddable":true,"href":"https:\/\/gazdasagportal.hu\/index.php\/wp-json\/wp\/v2\/tags?post=129520"}],"curies":[{"name":"wp","href":"https:\/\/api.w.org\/{rel}","templated":true}]}}