{"id":129502,"date":"2020-09-09T10:49:52","date_gmt":"2020-09-09T08:49:52","guid":{"rendered":"http:\/\/gazdasagportal.hu\/?p=129502"},"modified":"2020-09-09T10:49:52","modified_gmt":"2020-09-09T08:49:52","slug":"mnb-a-jovedeki-ado-emelese-05-szazalekpontot-magyaraz-az-inflaciobol","status":"publish","type":"post","link":"https:\/\/gazdasagportal.hu\/index.php\/mnb-a-jovedeki-ado-emelese-05-szazalekpontot-magyaraz-az-inflaciobol\/","title":{"rendered":"MNB: a j\u00f6ved\u00e9ki ad\u00f3 emel\u00e9se 0,5 sz\u00e1zal\u00e9kpontot magyar\u00e1z az infl\u00e1ci\u00f3b\u00f3l"},"content":{"rendered":"<p><strong>Augusztusban az el\u0151z\u0151 h\u00f3naphoz k\u00e9pest az infl\u00e1ci\u00f3 \u00e9s a maginfl\u00e1ci\u00f3 enyhe emelked\u00e9s\u00e9t els\u0151sorban az alkohol, doh\u00e1ny term\u00e9kek, illetve a feldolgozott \u00e9lelmiszerek \u00e1remelked\u00e9se okozta. A doh\u00e1nyterm\u00e9kek eset\u00e9ben folytat\u00f3dott a j\u00faliusi j\u00f6ved\u00e9kiad\u00f3-emel\u00e9s begy\u0171r\u0171z\u00e9se, \u00edgy az ad\u00f3hat\u00e1s \u00f6nmag\u00e1ban 0,5 sz\u00e1zal\u00e9kponttal n\u00f6velte meg a maginfl\u00e1ci\u00f3t. A teljes fogyaszt\u00f3i\u00e1r-indexben is az \u00fczemanyagok \u00e9s doh\u00e1nyterm\u00e9kek indirekt ad\u00f3emel\u00e9s\u00e9nek hat\u00e1sa 0,5 sz\u00e1zal\u00e9kpont volt &#8211; \u00edgy komment\u00e1lta az augusztusi infl\u00e1ci\u00f3s adatokat szerd\u00e1n a Magyar Nemzeti Bank (MNB).<\/strong><!--more--><\/p>\n<div class=\"ads-in-post1\"><div id=\"gazdasagportal.hu_fullbanner_wideboard\"><\/div>\r\n<\/div>\n<p>    A tart\u00f3sabb infl\u00e1ci\u00f3s tendenci\u00e1kat megragad\u00f3, MNB \u00e1ltal sz\u00e1m\u00edtott mutat\u00f3k &#8211; a kereslet\u00e9rz\u00e9keny term\u00e9kek \u00e1rindexe 0,1 sz\u00e1zal\u00e9kponttal 3,6 sz\u00e1zal\u00e9kra emelkedett, a ritk\u00e1n v\u00e1ltoz\u00f3 \u00e1r\u00fa term\u00e9kek \u00e9s szolg\u00e1ltat\u00e1sok infl\u00e1ci\u00f3ja 4,1 sz\u00e1zal\u00e9kon maradt &#8211; azaz l\u00e9nyeg\u00e9ben nem v\u00e1ltoztak az el\u0151z\u0151 h\u00f3naphoz k\u00e9pest. Az indirekt ad\u00f3kt\u00f3l sz\u0171rt maginfl\u00e1ci\u00f3 szint\u00e9n minim\u00e1lisan, 0,1 sz\u00e1zal\u00e9kkal 4,2 sz\u00e1zal\u00e9kra emelkedett augusztusban.<br \/>\n    Az \u00e9ves infl\u00e1ci\u00f3s adatot a gazdas\u00e1g \u00fajraindul\u00e1s\u00e1hoz kapcsol\u00f3d\u00f3, a keresleti \u00e9s k\u00edn\u00e1lati viszonyok hirtelen eltol\u00f3d\u00e1s\u00e1b\u00f3l ad\u00f3d\u00f3 \u00e1t\u00e1raz\u00e1sok er\u0151teljesen befoly\u00e1solt\u00e1k &#8211; \u00e1llap\u00edtotta meg az MNB elemz\u00e9se. A term\u00e9kszint\u0171 havi \u00e1rv\u00e1ltoz\u00e1sok elm\u00falt k\u00e9thavi eloszl\u00e1sa \u00e9rdemben elt\u00e9r a kor\u00e1bbi mint\u00e1zatt\u00f3l. M\u00edg a kor\u00e1bbi \u00e9vekben a ny\u00e1ri h\u00f3napokban t\u00f6rt\u00e9n\u0151 \u00e1rm\u00f3dos\u00edt\u00e1s kev\u00e9sb\u00e9 volt jellemz\u0151, addig az id\u00e9n \u00e9rdemben emelkedett azon term\u00e9kek \u00e9s szolg\u00e1ltat\u00e1sok ar\u00e1nya, ahol magasabb \u00e1rn\u00f6veked\u00e9s t\u00f6rt\u00e9nt &#8211; tett\u00e9k hozz\u00e1. A korl\u00e1toz\u00e1sok fokozatos felold\u00e1sa k\u00f6vetkezt\u00e9ben n\u00e9h\u00e1ny r\u00e9szpiacon megugrott a kereslet, illetve egyes term\u00e9kek eset\u00e9n a termel\u00e9si l\u00e1ncok fokozatos helyre\u00e1ll\u00e1sa miatt \u00e1tmenetileg korl\u00e1tozott el\u00e9rhet\u0151s\u00e9g volt jellemz\u0151 &#8211; magyar\u00e1zta az MNB.(MTI)<\/p>\n","protected":false},"excerpt":{"rendered":"<p>Augusztusban az el\u0151z\u0151 h\u00f3naphoz k\u00e9pest az infl\u00e1ci\u00f3 \u00e9s a maginfl\u00e1ci\u00f3 enyhe emelked\u00e9s\u00e9t els\u0151sorban az alkohol, doh\u00e1ny term\u00e9kek, illetve a feldolgozott \u00e9lelmiszerek \u00e1remelked\u00e9se okozta. A doh\u00e1nyterm\u00e9kek eset\u00e9ben folytat\u00f3dott a j\u00faliusi j\u00f6ved\u00e9kiad\u00f3-emel\u00e9s begy\u0171r\u0171z\u00e9se, \u00edgy az ad\u00f3hat\u00e1s \u00f6nmag\u00e1ban 0,5 sz\u00e1zal\u00e9kponttal n\u00f6velte meg a maginfl\u00e1ci\u00f3t. A teljes fogyaszt\u00f3i\u00e1r-indexben is az \u00fczemanyagok \u00e9s doh\u00e1nyterm\u00e9kek indirekt ad\u00f3emel\u00e9s\u00e9nek hat\u00e1sa 0,5 sz\u00e1zal\u00e9kpont volt &#8230;<\/p>\n","protected":false},"author":1,"featured_media":0,"comment_status":"closed","ping_status":"open","sticky":false,"template":"","format":"standard","meta":[],"categories":[19],"tags":[],"_links":{"self":[{"href":"https:\/\/gazdasagportal.hu\/index.php\/wp-json\/wp\/v2\/posts\/129502"}],"collection":[{"href":"https:\/\/gazdasagportal.hu\/index.php\/wp-json\/wp\/v2\/posts"}],"about":[{"href":"https:\/\/gazdasagportal.hu\/index.php\/wp-json\/wp\/v2\/types\/post"}],"author":[{"embeddable":true,"href":"https:\/\/gazdasagportal.hu\/index.php\/wp-json\/wp\/v2\/users\/1"}],"replies":[{"embeddable":true,"href":"https:\/\/gazdasagportal.hu\/index.php\/wp-json\/wp\/v2\/comments?post=129502"}],"version-history":[{"count":1,"href":"https:\/\/gazdasagportal.hu\/index.php\/wp-json\/wp\/v2\/posts\/129502\/revisions"}],"predecessor-version":[{"id":129503,"href":"https:\/\/gazdasagportal.hu\/index.php\/wp-json\/wp\/v2\/posts\/129502\/revisions\/129503"}],"wp:attachment":[{"href":"https:\/\/gazdasagportal.hu\/index.php\/wp-json\/wp\/v2\/media?parent=129502"}],"wp:term":[{"taxonomy":"category","embeddable":true,"href":"https:\/\/gazdasagportal.hu\/index.php\/wp-json\/wp\/v2\/categories?post=129502"},{"taxonomy":"post_tag","embeddable":true,"href":"https:\/\/gazdasagportal.hu\/index.php\/wp-json\/wp\/v2\/tags?post=129502"}],"curies":[{"name":"wp","href":"https:\/\/api.w.org\/{rel}","templated":true}]}}