{"id":129469,"date":"2020-09-08T17:18:03","date_gmt":"2020-09-08T15:18:03","guid":{"rendered":"http:\/\/gazdasagportal.hu\/?p=129469"},"modified":"2020-09-08T15:29:32","modified_gmt":"2020-09-08T13:29:32","slug":"a-suzuki-az-autopiac-lassu-felfutasara-szamit-a-masodik-fel-evben","status":"publish","type":"post","link":"https:\/\/gazdasagportal.hu\/index.php\/a-suzuki-az-autopiac-lassu-felfutasara-szamit-a-masodik-fel-evben\/","title":{"rendered":"A Suzuki az aut\u00f3piac lass\u00fa felfut\u00e1s\u00e1ra sz\u00e1m\u00edt a m\u00e1sodik f\u00e9l \u00e9vben"},"content":{"rendered":"<p><strong>A magyarorsz\u00e1gi g\u00e9pj\u00e1rm\u0171-\u00e9rt\u00e9kes\u00edt\u00e9st v\u00e1rhat\u00f3an ism\u00e9t negat\u00edvan fogja \u00e9rinteni a koronav\u00edrus-j\u00e1rv\u00e1ny m\u00e1sodik hull\u00e1ma, azonban a Magyar Suzuki Zrt. arra sz\u00e1m\u00edt, hogy p\u00e1nikszer\u0171 hat\u00e1sa m\u00e1r nem lesz, \u00e9s az aut\u00f3piac kissz\u00e1m\u00edthat\u00f3bb, lass\u00fa felfut\u00e1sa v\u00e1rhat\u00f3 a m\u00e1sodik f\u00e9l \u00e9vben. T\u00f3th P\u00e9ter kereskedelmi igazgat\u00f3 szerint racion\u00e1lis el\u0151rejelz\u00e9s, hogy ebben az esetben a m\u00e1rka mintegy 15 ezer \u00faj j\u00e1rm\u0171vet \u00e9rt\u00e9kes\u00edt, \u00e9s ezzel visszaszerzi piacvezet\u0151 poz\u00edci\u00f3j\u00e1t.<\/strong><!--more--><\/p>\n<div class=\"ads-in-post1\"><div id=\"gazdasagportal.hu_fullbanner_wideboard\"><\/div>\r\n<\/div>\n<p>    Az \u00e9v elej\u00e9n m\u00e9g mintegy 20 ezer aut\u00f3 elad\u00e1s\u00e1ban b\u00edzott a c\u00e9g Magyarorsz\u00e1gon az idei \u00e9vre. A kor\u00e1bban nyilv\u00e1noss\u00e1gra hozott adatok szerint tavaly 25 766 \u00faj Suzukit helyeztek forgalomba az orsz\u00e1gban a belf\u00f6ldi m\u00e1rkakeresked\u00e9sek.<br \/>\n    A kereskedelmi igazgat\u00f3 kedden Budapesten \u00fajs\u00e1g\u00edr\u00f3knak elmondta: a pand\u00e9mia a Suzuki ell\u00e1t\u00e1si l\u00e1nc\u00e1t azonnal \u00e9rintette, hiszen a magyarorsz\u00e1gi gy\u00e1rt\u00e1s miatt a rendel\u00e9sek \u00e1tfut\u00e1sa igen r\u00f6vid, ak\u00e1r mind\u00f6ssze k\u00e9t h\u00e9t. Elmond\u00e1sa szerint a gazdas\u00e1gi helyzet miatti aggodalom k\u00f6vetkezt\u00e9ben elt\u0171ntek a vev\u0151k a szalonokb\u00f3l. Az esztergomi gy\u00e1rban a tavasszal a termel\u00e9st is le kellett \u00e1ll\u00edtani &#8211; eml\u00e9keztetett.<br \/>\n    A m\u00e1rkakeresked\u00e9sek \u00e9rt\u00e9kes\u00edt\u00e9se az el\u0151z\u0151 \u00e9vi t\u00f6red\u00e9k\u00e9re esett vissza a tavaszi h\u00f3napokban, j\u00faniust\u00f3l azonban az elad\u00e1sok fokozatosan helyre\u00e1lltak &#8211; t\u00e1j\u00e9koztatott T\u00f3th P\u00e9ter. Az els\u0151 nyolc h\u00f3napban 7631 darab Suzukit helyeztek forgalomba Magyarorsz\u00e1gon, ez 62 sz\u00e1zal\u00e9kkal marad el a tavalyi hasonl\u00f3 id\u0151szak adat\u00e1t\u00f3l. A m\u00e1rka piaci r\u00e9szesed\u00e9se jelenleg 9,7 sz\u00e1zal\u00e9k. A magyarorsz\u00e1gi aut\u00f3piac ugyanakkor m\u00e1ra az el\u0151z\u0151 \u00e9vi h\u00e1romnegyed\u00e9re zsugorodott.<br \/>\n<div class=\"ads-in-post2\"><script async src=\"https:\/\/pagead2.googlesyndication.com\/pagead\/js\/adsbygoogle.js\"><\/script>\r\n<ins class=\"adsbygoogle\"\r\n     style=\"display:block\"\r\n     data-ad-format=\"fluid\"\r\n     data-ad-layout-key=\"-6t+ed+2i-1n-4w\"\r\n     data-ad-client=\"ca-pub-1959107119989764\"\r\n     data-ad-slot=\"4008251320\"><\/ins>\r\n<script>\r\n     (adsbygoogle = window.adsbygoogle || []).push({});\r\n<\/script><\/div>\n    Az igazgat\u00f3 kit\u00e9rt arra, hogy a Suzuki az id\u00e9n m\u00e1r csak hibrid meghajt\u00e1s\u00fa j\u00e1rm\u0171vet adott el Magyarorsz\u00e1gon. Ebb\u0151l az egyik az Esztergomban gy\u00e1rtott Vitara, kateg\u00f3ri\u00e1j\u00e1nak vezet\u0151 modellje. Hasonl\u00f3an nagy ar\u00e1nyt, 44 sz\u00e1zal\u00e9kot tesz ki a c\u00e9g \u00e9rt\u00e9kes\u00edt\u00e9s\u00e9ben az ugyancsak magyar gy\u00e1rt\u00e1s\u00fa SX4 Cross. A keresked\u00e9sek tavaly \u00f3ta forgalmazz\u00e1k Magyarorsz\u00e1gon az importb\u00f3l sz\u00e1rmaz\u00f3 hibrid Swiftet \u00e9s Ignist. A Magyarorsz\u00e1gon jelenl\u00e9v\u0151 m\u00e1rk\u00e1k k\u00f6z\u00fcl a Suzuki adta el a legt\u00f6bb hibridet az id\u00e9n &#8211; tette hozz\u00e1 T\u00f3th P\u00e9ter.<br \/>\n    A Magyar Suzuki 2019-ben 185 002 esztergomi gy\u00e1rt\u00e1s\u00fa j\u00e1rm\u0171vet \u00e9rt\u00e9kes\u00edtett 123 orsz\u00e1gban. A t\u00e1rsas\u00e1g csaknem 2,41 milli\u00e1rd eur\u00f3 nett\u00f3 \u00e1rbev\u00e9tellel z\u00e1rta a 2019-es \u00e9vet, exportb\u00f3l 2,07 milli\u00e1rd eur\u00f3 sz\u00e1rmazott, a belf\u00f6ldi \u00e9rt\u00e9kes\u00edt\u00e9s \u00e1rbev\u00e9tele 343,3 milli\u00f3 eur\u00f3 volt. A belf\u00f6ldi \u00e9rt\u00e9kes\u00edt\u00e9sb\u0151l sz\u00e1rmaz\u00f3 nett\u00f3 \u00e1rbev\u00e9tel 23 sz\u00e1zal\u00e9kkal, az export\u00e9rt\u00e9kes\u00edt\u00e9sb\u0151l ered\u0151 nett\u00f3 \u00e1rbev\u00e9tel 23,5 sz\u00e1zal\u00e9kkal emelkedett az el\u0151z\u0151 \u00e9vhez k\u00e9pest &#8211; t\u00e1j\u00e9koztatott kor\u00e1bban a t\u00e1rsas\u00e1g.(MTI)<\/p>\n","protected":false},"excerpt":{"rendered":"<p>A magyarorsz\u00e1gi g\u00e9pj\u00e1rm\u0171-\u00e9rt\u00e9kes\u00edt\u00e9st v\u00e1rhat\u00f3an ism\u00e9t negat\u00edvan fogja \u00e9rinteni a koronav\u00edrus-j\u00e1rv\u00e1ny m\u00e1sodik hull\u00e1ma, azonban a Magyar Suzuki Zrt. arra sz\u00e1m\u00edt, hogy p\u00e1nikszer\u0171 hat\u00e1sa m\u00e1r nem lesz, \u00e9s az aut\u00f3piac kissz\u00e1m\u00edthat\u00f3bb, lass\u00fa felfut\u00e1sa v\u00e1rhat\u00f3 a m\u00e1sodik f\u00e9l \u00e9vben. T\u00f3th P\u00e9ter kereskedelmi igazgat\u00f3 szerint racion\u00e1lis el\u0151rejelz\u00e9s, hogy ebben az esetben a m\u00e1rka mintegy 15 ezer \u00faj j\u00e1rm\u0171vet \u00e9rt\u00e9kes\u00edt, &#8230;<\/p>\n","protected":false},"author":1,"featured_media":0,"comment_status":"closed","ping_status":"open","sticky":false,"template":"","format":"standard","meta":[],"categories":[19],"tags":[],"_links":{"self":[{"href":"https:\/\/gazdasagportal.hu\/index.php\/wp-json\/wp\/v2\/posts\/129469"}],"collection":[{"href":"https:\/\/gazdasagportal.hu\/index.php\/wp-json\/wp\/v2\/posts"}],"about":[{"href":"https:\/\/gazdasagportal.hu\/index.php\/wp-json\/wp\/v2\/types\/post"}],"author":[{"embeddable":true,"href":"https:\/\/gazdasagportal.hu\/index.php\/wp-json\/wp\/v2\/users\/1"}],"replies":[{"embeddable":true,"href":"https:\/\/gazdasagportal.hu\/index.php\/wp-json\/wp\/v2\/comments?post=129469"}],"version-history":[{"count":1,"href":"https:\/\/gazdasagportal.hu\/index.php\/wp-json\/wp\/v2\/posts\/129469\/revisions"}],"predecessor-version":[{"id":129470,"href":"https:\/\/gazdasagportal.hu\/index.php\/wp-json\/wp\/v2\/posts\/129469\/revisions\/129470"}],"wp:attachment":[{"href":"https:\/\/gazdasagportal.hu\/index.php\/wp-json\/wp\/v2\/media?parent=129469"}],"wp:term":[{"taxonomy":"category","embeddable":true,"href":"https:\/\/gazdasagportal.hu\/index.php\/wp-json\/wp\/v2\/categories?post=129469"},{"taxonomy":"post_tag","embeddable":true,"href":"https:\/\/gazdasagportal.hu\/index.php\/wp-json\/wp\/v2\/tags?post=129469"}],"curies":[{"name":"wp","href":"https:\/\/api.w.org\/{rel}","templated":true}]}}