{"id":129465,"date":"2020-09-08T15:41:21","date_gmt":"2020-09-08T13:41:21","guid":{"rendered":"http:\/\/gazdasagportal.hu\/?p=129465"},"modified":"2020-09-08T15:13:43","modified_gmt":"2020-09-08T13:13:43","slug":"ujabb-egyuttmukodest-inditott-a-mol-az-ujrahasznositott-muanyagok-teruleten","status":"publish","type":"post","link":"https:\/\/gazdasagportal.hu\/index.php\/ujabb-egyuttmukodest-inditott-a-mol-az-ujrahasznositott-muanyagok-teruleten\/","title":{"rendered":"\u00dajabb egy\u00fcttm\u0171k\u00f6d\u00e9st ind\u00edtott a Mol az \u00fajrahasznos\u00edtott m\u0171anyagok ter\u00fclet\u00e9n"},"content":{"rendered":"<p><strong>Stat\u00e9giai partners\u00e9gre l\u00e9pett a Mol csoport a sv\u00e1jci Meraxis kereskedelmi c\u00e9gcsoporttal, ennek keret\u00e9ben a k\u00e9t c\u00e9g magas min\u0151s\u00e9g\u0171, \u00fajrahasznos\u00edtott alap\u00fa poliolefin m\u0171anyagkever\u00e9k fejleszt\u00e9s\u00e9be \u00e9s gy\u00e1rt\u00e1s\u00e1ba, majd glob\u00e1lis terjeszt\u00e9s\u00e9be kezd &#8211; k\u00f6z\u00f6lte a Mol kedden az MTI-vel.<\/strong><!--more--><\/p>\n<div class=\"ads-in-post1\"><div id=\"gazdasagportal.hu_fullbanner_wideboard\"><\/div>\r\n<\/div>\n<p>    A Meraxis kiv\u00e1l\u00f3 min\u0151s\u00e9g\u0171, lakoss\u00e1gi hullad\u00e9kb\u00f3l sz\u00e1rmaz\u00f3 \u00fajrahasznos\u00edtott m\u0171anyaggal l\u00e1tja majd el a Mol csoportot, amelyeket a Mol primer poliolefin term\u00e9keivel kevernek majd \u00f6ssze. A partnerek \u00faj term\u00e9kportf\u00f3li\u00f3t fejlesztenek ki, amelyet a tervek szerint els\u0151k\u00e9nt a Mol csoport tagv\u00e1llalat\u00e1n\u00e1l, a n\u00e9metorsz\u00e1gi Aurora Kunststoffe GmbH-n\u00e1l fognak gy\u00e1rtani.<br \/>\n    A k\u00f6zlem\u00e9ny szerint ezeket az anyagokat az aut\u00f3-, az \u00e9p\u00edt\u0151- \u00e9s a csomagol\u00f3iparban haszn\u00e1lj\u00e1k majd.<br \/>\n    A partners\u00e9g hozz\u00e1f\u00e9r\u00e9st biztos\u00edt a Molnak a legjobb min\u0151s\u00e9g\u0171 nyersanyagforr\u00e1sokhoz. A v\u00e1llalat emellett folyamatosan b\u0151v\u00edti nemzetk\u00f6zi \u00e9rt\u00e9kes\u00edt\u00e9si h\u00e1l\u00f3zatait megfelel\u0151 min\u0151s\u00e9g\u0171 \u00e9s mennyis\u00e9g\u0171 \u00fajrahasznos\u00edtott anyag biztos\u00edt\u00e1s\u00e1val. A Meraxis szak\u00e9rtelm\u00e9vel a Mol gyorsabban lesz k\u00e9pes el\u00e9rni fenntarthat\u00f3s\u00e1gi c\u00e9ljait &#8211; hangs\u00falyozta Szab\u00f3 Gabriel, a Mol csoport downstream \u00fczlet\u00e1g\u00e1nak \u00fcgyvezet\u0151 igazgat\u00f3ja a k\u00f6zlem\u00e9nyben.<br \/>\n<div class=\"ads-in-post2\"><script async src=\"https:\/\/pagead2.googlesyndication.com\/pagead\/js\/adsbygoogle.js\"><\/script>\r\n<ins class=\"adsbygoogle\"\r\n     style=\"display:block\"\r\n     data-ad-format=\"fluid\"\r\n     data-ad-layout-key=\"-6t+ed+2i-1n-4w\"\r\n     data-ad-client=\"ca-pub-1959107119989764\"\r\n     data-ad-slot=\"4008251320\"><\/ins>\r\n<script>\r\n     (adsbygoogle = window.adsbygoogle || []).push({});\r\n<\/script><\/div>\n    Eur\u00f3pa egyik vezet\u0151 polimergy\u00e1rt\u00f3jak\u00e9nt a Mol \u00e9vek \u00f3ta b\u0151v\u00edti petrolk\u00e9miai portf\u00f3li\u00f3j\u00e1t. C\u00e9lja, hogy K\u00f6z\u00e9p-Kelet-Eur\u00f3pa vezet\u0151 \u00fajrahasznos\u00edt\u00f3 v\u00e1llalata legyen. A t\u00e1j\u00e9koztat\u00e1s szerint a Mol tov\u00e1bbi l\u00e9p\u00e9seket tesz &#8222;Enter Tomorrow&#8221; elnevez\u00e9s\u0171, 2030-as strat\u00e9gi\u00e1j\u00e1nak megval\u00f3s\u00edt\u00e1s\u00e1ra, amelynek egyik legf\u0151bb eleme a feldolgoz\u00e1s-kereskedelem (downstream) \u00fczlet\u00e1gban a magasabb hozz\u00e1adott \u00e9rt\u00e9k\u0171 petrolk\u00e9miai term\u00e9kek n\u00f6vel\u00e9se.<br \/>\n    A Meraxis t\u00f6bb mint egy \u00e9ve j\u00f6tt l\u00e9tre k\u00e9t glob\u00e1lis, sv\u00e1jci sz\u00e9khely\u0171 c\u00e9g, az MB Barter &#038; Trading, valamint a Rehau GmbH \u00f6sszeolvad\u00e1s\u00e1val. Ut\u00f3bbi t\u00f6bbek k\u00f6z\u00f6tt felel\u0151s a Rehau csoport glob\u00e1lis termel\u00e9s\u00e9\u00e9rt \u00e9s nyersanyagbeszerz\u00e9s\u00e9\u00e9rt is. A c\u00e9g megalakul\u00e1sa \u00f3ta folyamatosan b\u0151v\u00edti mind primer, mind pedig \u00fajrahasznos\u00edtott anyagon alapul\u00f3 portf\u00f3li\u00f3j\u00e1t.(MTI)<\/p>\n","protected":false},"excerpt":{"rendered":"<p>Stat\u00e9giai partners\u00e9gre l\u00e9pett a Mol csoport a sv\u00e1jci Meraxis kereskedelmi c\u00e9gcsoporttal, ennek keret\u00e9ben a k\u00e9t c\u00e9g magas min\u0151s\u00e9g\u0171, \u00fajrahasznos\u00edtott alap\u00fa poliolefin m\u0171anyagkever\u00e9k fejleszt\u00e9s\u00e9be \u00e9s gy\u00e1rt\u00e1s\u00e1ba, majd glob\u00e1lis terjeszt\u00e9s\u00e9be kezd &#8211; k\u00f6z\u00f6lte a Mol kedden az MTI-vel.<\/p>\n","protected":false},"author":1,"featured_media":0,"comment_status":"closed","ping_status":"open","sticky":false,"template":"","format":"standard","meta":[],"categories":[19],"tags":[],"_links":{"self":[{"href":"https:\/\/gazdasagportal.hu\/index.php\/wp-json\/wp\/v2\/posts\/129465"}],"collection":[{"href":"https:\/\/gazdasagportal.hu\/index.php\/wp-json\/wp\/v2\/posts"}],"about":[{"href":"https:\/\/gazdasagportal.hu\/index.php\/wp-json\/wp\/v2\/types\/post"}],"author":[{"embeddable":true,"href":"https:\/\/gazdasagportal.hu\/index.php\/wp-json\/wp\/v2\/users\/1"}],"replies":[{"embeddable":true,"href":"https:\/\/gazdasagportal.hu\/index.php\/wp-json\/wp\/v2\/comments?post=129465"}],"version-history":[{"count":1,"href":"https:\/\/gazdasagportal.hu\/index.php\/wp-json\/wp\/v2\/posts\/129465\/revisions"}],"predecessor-version":[{"id":129466,"href":"https:\/\/gazdasagportal.hu\/index.php\/wp-json\/wp\/v2\/posts\/129465\/revisions\/129466"}],"wp:attachment":[{"href":"https:\/\/gazdasagportal.hu\/index.php\/wp-json\/wp\/v2\/media?parent=129465"}],"wp:term":[{"taxonomy":"category","embeddable":true,"href":"https:\/\/gazdasagportal.hu\/index.php\/wp-json\/wp\/v2\/categories?post=129465"},{"taxonomy":"post_tag","embeddable":true,"href":"https:\/\/gazdasagportal.hu\/index.php\/wp-json\/wp\/v2\/tags?post=129465"}],"curies":[{"name":"wp","href":"https:\/\/api.w.org\/{rel}","templated":true}]}}