{"id":129457,"date":"2020-09-08T12:22:38","date_gmt":"2020-09-08T10:22:38","guid":{"rendered":"http:\/\/gazdasagportal.hu\/?p=129457"},"modified":"2020-09-08T12:22:38","modified_gmt":"2020-09-08T10:22:38","slug":"meghalt-egy-beteg-341-gyel-nott-a-fertozottek-szama-magyarorszagon","status":"publish","type":"post","link":"https:\/\/gazdasagportal.hu\/index.php\/meghalt-egy-beteg-341-gyel-nott-a-fertozottek-szama-magyarorszagon\/","title":{"rendered":"Meghalt egy beteg, 341-gyel n\u0151tt a fert\u0151z\u00f6ttek sz\u00e1ma Magyarorsz\u00e1gon"},"content":{"rendered":"<p><strong>Elhunyt egy id\u0151s, kr\u00f3nikus beteg, \u00e9s \u00fajabb 341 magyar \u00e1llampolg\u00e1rn\u00e1l mutatt\u00e1k ki a koronav\u00edrus-fert\u0151z\u00e9st &#8211; k\u00f6z\u00f6lte a koronavirus.gov.hu kedden.<\/strong><!--more--><\/p>\n<div class=\"ads-in-post1\"><div id=\"gazdasagportal.hu_fullbanner_wideboard\"><\/div>\r\n<\/div>\n<p>    A korm\u00e1nyzati port\u00e1lon azt \u00edrt\u00e1k: 9304-re n\u0151tt a Magyarorsz\u00e1gon eddig azonos\u00edtott fert\u0151z\u00f6ttek sz\u00e1ma. Az elhunytak sz\u00e1ma 626-ra emelkedett. 3972-en m\u00e1r meggy\u00f3gyultak. Az akt\u00edv fert\u0151z\u00f6ttek sz\u00e1ma 4706.<br \/>\n    Az akt\u00edv fert\u0151z\u00f6ttek 43 sz\u00e1zal\u00e9ka, az elhunytak 59 sz\u00e1zal\u00e9ka, a gy\u00f3gyultak 42 sz\u00e1zal\u00e9ka budapesti.<br \/>\n    K\u00f3rh\u00e1zban 192 koronav\u00edrusos beteget \u00e1polnak, k\u00f6z\u00fcl\u00fck 12-en vannak l\u00e9legeztet\u0151g\u00e9pen.<br \/>\n    Hat\u00f3s\u00e1gi h\u00e1zi karant\u00e9nban 23 318-an vannak, a mintav\u00e9telek sz\u00e1ma 487 146.<br \/>\n    Kiemelt\u00e9k: ahogy az \u00faj fert\u0151z\u00e9sek adatai is figyelmeztetnek, a j\u00e1rv\u00e1ny nem \u00e9rt v\u00e9get, a m\u00e1sodik hull\u00e1m haz\u00e1nkat is el\u00e9rte, az akt\u00edv fert\u0151z\u00f6ttek sz\u00e1ma ism\u00e9t emelkedik, ez\u00e9rt nagyon fontos tov\u00e1bbra is a fegyelmezetts\u00e9g, a beutaz\u00e1si korl\u00e1toz\u00e1sok \u00e9s az \u00e1ltal\u00e1nos higi\u00e9n\u00e9s szab\u00e1lyok betart\u00e1sa.<br \/>\n    Azt \u00edrt\u00e1k: a v\u00edrus behurcol\u00e1sa jelenti a legnagyobb vesz\u00e9ly a magyar emberek eg\u00e9szs\u00e9g\u00e9re \u00e9s munk\u00e1j\u00e1ra, ez\u00e9rt ism\u00e9t szigorodtak a k\u00fclf\u00f6ldr\u0151l val\u00f3 beutaz\u00e1s felt\u00e9t\u00e9telei. Alapszab\u00e1ly szerint k\u00fclf\u00f6ldi \u00e1llampolg\u00e1rok nem l\u00e9phetnek Magyarorsz\u00e1g ter\u00fclet\u00e9re, a k\u00fclf\u00f6ldr\u0151l hazat\u00e9r\u0151 magyar \u00e1llampolg\u00e1roknak pedig k\u00f6telez\u0151 a 14 napos hat\u00f3s\u00e1gi h\u00e1zi karant\u00e9n.<br \/>\n<div class=\"ads-in-post2\"><script async src=\"https:\/\/pagead2.googlesyndication.com\/pagead\/js\/adsbygoogle.js\"><\/script>\r\n<ins class=\"adsbygoogle\"\r\n     style=\"display:block\"\r\n     data-ad-format=\"fluid\"\r\n     data-ad-layout-key=\"-6t+ed+2i-1n-4w\"\r\n     data-ad-client=\"ca-pub-1959107119989764\"\r\n     data-ad-slot=\"4008251320\"><\/ins>\r\n<script>\r\n     (adsbygoogle = window.adsbygoogle || []).push({});\r\n<\/script><\/div>\n    A k\u00f6z\u00f6ss\u00e9gi terjed\u00e9s megf\u00e9kez\u00e9se \u00e9rdek\u00e9ben mindenkit\u0151l azt k\u00e9rik, tov\u00e1bbra is ker\u00fclj\u00e9k azokat a helyeket, ahol z\u00e1rt t\u00e9rben sokan vannak, lehet\u0151leg tarts\u00e1k a szoci\u00e1lis t\u00e1vols\u00e1got, gyakran \u00e9s alaposan mossanak kezet, a maszkot viselj\u00e9k az \u00fczletekben \u00e9s a t\u00f6megk\u00f6zleked\u00e9si eszk\u00f6z\u00f6k\u00f6n. Akin\u00e9l k\u00fclf\u00f6ldi tart\u00f3zkod\u00e1s vagy egy\u00e9b ok miatt hat\u00f3s\u00e1gi h\u00e1zi karant\u00e9nt rendeltek el, az szigor\u00faan tartsa be. Akinek t\u00fcnetei vannak, az ne menjen k\u00f6z\u00f6ss\u00e9gbe, hanem maradjon otthon \u00e9s telefonon \u00e9rtes\u00edtse h\u00e1ziorvos\u00e1t. &#8222;Ha mindezeket betartjuk, akkor el tudjuk ker\u00fclni a fert\u0151z\u00e9s terjed\u00e9s\u00e9t \u00e9s a tov\u00e1bbi, a mindennapi \u00e9let\u00fcnket korl\u00e1toz\u00f3 int\u00e9zked\u00e9sek bevezet\u00e9s\u00e9t&#8221; &#8211; fogalmaztak.<br \/>\n    Az oldal t\u00e9rk\u00e9pe alapj\u00e1n eddig Budapesten (4069) \u00e9s Pest megy\u00e9ben (1314) regisztr\u00e1lt\u00e1k a legt\u00f6bb fert\u0151z\u00f6ttet. Ezt k\u00f6veti Fej\u00e9r (554), Kom\u00e1rom-Esztergom (383), Zala (343), Hajd\u00fa-Bihar (340). A fert\u0151z\u00e9sben legkev\u00e9sb\u00e9 \u00e9rintett megye B\u00e9k\u00e9s (41).(MTI)<\/p>\n","protected":false},"excerpt":{"rendered":"<p>Elhunyt egy id\u0151s, kr\u00f3nikus beteg, \u00e9s \u00fajabb 341 magyar \u00e1llampolg\u00e1rn\u00e1l mutatt\u00e1k ki a koronav\u00edrus-fert\u0151z\u00e9st &#8211; k\u00f6z\u00f6lte a koronavirus.gov.hu kedden.<\/p>\n","protected":false},"author":1,"featured_media":0,"comment_status":"closed","ping_status":"open","sticky":false,"template":"","format":"standard","meta":[],"categories":[4,427],"tags":[],"_links":{"self":[{"href":"https:\/\/gazdasagportal.hu\/index.php\/wp-json\/wp\/v2\/posts\/129457"}],"collection":[{"href":"https:\/\/gazdasagportal.hu\/index.php\/wp-json\/wp\/v2\/posts"}],"about":[{"href":"https:\/\/gazdasagportal.hu\/index.php\/wp-json\/wp\/v2\/types\/post"}],"author":[{"embeddable":true,"href":"https:\/\/gazdasagportal.hu\/index.php\/wp-json\/wp\/v2\/users\/1"}],"replies":[{"embeddable":true,"href":"https:\/\/gazdasagportal.hu\/index.php\/wp-json\/wp\/v2\/comments?post=129457"}],"version-history":[{"count":1,"href":"https:\/\/gazdasagportal.hu\/index.php\/wp-json\/wp\/v2\/posts\/129457\/revisions"}],"predecessor-version":[{"id":129458,"href":"https:\/\/gazdasagportal.hu\/index.php\/wp-json\/wp\/v2\/posts\/129457\/revisions\/129458"}],"wp:attachment":[{"href":"https:\/\/gazdasagportal.hu\/index.php\/wp-json\/wp\/v2\/media?parent=129457"}],"wp:term":[{"taxonomy":"category","embeddable":true,"href":"https:\/\/gazdasagportal.hu\/index.php\/wp-json\/wp\/v2\/categories?post=129457"},{"taxonomy":"post_tag","embeddable":true,"href":"https:\/\/gazdasagportal.hu\/index.php\/wp-json\/wp\/v2\/tags?post=129457"}],"curies":[{"name":"wp","href":"https:\/\/api.w.org\/{rel}","templated":true}]}}