{"id":129453,"date":"2020-09-08T11:23:32","date_gmt":"2020-09-08T09:23:32","guid":{"rendered":"http:\/\/gazdasagportal.hu\/?p=129453"},"modified":"2020-09-08T11:23:32","modified_gmt":"2020-09-08T09:23:32","slug":"a-spar-45-milliard-forintbol-boviti-bicskei-es-ulloi-logisztikai-kozpontjat","status":"publish","type":"post","link":"https:\/\/gazdasagportal.hu\/index.php\/a-spar-45-milliard-forintbol-boviti-bicskei-es-ulloi-logisztikai-kozpontjat\/","title":{"rendered":"A Spar 4,5 milli\u00e1rd forintb\u00f3l b\u0151v\u00edti bicskei \u00e9s \u00fcll\u0151i logisztikai k\u00f6zpontj\u00e1t"},"content":{"rendered":"<p><strong>A Spar 4,5 milli\u00e1rd forint beruh\u00e1z\u00e1ssal b\u0151v\u00edti bicskei \u00e9s \u00fcll\u0151i logisztikai k\u00f6zpontj\u00e1t &#8211; k\u00f6z\u00f6lte a t\u00e1rsas\u00e1g kedden az MTI-vel.<\/strong><!--more--><\/p>\n<div class=\"ads-in-post1\"><div id=\"gazdasagportal.hu_fullbanner_wideboard\"><\/div>\r\n<\/div>\n<p>    A t\u00e1j\u00e9koztat\u00e1s szerint a kapacit\u00e1sb\u0151v\u00edt\u0151 beruh\u00e1z\u00e1sokat a Spar Magyarorsz\u00e1g Kereskedelmi Kft. saj\u00e1t forr\u00e1sb\u00f3l val\u00f3s\u00edtja meg.<br \/>\n    Ismertetik, hogy a Spar 1994-ben \u00e1tadott &#8211; 10 hekt\u00e1ros &#8211; bicskei logisztikai k\u00f6zpontj\u00e1ban az \u00e9v v\u00e9g\u00e9re befejez\u0151d\u0151 beruh\u00e1z\u00e1s keret\u00e9ben 4 ezer n\u00e9gyzetm\u00e9terrel b\u0151v\u00edtik a sz\u00e1raz\u00e1ru-rakt\u00e1rat \u00e9s nagyobb lesz a friss\u00e1ru kisz\u00e1ll\u00edt\u00e1si ter\u00fclet is. Ez mintegy 4 ezer raklapnyi \u00faj t\u00e1rol\u00e1si \u00e9s \u00e1ru\u00f6sszek\u00e9sz\u00edt\u00e9si kapacit\u00e1st jelent a j\u00f6v\u0151ben. A megn\u00f6vekedett ter\u00fclet lehet\u0151s\u00e9get biztos\u00edt arra, hogy a megl\u00e9v\u0151 \u00e9p\u00fcleten bel\u00fcl a friss\u00e1ru rakt\u00e1r ter\u00fclet\u00e9t is n\u00f6velj\u00e9k. A l\u00e9tes\u00edtm\u00e9ny teljes rakt\u00e1rter\u00fclete ezekkel egy\u00fctt megk\u00f6zel\u00edti a 40 ezer n\u00e9gyzetm\u00e9tert. Emellett irodai fejleszt\u00e9sre \u00e9s \u00fczemi j\u00e1rda \u00e9p\u00edt\u00e9s\u00e9re is sor ker\u00fcl az \u00f6sszesen 2,5 milli\u00e1rd forintba ker\u00fcl\u0151 beruh\u00e1z\u00e1s sor\u00e1n.<br \/>\n<div class=\"ads-in-post2\"><script async src=\"https:\/\/pagead2.googlesyndication.com\/pagead\/js\/adsbygoogle.js\"><\/script>\r\n<ins class=\"adsbygoogle\"\r\n     style=\"display:block\"\r\n     data-ad-format=\"fluid\"\r\n     data-ad-layout-key=\"-6t+ed+2i-1n-4w\"\r\n     data-ad-client=\"ca-pub-1959107119989764\"\r\n     data-ad-slot=\"4008251320\"><\/ins>\r\n<script>\r\n     (adsbygoogle = window.adsbygoogle || []).push({});\r\n<\/script><\/div>\n    A 2008-ban \u00dcll\u0151n megnyitott logisztikai b\u00e1zison egy \u00faj, 6 ezer n\u00e9gyzetm\u00e9teres &#8211; 5 ezer raklap t\u00e1rol\u00e1si kapacit\u00e1s\u00fa &#8211; sz\u00e1raz\u00e1ru csarnokot \u00e9p\u00edtenek fel. Ezzel a megl\u00e9v\u0151 \u00e9p\u00fcletben felszabadul\u00f3 helyet friss\u00e1ru \u00e9s h\u00fasterm\u00e9kek sz\u00e1m\u00e1ra haszn\u00e1lj\u00e1k majd. Ezeken k\u00edv\u00fcl csaknem 2 ezer n\u00e9gyzetm\u00e9teres rakt\u00e1roz\u00e1sra alkalmas gal\u00e9ri\u00e1t is kialak\u00edtanak, valamint egy \u00faj &#8211; ak\u00e1r napi 4 ezer raklap megmozgat\u00e1s\u00e1ra alkalmas &#8211; raklapemel\u0151 g\u00e9pet v\u00e1s\u00e1rolnak \u00e9s h\u0151szivatty\u00fat is be\u00fczemelnek. Az \u00fcll\u0151i fejleszt\u00e9st 2 milli\u00e1rd forintos saj\u00e1t forr\u00e1sb\u00f3l finansz\u00edrozza a v\u00e1llalat &#8211; \u00edrj\u00e1k a k\u00f6zlem\u00e9nyben.<br \/>\n    Maczelka M\u00e1rk, a Spar kommunik\u00e1ci\u00f3s vezet\u0151je a k\u00f6zlem\u00e9nyben kiemelte, hogy az els\u0151 Spar \u00fczlet 1991-es megnyit\u00e1sa \u00f3ta mostanra m\u00e1r 382 saj\u00e1t \u00fczemeltet\u00e9s\u0171 \u00e1ruh\u00e1zzal rendelkeznek, a franchise programjukhoz pedig 200 Spar-log\u00f3s \u00fczlet tartozik orsz\u00e1gszerte. Hozz\u00e1tette, hogy a folyamatosan b\u0151v\u00fcl\u0151 h\u00e1l\u00f3zatot magasabb szint\u0171 logisztik\u00e1val tudj\u00e1k gyorsan \u00e9s hat\u00e9konyan kiszolg\u00e1lni.(MTI)<\/p>\n","protected":false},"excerpt":{"rendered":"<p>A Spar 4,5 milli\u00e1rd forint beruh\u00e1z\u00e1ssal b\u0151v\u00edti bicskei \u00e9s \u00fcll\u0151i logisztikai k\u00f6zpontj\u00e1t &#8211; k\u00f6z\u00f6lte a t\u00e1rsas\u00e1g kedden az MTI-vel.<\/p>\n","protected":false},"author":1,"featured_media":0,"comment_status":"closed","ping_status":"open","sticky":false,"template":"","format":"standard","meta":[],"categories":[19],"tags":[],"_links":{"self":[{"href":"https:\/\/gazdasagportal.hu\/index.php\/wp-json\/wp\/v2\/posts\/129453"}],"collection":[{"href":"https:\/\/gazdasagportal.hu\/index.php\/wp-json\/wp\/v2\/posts"}],"about":[{"href":"https:\/\/gazdasagportal.hu\/index.php\/wp-json\/wp\/v2\/types\/post"}],"author":[{"embeddable":true,"href":"https:\/\/gazdasagportal.hu\/index.php\/wp-json\/wp\/v2\/users\/1"}],"replies":[{"embeddable":true,"href":"https:\/\/gazdasagportal.hu\/index.php\/wp-json\/wp\/v2\/comments?post=129453"}],"version-history":[{"count":1,"href":"https:\/\/gazdasagportal.hu\/index.php\/wp-json\/wp\/v2\/posts\/129453\/revisions"}],"predecessor-version":[{"id":129456,"href":"https:\/\/gazdasagportal.hu\/index.php\/wp-json\/wp\/v2\/posts\/129453\/revisions\/129456"}],"wp:attachment":[{"href":"https:\/\/gazdasagportal.hu\/index.php\/wp-json\/wp\/v2\/media?parent=129453"}],"wp:term":[{"taxonomy":"category","embeddable":true,"href":"https:\/\/gazdasagportal.hu\/index.php\/wp-json\/wp\/v2\/categories?post=129453"},{"taxonomy":"post_tag","embeddable":true,"href":"https:\/\/gazdasagportal.hu\/index.php\/wp-json\/wp\/v2\/tags?post=129453"}],"curies":[{"name":"wp","href":"https:\/\/api.w.org\/{rel}","templated":true}]}}