{"id":129408,"date":"2020-09-07T11:37:04","date_gmt":"2020-09-07T09:37:04","guid":{"rendered":"http:\/\/gazdasagportal.hu\/?p=129408"},"modified":"2020-09-07T11:37:04","modified_gmt":"2020-09-07T09:37:04","slug":"a-varakozasokat-ismet-magasan-tulszarnyalva-nott-kina-exportja-augusztusban","status":"publish","type":"post","link":"https:\/\/gazdasagportal.hu\/index.php\/a-varakozasokat-ismet-magasan-tulszarnyalva-nott-kina-exportja-augusztusban\/","title":{"rendered":"A v\u00e1rakoz\u00e1sokat ism\u00e9t magasan t\u00falsz\u00e1rnyalva n\u0151tt K\u00edna exportja augusztusban"},"content":{"rendered":"<p><strong>A v\u00e1rakoz\u00e1sokat ism\u00e9t magasan t\u00falsz\u00e1rnyalva n\u0151tt K\u00edna exportja augusztusban, az import visszaes\u00e9se azonban tov\u00e1bb m\u00e9ly\u00fclt.<\/strong><!--more--><\/p>\n<div class=\"ads-in-post1\"><div id=\"gazdasagportal.hu_fullbanner_wideboard\"><\/div>\r\n<\/div>\n<p>    A k\u00ednai v\u00e1mszolg\u00e1lat h\u00e9tf\u0151n k\u00f6zz\u00e9tett adatai szerint augusztusban a kivitel doll\u00e1rban sz\u00e1m\u00edtott \u00e9rt\u00e9ke \u00e9ves \u00f6sszehasonl\u00edt\u00e1sban 9,5 sz\u00e1zal\u00e9kkal b\u0151v\u00fclt. Elemz\u0151k 7,1 sz\u00e1zal\u00e9kos n\u00f6veked\u00e9sre sz\u00e1m\u00edtottak a j\u00faliusi 7,2 sz\u00e1zal\u00e9kos er\u0151s\u00f6d\u00e9st k\u00f6vet\u0151en. A k\u00ednai kivitel b\u0151v\u00fcl\u00e9se ezzel csaknem m\u00e1sf\u00e9l \u00e9ves rekordot d\u00f6nt\u00f6tt, utolj\u00e1ra tavaly m\u00e1rciusban m\u00e9rtek enn\u00e9l nagyobb \u00fctem\u0171 &#8211; 14,2 sz\u00e1zal\u00e9kos &#8211; n\u00f6veked\u00e9st.<br \/>\n    A behozatal doll\u00e1rban sz\u00e1molt \u00e9rt\u00e9ke ezzel szemben 2,1 sz\u00e1zal\u00e9kkal visszaesett a m\u00falt h\u00f3napban, a m\u00e1sodik egym\u00e1st k\u00f6vet\u0151 h\u00f3napban zsugorodott. Elemz\u0151k az import 0,1 sz\u00e1zal\u00e9kos er\u0151s\u00f6d\u00e9s\u00e9t v\u00e1rt\u00e1k a j\u00faliusi 1,4 sz\u00e1zal\u00e9kos cs\u00f6kken\u00e9s ut\u00e1n. A k\u00ednai behozatal doll\u00e1rban sz\u00e1m\u00edtott \u00e9rt\u00e9ke id\u00e9n m\u00e9g csak egyetlen h\u00f3napban &#8211; j\u00faniusban &#8211; emelkedett.<br \/>\n    Az \u00e9v els\u0151 nyolc h\u00f3napj\u00e1t tekintve az export 2,3 sz\u00e1zal\u00e9kkal, az import pedig 5,2 sz\u00e1zal\u00e9kkal esett vissza az elm\u00falt \u00e9v azonos id\u0151szak\u00e1hoz k\u00e9pest a koronav\u00edrus-j\u00e1rv\u00e1ny gazdas\u00e1gb\u00e9n\u00edt\u00f3 hat\u00e1sai nyom\u00e1n.<br \/>\n    A k\u00ednai k\u00fclkereskedelmi m\u00e9rleg 58,93 milli\u00e1rd doll\u00e1ros t\u00f6bblettel z\u00e1rt augusztusban. Elemz\u0151k 50,50 milli\u00e1rd doll\u00e1ros szufficitet j\u00f3soltak a j\u00faliusi 62,33 milli\u00e1rd doll\u00e1ros t\u00f6bblet ut\u00e1n.<br \/>\n    A doll\u00e1rban denomin\u00e1lt adatok az\u00e9rt fontosak, mert az elemz\u0151k \u00e9s befektet\u0151k t\u00falnyom\u00f3 t\u00f6bbs\u00e9ge ezekre alapozza el\u0151rejelz\u00e9seit \u00e9s elemz\u00e9seit.<br \/>\n<div class=\"ads-in-post2\"><script async src=\"https:\/\/pagead2.googlesyndication.com\/pagead\/js\/adsbygoogle.js\"><\/script>\r\n<ins class=\"adsbygoogle\"\r\n     style=\"display:block\"\r\n     data-ad-format=\"fluid\"\r\n     data-ad-layout-key=\"-6t+ed+2i-1n-4w\"\r\n     data-ad-client=\"ca-pub-1959107119989764\"\r\n     data-ad-slot=\"4008251320\"><\/ins>\r\n<script>\r\n     (adsbygoogle = window.adsbygoogle || []).push({});\r\n<\/script><\/div>\n    J\u00fcanban sz\u00e1molva az export \u00e9rt\u00e9ke 11,6 sz\u00e1zal\u00e9kkal n\u0151tt, az import\u00e9 pedig 0,5 sz\u00e1zal\u00e9kkal cs\u00f6kkent augusztusban \u00e9ves \u00f6sszevet\u00e9sben. K\u00edna ezzel a m\u00falt h\u00f3napban 416,59 milli\u00e1rd j\u00fcan k\u00fclkereskedelmi t\u00f6bbletet halmozott fel.<br \/>\n    A South China Morning Post c\u00edm\u0171 hongkongi lap sz\u00e1m\u00edt\u00e1sai szerint a politikailag is \u00e9rz\u00e9kenynek sz\u00e1m\u00edt\u00f3 amerikai viszonylatban K\u00edna exportja augusztusban \u00e9ves \u00f6sszevet\u00e9sben 20 sz\u00e1zal\u00e9kkal 44,8 milli\u00e1rd doll\u00e1rra emelkedett, az Egyes\u00fclt \u00c1llamokb\u00f3l sz\u00e1rmaz\u00f3 import pedig 1,8 sz\u00e1zal\u00e9kkal 10,5 milli\u00e1rd doll\u00e1rra n\u0151tt. K\u00edna az amerikai-k\u00ednai kereskedelmi konfliktus felold\u00e1s\u00e1t c\u00e9lz\u00f3, janu\u00e1rban al\u00e1\u00edrt r\u00e9szmeg\u00e1llapod\u00e1sban egyebek mellett arra tett \u00edg\u00e9retet, hogy k\u00e9t \u00e9ven el\u00fcl 80 milli\u00e1rd doll\u00e1rral n\u00f6veli az amerikai mez\u0151gazdas\u00e1gi term\u00e9kek behozatal\u00e1t. Az amerikai term\u00e9kek importja azonban lass\u00fa \u00fctemben b\u0151v\u00fcl annak ellen\u00e9re, hogy K\u00edna tett er\u0151fesz\u00edt\u00e9seket a meg\u00e1llapod\u00e1sban r\u00f6gz\u00edtettek betart\u00e1s\u00e1ra, \u00e9s a m\u00falt h\u00f3napban nagy mennyis\u00e9gben v\u00e1s\u00e1rolt amerikai sz\u00f3jababot \u00e9s kukoric\u00e1t.<br \/>\n    Az \u00e9v els\u0151 nyolc h\u00f3napj\u00e1t tekintve K\u00edna az Eur\u00f3pai Uni\u00f3ba ir\u00e1nyul\u00f3 exportja 2,1 sz\u00e1zal\u00e9kkal n\u00f6vekedett, gyorsul\u00f3 \u00fctemben a janu\u00e1r-j\u00faliusban regisztr\u00e1lt 0,7 sz\u00e1zal\u00e9kos b\u0151v\u00fcl\u00e9shez k\u00e9pest. Az Eur\u00f3pai Uni\u00f3b\u00f3l sz\u00e1rmaz\u00f3 import pedig 6,8 sz\u00e1zal\u00e9kkal zsugorodott \u00e9ves b\u00e1zison az \u00e9v els\u0151 nyolc h\u00f3napj\u00e1ban, ami a visszaes\u00e9s m\u00e9rs\u00e9kl\u0151d\u00e9s\u00e9t jelzi a janu\u00e1r-j\u00faliusi 8,5 sz\u00e1zal\u00e9kos cs\u00f6kken\u00e9sr\u0151l.<br \/>\n    K\u00edna gazdas\u00e1ga a j\u00e1rv\u00e1ny b\u00e9n\u00edt\u00f3 hat\u00e1sai nyom\u00e1n 6,8 sz\u00e1zal\u00e9kkal esett vissza az idei els\u0151 negyed\u00e9vben &#8211; el\u0151sz\u00f6r esett vissza az\u00f3ta, hogy 1992 els\u0151 negyed\u00e9v\u00e9ben elkezdt\u00e9k k\u00f6zz\u00e9 tenni a hivatalos GDP adatokat. A m\u00e1sodik negyed\u00e9vben azonban a k\u00ednai GDP m\u00e1r 3,2 sz\u00e1zal\u00e9kkal n\u0151tt \u00e9ves \u00f6sszevet\u00e9sben.<br \/>\n<div class=\"ads-in-post1\"><div id=\"gazdasagportal.hu_fullbanner_wideboard\"><\/div>\r\n<\/div>\n    Egyes szak\u00e9rt\u0151k \u00fagy v\u00e9lik, amennyiben az orsz\u00e1gban nem alakul ki ism\u00e9t s\u00falyos j\u00e1rv\u00e1nyhelyzet, a k\u00ednai gazdas\u00e1g az \u00e9v m\u00e1sodik fel\u00e9ben javul\u00f3 ir\u00e1nyban haladhat tov\u00e1bb. M\u00e1sok azonban a n\u00f6veked\u00e9s lassul\u00e1s\u00e1ra sz\u00e1m\u00edtanak az eg\u00e9szs\u00e9g\u00fcgyi cikkek exportj\u00e1nak cs\u00f6kken\u00e9s\u00e9t, a felgy\u00fclemlett kereslet lecsendes\u00fcl\u00e9s\u00e9t, valamint az Egyes\u00fclt \u00c1llamok \u00e9s K\u00edna k\u00f6z\u00f6tti fesz\u00fclts\u00e9gek fokoz\u00f3d\u00e1s\u00e1t el\u0151rejelezve.(MTI)<\/p>\n","protected":false},"excerpt":{"rendered":"<p>A v\u00e1rakoz\u00e1sokat ism\u00e9t magasan t\u00falsz\u00e1rnyalva n\u0151tt K\u00edna exportja augusztusban, az import visszaes\u00e9se azonban tov\u00e1bb m\u00e9ly\u00fclt.<\/p>\n","protected":false},"author":1,"featured_media":0,"comment_status":"closed","ping_status":"open","sticky":false,"template":"","format":"standard","meta":[],"categories":[246],"tags":[],"_links":{"self":[{"href":"https:\/\/gazdasagportal.hu\/index.php\/wp-json\/wp\/v2\/posts\/129408"}],"collection":[{"href":"https:\/\/gazdasagportal.hu\/index.php\/wp-json\/wp\/v2\/posts"}],"about":[{"href":"https:\/\/gazdasagportal.hu\/index.php\/wp-json\/wp\/v2\/types\/post"}],"author":[{"embeddable":true,"href":"https:\/\/gazdasagportal.hu\/index.php\/wp-json\/wp\/v2\/users\/1"}],"replies":[{"embeddable":true,"href":"https:\/\/gazdasagportal.hu\/index.php\/wp-json\/wp\/v2\/comments?post=129408"}],"version-history":[{"count":1,"href":"https:\/\/gazdasagportal.hu\/index.php\/wp-json\/wp\/v2\/posts\/129408\/revisions"}],"predecessor-version":[{"id":129409,"href":"https:\/\/gazdasagportal.hu\/index.php\/wp-json\/wp\/v2\/posts\/129408\/revisions\/129409"}],"wp:attachment":[{"href":"https:\/\/gazdasagportal.hu\/index.php\/wp-json\/wp\/v2\/media?parent=129408"}],"wp:term":[{"taxonomy":"category","embeddable":true,"href":"https:\/\/gazdasagportal.hu\/index.php\/wp-json\/wp\/v2\/categories?post=129408"},{"taxonomy":"post_tag","embeddable":true,"href":"https:\/\/gazdasagportal.hu\/index.php\/wp-json\/wp\/v2\/tags?post=129408"}],"curies":[{"name":"wp","href":"https:\/\/api.w.org\/{rel}","templated":true}]}}