{"id":129353,"date":"2020-09-04T13:02:11","date_gmt":"2020-09-04T11:02:11","guid":{"rendered":"http:\/\/gazdasagportal.hu\/?p=129353"},"modified":"2020-09-04T12:43:38","modified_gmt":"2020-09-04T10:43:38","slug":"a-vartnal-kevesbe-emelkedtek-juliusban-a-nemet-feldolgozoipar-megrendelesei","status":"publish","type":"post","link":"https:\/\/gazdasagportal.hu\/index.php\/a-vartnal-kevesbe-emelkedtek-juliusban-a-nemet-feldolgozoipar-megrendelesei\/","title":{"rendered":"A v\u00e1rtn\u00e1l kev\u00e9sb\u00e9 emelkedtek j\u00faliusban a n\u00e9met feldolgoz\u00f3ipar megrendel\u00e9sei"},"content":{"rendered":"<p><strong>J\u00faliusban a v\u00e1rtn\u00e1l kisebb m\u00e9rt\u00e9kben n\u0151ttek a n\u00e9met feldolgoz\u00f3ipari megrendel\u00e9sek a n\u00e9met sz\u00f6vets\u00e9gi statisztikai hivatal, a Destatis p\u00e9nteki jelent\u00e9se alapj\u00e1n.<\/strong><!--more--><\/p>\n<div class=\"ads-in-post1\"><div id=\"gazdasagportal.hu_fullbanner_wideboard\"><\/div>\r\n<\/div>\n<p>J\u00faliusban szezon\u00e1lis \u00e9s napt\u00e1ri kiigaz\u00edt\u00e1ssal 2,8 sz\u00e1zal\u00e9kkal emelkedtek az el\u0151z\u0151 havihoz k\u00e9pest a feldolgoz\u00f3ipari megrendel\u00e9sek a j\u00faniusi 28,8 sz\u00e1zal\u00e9kos havi emelked\u00e9s ut\u00e1n.<br \/>\nElemz\u0151k a megrendel\u00e9sek 5,0 sz\u00e1zal\u00e9kos havi emelked\u00e9s\u00e9t v\u00e1rt\u00e1k j\u00faliusra. A t\u00e9nyleges n\u00f6veked\u00e9s kevesebb lett ugyan a v\u00e1rtn\u00e1l, a Destatis azonban a j\u00faniusi havi b\u0151v\u00fcl\u00e9st 27,9 sz\u00e1zal\u00e9kr\u00f3l 28,8 sz\u00e1zal\u00e9kra m\u00f3dos\u00edtotta.<br \/>\nA feldolgoz\u00f3ipar megrendel\u00e9sei j\u00faliusban napt\u00e1ri kiigaz\u00edt\u00e1ssal 7,3 sz\u00e1zal\u00e9kkal maradtak el az egy \u00e9vvel kor\u00e1bbit\u00f3l. J\u00faniusban 10,6 sz\u00e1zal\u00e9kos volt az \u00e9ves elmarad\u00e1s.<br \/>\nA j\u00faliusi megrendel\u00e9sek 8,2 sz\u00e1zal\u00e9kkal maradtak el a j\u00e1rv\u00e1nyv\u00e9delmi korl\u00e1toz\u00e1sok bevezet\u00e9se el\u0151tti utols\u00f3 h\u00f3napban, febru\u00e1rban be\u00e9rkezett megrendel\u00e9sekt\u0151l.<br \/>\n<div class=\"ads-in-post1\"><div id=\"gazdasagportal.hu_fullbanner_wideboard\"><\/div>\r\n<\/div>\nAz aut\u00f3iparban 8,5 sz\u00e1zal\u00e9kkal n\u0151ttek j\u00faliusban a megrendel\u00e9sek az el\u0151z\u0151 havihoz k\u00e9pest, a febru\u00e1rihoz k\u00e9pest azonban m\u00e9g 2,4 sz\u00e1zal\u00e9kos volt az elmarad\u00e1s.<br \/>\nJ\u00faliusban a k\u00fclf\u00f6ldi megrendel\u00e9sek 14,4 sz\u00e1zal\u00e9kkal emelkedtek, ezen bel\u00fcl az eur\u00f3\u00f6vezeti megrendel\u00e9sek 7,3 sz\u00e1zal\u00e9kkal, a t\u00f6bbi pedig 19,2 sz\u00e1zal\u00e9kkal. A belf\u00f6ldi megrendel\u00e9sek viszont 10,2 sz\u00e1zal\u00e9kkal cs\u00f6kkentek.<br \/>\n<a title=\"Hely megnyit\u00e1sa\" href=\"https:\/\/www.destatis.de\/DE\/Presse\/Pressemitteilungen\/2020\/09\/PD20_339_421.html\" target=\"_blank\" rel=\"noopener noreferrer\">https:\/\/www.destatis.de\/DE\/Presse\/Pressemitteilungen\/2020\/09\/PD20_339_421.html<\/a><br \/>\n(MTI)<br \/>\n&nbsp;<\/p>\n","protected":false},"excerpt":{"rendered":"<p>J\u00faliusban a v\u00e1rtn\u00e1l kisebb m\u00e9rt\u00e9kben n\u0151ttek a n\u00e9met feldolgoz\u00f3ipari megrendel\u00e9sek a n\u00e9met sz\u00f6vets\u00e9gi statisztikai hivatal, a Destatis p\u00e9nteki jelent\u00e9se alapj\u00e1n.<\/p>\n","protected":false},"author":1,"featured_media":0,"comment_status":"closed","ping_status":"open","sticky":false,"template":"","format":"standard","meta":[],"categories":[12,246],"tags":[],"_links":{"self":[{"href":"https:\/\/gazdasagportal.hu\/index.php\/wp-json\/wp\/v2\/posts\/129353"}],"collection":[{"href":"https:\/\/gazdasagportal.hu\/index.php\/wp-json\/wp\/v2\/posts"}],"about":[{"href":"https:\/\/gazdasagportal.hu\/index.php\/wp-json\/wp\/v2\/types\/post"}],"author":[{"embeddable":true,"href":"https:\/\/gazdasagportal.hu\/index.php\/wp-json\/wp\/v2\/users\/1"}],"replies":[{"embeddable":true,"href":"https:\/\/gazdasagportal.hu\/index.php\/wp-json\/wp\/v2\/comments?post=129353"}],"version-history":[{"count":1,"href":"https:\/\/gazdasagportal.hu\/index.php\/wp-json\/wp\/v2\/posts\/129353\/revisions"}],"predecessor-version":[{"id":129354,"href":"https:\/\/gazdasagportal.hu\/index.php\/wp-json\/wp\/v2\/posts\/129353\/revisions\/129354"}],"wp:attachment":[{"href":"https:\/\/gazdasagportal.hu\/index.php\/wp-json\/wp\/v2\/media?parent=129353"}],"wp:term":[{"taxonomy":"category","embeddable":true,"href":"https:\/\/gazdasagportal.hu\/index.php\/wp-json\/wp\/v2\/categories?post=129353"},{"taxonomy":"post_tag","embeddable":true,"href":"https:\/\/gazdasagportal.hu\/index.php\/wp-json\/wp\/v2\/tags?post=129353"}],"curies":[{"name":"wp","href":"https:\/\/api.w.org\/{rel}","templated":true}]}}