{"id":129278,"date":"2020-09-02T11:51:15","date_gmt":"2020-09-02T09:51:15","guid":{"rendered":"http:\/\/gazdasagportal.hu\/?p=129278"},"modified":"2020-09-02T11:51:15","modified_gmt":"2020-09-02T09:51:15","slug":"iden-tobben-valasztottak-kulfoldi-ut-helyett-a-belfoldi-pihenest","status":"publish","type":"post","link":"https:\/\/gazdasagportal.hu\/index.php\/iden-tobben-valasztottak-kulfoldi-ut-helyett-a-belfoldi-pihenest\/","title":{"rendered":"Id\u00e9n t\u00f6bben v\u00e1lasztott\u00e1k k\u00fclf\u00f6ldi \u00fat helyett a belf\u00f6ldi pihen\u00e9st"},"content":{"rendered":"<p><strong>J\u00f3val t\u00f6bben nyaraltak id\u00e9n ny\u00e1ron ink\u00e1bb itthon, a kiemelt hazai turisztikai r\u00e9gi\u00f3k belf\u00f6ldi vend\u00e9gforgalma jelent\u0151sen n\u0151tt tavalyhoz k\u00e9pest, m\u00edg p\u00e9ld\u00e1ul Horv\u00e1torsz\u00e1gba fele-, Olaszorsz\u00e1gba negyedannyi magyar utazhatott ki az elm\u00falt h\u00e1rom h\u00f3napban, mint egy \u00e9vvel kor\u00e1bban \u2013 der\u00fcl ki az Erste K\u00e1rtyak\u00f6lt\u00e9si Felm\u00e9r\u00e9sb\u0151l. A vend\u00e9gl\u00e1t\u00f3helyeken j\u00faliusra vissza\u00e1llt a k\u00e1rty\u00e1s forgalom az egy \u00e9vvel kor\u00e1bbi szintre, m\u00edg a karant\u00e9n ideje alatt felizzott lak\u00e1sfel\u00faj\u00edt\u00e1si \u00e9s kert\u00e9p\u00edt\u00e9si l\u00e1z a ny\u00e1ron sem hagyott al\u00e1bb, a k\u00e1rty\u00e1s v\u00e1s\u00e1rl\u00e1sok a kij\u00e1r\u00e1si korl\u00e1toz\u00e1sok felold\u00e1sa ut\u00e1n is 40 sz\u00e1zal\u00e9kkal haladt\u00e1k meg az egy \u00e9vvel kor\u00e1bbit.<\/strong><!--more--><\/p>\n<div class=\"ads-in-post1\"><div id=\"gazdasagportal.hu_fullbanner_wideboard\"><\/div>\r\n<\/div>\n<p>Alapvet\u0151 hat\u00e1ssal volt a magyarok nyaral\u00e1si szok\u00e1saira a koronav\u00edrus-j\u00e1rv\u00e1ny. Id\u00e9n sokkal kevesebben utaztak k\u00fclf\u00f6ldre, mint tavaly, a belf\u00f6ldi turizmus viszont nagyot er\u0151s\u00f6d\u00f6tt, j\u00f3val t\u00f6bben t\u00f6lt\u00f6tt\u00e9k a szabads\u00e1gukat magyarorsz\u00e1gi sz\u00e1llod\u00e1kban, mint egy \u00e9vvel kor\u00e1bban. A kiemelt hazai turisztikai r\u00e9gi\u00f3kban j\u00fanius eleje \u00e9s augusztus v\u00e9ge k\u00f6z\u00f6tt a bankk\u00e1rty\u00e1s v\u00e1s\u00e1rl\u00e1sok forgalmi adatai \u00e9ves \u00f6sszehasonl\u00edt\u00e1sban jelent\u0151s n\u00f6veked\u00e9st mutatnak. A Balatonn\u00e1l 18 sz\u00e1zal\u00e9kos, a Velencei-t\u00f3n\u00e1l 6 sz\u00e1zal\u00e9kos, a Tisza-t\u00f3n\u00e1l 14 sz\u00e1zal\u00e9kos, m\u00edg a f\u00fcrd\u0151v\u00e1rosokban (Hajd\u00faszoboszl\u00f3, Hark\u00e1ny, H\u00e9v\u00edz, Zalakaros) \u00e1tlagosan 25 sz\u00e1zal\u00e9kos b\u0151v\u00fcl\u00e9st tapasztalt az Erste Bank \u00fcgyfelei k\u00e1rty\u00e1s k\u00f6lt\u00e9seiben. Az augusztus 20-ai h\u00e9t a hossz\u00fa h\u00e9tv\u00e9ge miatt minden r\u00e9gi\u00f3ban az egyik leger\u0151sebb forgalmat hozta ezen a ny\u00e1ron. A Balatonn\u00e1l a szezonz\u00e1r\u00f3 h\u00e9ten a k\u00e1rty\u00e1s v\u00e1s\u00e1rl\u00e1sok 40 sz\u00e1zal\u00e9kkal haladt\u00e1k meg az egy \u00e9vvel kor\u00e1bbit, m\u00edg a Velencei-t\u00f3n\u00e1l 29 sz\u00e1zal\u00e9kkal, a Tisza-t\u00f3n\u00e1l 44 sz\u00e1zal\u00e9kkal, a f\u00fcrd\u0151v\u00e1rosokban pedig 38 sz\u00e1zal\u00e9kkal n\u0151tt a forgalom tavalyhoz k\u00e9pest \u2013 ismertette az Erste K\u00e1rtyak\u00f6lt\u00e9si Felm\u00e9r\u00e9s eredm\u00e9nyeit Schreiber R\u00e9ka, az Erste Bank k\u00f6zponti oper\u00e1ci\u00f3j\u00e1nak vezet\u0151je.<\/p>\n<p>A belf\u00f6ldi turizmusn\u00e1l lassabban \u00e1llt talpra a vend\u00e9gl\u00e1t\u00f3helyek, \u00edgy a hagyom\u00e1nyos- \u00e9s gyors\u00e9ttermek, valamint a cukr\u00e1szd\u00e1k \u00e9s b\u00e1rok forgalma. A j\u00e1rv\u00e1ny els\u0151 id\u0151szak\u00e1ban m\u00e9g t\u00f6bb mint 60 sz\u00e1zal\u00e9kos visszaes\u00e9st elszenved\u0151 szektor eset\u00e9ben a k\u00e1rtyaforgalom a kij\u00e1r\u00e1si korl\u00e1toz\u00e1sok felold\u00e1sa \u00f3ta folyamatosan emelkedett \u00e9s j\u00falius v\u00e9g\u00e9re ism\u00e9t el\u00e9rte a tavalyi szintet. Augusztusban k\u00e9t olyan h\u00e9t is volt, amikor a v\u00e1s\u00e1rl\u00e1sok meghaladt\u00e1k az egy \u00e9vvel kor\u00e1bbit. A ny\u00e1ri forgalom azonban v\u00e9g\u00fcl \u00edgy is elmaradt a tavalyit\u00f3l, az Erste j\u00fanius \u00e9s augusztus k\u00f6z\u00f6tt \u00f6sszess\u00e9g\u00e9ben 7,5 sz\u00e1zal\u00e9kos cs\u00f6kken\u00e9st m\u00e9rt az el\u0151z\u0151 \u00e9v azonos id\u0151szak\u00e1hoz k\u00e9pest. Ugyancsak folyamatos emelked\u00e9st mutattak eg\u00e9sz ny\u00e1ron a sz\u00f3rakoz\u00e1ssal, \u00edgy p\u00e9ld\u00e1ul a sz\u00ednh\u00e1zzal, mozival, m\u00fazeumok l\u00e1togat\u00e1s\u00e1val kapcsolatos k\u00e1rty\u00e1s k\u00f6lt\u00e9sek, a korl\u00e1toz\u00f3 int\u00e9zked\u00e9sek elt\u00e9r\u0151 \u00fctem\u0171 felold\u00e1sa miatt azonban a visszarendez\u0151d\u00e9s tov\u00e1bb tart ezen a ter\u00fcleten. J\u00falius v\u00e9g\u00e9n-augusztus elej\u00e9n k\u00e9t olyan h\u00e9t is volt, amikor a forgalom m\u00e1r \u201ecsak\u201d 20 sz\u00e1zal\u00e9kkal maradt el a tavalyit\u00f3l, a h\u00e1rom ny\u00e1ri h\u00f3nap azonban \u00f6sszess\u00e9g\u00e9ben 36 sz\u00e1zal\u00e9kos visszaes\u00e9st mutat.<\/p><div id=\"gazda-1548330985\" class=\"gazda-tartalomban gazda-entity-placement\"><script async src=\"https:\/\/pagead2.googlesyndication.com\/pagead\/js\/adsbygoogle.js\"><\/script>\r\n<ins class=\"adsbygoogle\"\r\n     style=\"display:block\"\r\n     data-ad-format=\"fluid\"\r\n     data-ad-layout-key=\"-6t+ed+2i-1n-4w\"\r\n     data-ad-client=\"ca-pub-1959107119989764\"\r\n     data-ad-slot=\"4008251320\"><\/ins>\r\n<script>\r\n     (adsbygoogle = window.adsbygoogle || []).push({});\r\n<\/script><\/div>\n<div class=\"ads-in-post1\"><div id=\"gazdasagportal.hu_fullbanner_wideboard\"><\/div>\r\n<\/div>\nA koronav\u00edrus miatt id\u00e9n sokkal kevesebben nyaraltak k\u00fclf\u00f6ld\u00f6n, mint tavaly. A ny\u00e1ri szabads\u00e1gol\u00e1sok beindul\u00e1s\u00e1val, j\u00fanius m\u00e1sodik fel\u00e9t\u0151l ism\u00e9t egyre t\u00f6bben utaztak valamely d\u00e9l-eur\u00f3pai tengerpartra, de a forgalom \u00edgy is messze elmaradt az egy \u00e9vvel kor\u00e1bbit\u00f3l. A magyarorsz\u00e1gi Erste-\u00fcgyfelek k\u00e1rtyaforgalma j\u00fanius eleje \u00e9s augusztus v\u00e9ge k\u00f6z\u00f6tt Horv\u00e1torsz\u00e1gban 48 sz\u00e1zal\u00e9kkal volt kisebb, mint az el\u0151z\u0151 \u00e9v azonos id\u0151szak\u00e1ban, Szlov\u00e9nia eset\u00e9ben a visszaes\u00e9s 46 sz\u00e1zal\u00e9k, G\u00f6r\u00f6gorsz\u00e1gban 60 sz\u00e1zal\u00e9k, m\u00edg Olaszorsz\u00e1gban 74 sz\u00e1zal\u00e9kkal zuhant a k\u00e1rty\u00e1s v\u00e1s\u00e1rl\u00e1s. A magyarok k\u00f6r\u00e9ben kor\u00e1bban kedvelt d\u00e9l-eur\u00f3pai c\u00e9lorsz\u00e1gok k\u00f6z\u00fcl Bulg\u00e1ria szenvedte el a legnagyobb visszaes\u00e9st. J\u00fanius m\u00e1sodik fel\u00e9ben oda is mind t\u00f6bb magyar turista \u00e9rkezett, \u00e1m az orsz\u00e1gok j\u00falius k\u00f6zep\u00e9n bevezetett sz\u00ednk\u00f3d\u00f3s besorol\u00e1sa ennek egy csap\u00e1sra v\u00e9get vetett, mivel Bulg\u00e1ria egyb\u0151l a &#8222;s\u00e1rga&#8221; besorol\u00e1s\u00fa orsz\u00e1gok k\u00f6z\u00e9 ker\u00fclt (hazat\u00e9r\u00e9skor ez k\u00e9t h\u00e9t hat\u00f3s\u00e1gi h\u00e1zi karant\u00e9nt jelentett, vagy ennek elker\u00fcl\u00e9se \u00e9rdek\u00e9ben k\u00e9t negat\u00edv PCR-tesztre volt sz\u00fcks\u00e9g). Ezt k\u00f6vet\u0151en a magyarok k\u00e1rty\u00e1s k\u00f6lt\u00e9se az egy \u00e9vvel kor\u00e1bbi tized\u00e9re esett vissza, \u00e9s ny\u00e1ron \u00f6sszess\u00e9g\u00e9ben 83 sz\u00e1zal\u00e9kkal maradt el a tavalyit\u00f3l.<\/p>\n<p>A k\u00fclf\u00f6ldi nyaral\u00e1sok ir\u00e1nti kereslet cs\u00f6kken\u00e9se a l\u00e9git\u00e1rsas\u00e1gokn\u00e1l regisztr\u00e1lt k\u00e1rty\u00e1s v\u00e1s\u00e1rl\u00e1sok adatain is megl\u00e1tszik. B\u00e1r a pand\u00e9mia els\u0151 id\u0151szak\u00e1ban m\u00e9rt 93 sz\u00e1zal\u00e9kos visszaes\u00e9sr\u0151l j\u00fanius v\u00e9g\u00e9re-j\u00falius elej\u00e9re a tavalyi szint fel\u00e9re emelkedtek vissza az Erste-k\u00e1rty\u00e1s k\u00f6lt\u00e9sek, az orsz\u00e1g-sz\u00ednk\u00f3dok bevezet\u00e9se ut\u00e1n a forgalom ism\u00e9t az egy \u00e9vvel kor\u00e1bbi harmad\u00e1ra\u00a0zsugorodott. \u00d6sszess\u00e9g\u00e9ben j\u00fanius eleje \u00e9s augusztus v\u00e9ge k\u00f6z\u00f6tt a bank \u00fcgyfelei 65 sz\u00e1zal\u00e9kkal kevesebb rep\u00fcl\u0151jegyet vagy egy\u00e9b szolg\u00e1ltat\u00e1st v\u00e1s\u00e1roltak a k\u00fcl\u00f6nf\u00e9le l\u00e9git\u00e1rsas\u00e1gokt\u00f3l, mint tavaly ny\u00e1ron. A k\u00fclf\u00f6ldi utak visszaszorul\u00e1s\u00e1t a belf\u00f6ldi turizmus er\u0151s\u00f6d\u00e9se sem tudta ellens\u00falyozni, \u00edgy \u00f6sszess\u00e9g\u00e9ben a sz\u00e1llod\u00e1khoz kapcsol\u00f3d\u00f3 k\u00e1rtyaforgalom is cs\u00f6kkent. A sz\u00e1ll\u00e1shelyre ford\u00edtott k\u00e1rty\u00e1s k\u00f6lt\u00e9s eg\u00e9sz ny\u00e1ron folyamatosan emelkedett \u00e9s mind jobban k\u00f6zel\u00edtett az egy \u00e9vvel kor\u00e1bbihoz, a ny\u00e1r k\u00e9t legjobb hete j\u00falius v\u00e9g\u00e9n-augusztus elej\u00e9n volt, \u00e1m a forgalom m\u00e9g akkor is 20 sz\u00e1zal\u00e9kkal maradt el az egy \u00e9vvel kor\u00e1bbit\u00f3l. A h\u00e1rom ny\u00e1ri h\u00f3napban \u00f6sszess\u00e9g\u00e9ben 34 sz\u00e1zal\u00e9kkal esett vissza a sz\u00e1llod\u00e1khoz kapcsol\u00f3d\u00f3 k\u00e1rtyaforgalom, vagyis j\u00f3val t\u00f6bben pihentek ink\u00e1bb otthon ezen a ny\u00e1ron, mint tavaly.<\/p>\n<div class=\"ads-in-post2\"><script async src=\"https:\/\/pagead2.googlesyndication.com\/pagead\/js\/adsbygoogle.js\"><\/script>\r\n<ins class=\"adsbygoogle\"\r\n     style=\"display:block\"\r\n     data-ad-format=\"fluid\"\r\n     data-ad-layout-key=\"-6t+ed+2i-1n-4w\"\r\n     data-ad-client=\"ca-pub-1959107119989764\"\r\n     data-ad-slot=\"4008251320\"><\/ins>\r\n<script>\r\n     (adsbygoogle = window.adsbygoogle || []).push({});\r\n<\/script><\/div>\nA belf\u00f6ldi turizmus felp\u00f6rg\u00e9se a hazai benzinkutak k\u00e1rtyaforgalmi adatain is megl\u00e1tszik. A t\u00f6lt\u0151\u00e1llom\u00e1sok forgalma a j\u00e1rv\u00e1ny els\u0151 id\u0151szak\u00e1ban, m\u00e1rciusban \u00e9s \u00e1prilisban harmad\u00e1val maradt el az egy \u00e9vvel kor\u00e1bbit\u00f3l, \u00e9s csak egy b\u0151 h\u00f3nappal a kij\u00e1r\u00e1si korl\u00e1toz\u00e1sok felold\u00e1sa ut\u00e1n, a ny\u00e1ri szabads\u00e1gok beindul\u00e1s\u00e1val, j\u00fanius v\u00e9g\u00e9n, j\u00falius\u00a0elej\u00e9n \u00e1llt vissza a tavalyi szintre.\u00a0Mivel a k\u00fclf\u00f6ldi turizmus visszaes\u00e9s\u00e9vel \u00f6sszess\u00e9g\u00e9ben kevesebben nyaraltak id\u00e9n, mint tavaly, \u00edgy t\u00f6bben ford\u00edtottak nagyobb figyelmet otthonuk, kertj\u00fck fel\u00faj\u00edt\u00e1s\u00e1ra, csinos\u00edt\u00e1s\u00e1ra. A bark\u00e1csol\u00e1shoz, lak\u00e1sfel\u00faj\u00edt\u00e1shoz, kert\u00e9p\u00edt\u00e9shez kapcsol\u00f3d\u00f3 k\u00e1rty\u00e1s v\u00e1s\u00e1rl\u00e1sok m\u00e1r a kij\u00e1r\u00e1si korl\u00e1toz\u00e1sok bevezet\u00e9sekor \u00f3ri\u00e1si felfut\u00e1st mutattak, m\u00e1rcius \u00e9s m\u00e1jus k\u00f6z\u00f6tt \u00e1tlagosan csaknem 60 sz\u00e1zal\u00e9kkal n\u0151tt a forgalom az egy \u00e9vvel kor\u00e1bbihoz k\u00e9pest, de ezen bel\u00fcl voltak olyan hetek, amikor a dupl\u00e1j\u00e1t is el\u00e9rte. A k\u00e1rtyaforgalom a kij\u00e1r\u00e1si korl\u00e1toz\u00e1sok felold\u00e1s\u00e1val \u00e9s a ny\u00e1ri utaz\u00e1sok beindul\u00e1s\u00e1val cs\u00f6kkent valamelyest, de j\u00faliusban \u00e9s augusztusban \u00edgy is k\u00f6zel 40 sz\u00e1zal\u00e9kkal haladta meg a tavalyit.\u00a0Divatcikkekre, \u00edgy ruh\u00e1ra illetve cip\u0151re is t\u00f6bbet k\u00f6lt\u00f6tt\u00fcnk m\u00e1r ny\u00e1ron, mint tavaly. A j\u00e1rv\u00e1ny els\u0151 id\u0151szak\u00e1ban a k\u00e1rty\u00e1s v\u00e1s\u00e1rl\u00e1sok a kor\u00e1bbi negyed\u00e9re estek vissza, m\u00e1just\u00f3l azonban \u00fajra emelked\u00e9snek indult, j\u00fanius elej\u00e9re pedig visszaer\u0151s\u00f6d\u00f6tt a tavalyi szintre, m\u00edg j\u00falius-augusztusban m\u00e1r 6 sz\u00e1zal\u00e9kkal meg is haladta az egy\u00a0\u00e9vvel kor\u00e1bbit.<\/p>\n<p>Az augusztus 20-ai hossz\u00fa h\u00e9tv\u00e9ge z\u00e1rta az idei ny\u00e1ri szezont, ami nem csak abb\u00f3l l\u00e1tszik, hogy az ezt k\u00f6vet\u0151, utols\u00f3 ny\u00e1ri h\u00e9ten m\u00e1r jelent\u0151sen cs\u00f6kkent a k\u00e1rty\u00e1s forgalom a belf\u00f6ldi turisztikai r\u00e9gi\u00f3kban, de az iskolakezd\u00e9shez kapcsol\u00f3d\u00f3 k\u00f6lt\u00e9sek is n\u0151ttek. A fels\u0151oktat\u00e1si\u00a0int\u00e9zm\u00e9nyek \u00e9s koll\u00e9giumok eset\u00e9ben a k\u00e1rtyaforgalom m\u00e1r augusztus m\u00e1sodik fel\u00e9ben gyors n\u00f6veked\u00e9snek\u00a0indult \u00e9s a j\u00fanius-j\u00faliusi szint h\u00e1rom-n\u00e9gyszeres\u00e9re futott fel, s b\u00e1r a n\u00f6veked\u00e9s \u00fcteme most lassabb volt, mint egy \u00e9vvel kor\u00e1bban, augusztus utols\u00f3 het\u00e9ben a k\u00e1rty\u00e1s v\u00e1s\u00e1rl\u00e1s m\u00e1r alig maradt el a tavalyit\u00f3l. Az iskolakezd\u00e9s a pap\u00edr-\u00edr\u00f3szer forgalom alakul\u00e1s\u00e1n is megl\u00e1tszik, az utols\u00f3 ny\u00e1ri h\u00e9ten a forgalom az elm\u00falt h\u00f3napokban tapasztalt dupl\u00e1j\u00e1ra ugrott \u00e9s csaknem megegyezik az el\u0151z\u0151 \u00e9v azonos id\u0151szak\u00e1ban m\u00e9rttel.<\/p>\n","protected":false},"excerpt":{"rendered":"<p>J\u00f3val t\u00f6bben nyaraltak id\u00e9n ny\u00e1ron ink\u00e1bb itthon, a kiemelt hazai turisztikai r\u00e9gi\u00f3k belf\u00f6ldi vend\u00e9gforgalma jelent\u0151sen n\u0151tt tavalyhoz k\u00e9pest, m\u00edg p\u00e9ld\u00e1ul Horv\u00e1torsz\u00e1gba fele-, Olaszorsz\u00e1gba negyedannyi magyar utazhatott ki az elm\u00falt h\u00e1rom h\u00f3napban, mint egy \u00e9vvel kor\u00e1bban \u2013 der\u00fcl ki az Erste K\u00e1rtyak\u00f6lt\u00e9si Felm\u00e9r\u00e9sb\u0151l. A vend\u00e9gl\u00e1t\u00f3helyeken j\u00faliusra vissza\u00e1llt a k\u00e1rty\u00e1s forgalom az egy \u00e9vvel kor\u00e1bbi szintre, m\u00edg &#8230;<\/p>\n","protected":false},"author":1,"featured_media":0,"comment_status":"closed","ping_status":"open","sticky":false,"template":"","format":"standard","meta":[],"categories":[19],"tags":[],"_links":{"self":[{"href":"https:\/\/gazdasagportal.hu\/index.php\/wp-json\/wp\/v2\/posts\/129278"}],"collection":[{"href":"https:\/\/gazdasagportal.hu\/index.php\/wp-json\/wp\/v2\/posts"}],"about":[{"href":"https:\/\/gazdasagportal.hu\/index.php\/wp-json\/wp\/v2\/types\/post"}],"author":[{"embeddable":true,"href":"https:\/\/gazdasagportal.hu\/index.php\/wp-json\/wp\/v2\/users\/1"}],"replies":[{"embeddable":true,"href":"https:\/\/gazdasagportal.hu\/index.php\/wp-json\/wp\/v2\/comments?post=129278"}],"version-history":[{"count":1,"href":"https:\/\/gazdasagportal.hu\/index.php\/wp-json\/wp\/v2\/posts\/129278\/revisions"}],"predecessor-version":[{"id":129279,"href":"https:\/\/gazdasagportal.hu\/index.php\/wp-json\/wp\/v2\/posts\/129278\/revisions\/129279"}],"wp:attachment":[{"href":"https:\/\/gazdasagportal.hu\/index.php\/wp-json\/wp\/v2\/media?parent=129278"}],"wp:term":[{"taxonomy":"category","embeddable":true,"href":"https:\/\/gazdasagportal.hu\/index.php\/wp-json\/wp\/v2\/categories?post=129278"},{"taxonomy":"post_tag","embeddable":true,"href":"https:\/\/gazdasagportal.hu\/index.php\/wp-json\/wp\/v2\/tags?post=129278"}],"curies":[{"name":"wp","href":"https:\/\/api.w.org\/{rel}","templated":true}]}}