{"id":129169,"date":"2020-08-29T18:07:53","date_gmt":"2020-08-29T16:07:53","guid":{"rendered":"http:\/\/gazdasagportal.hu\/?p=129169"},"modified":"2020-08-29T12:39:26","modified_gmt":"2020-08-29T10:39:26","slug":"jelentosen-javult-a-svajci-konjunkturamutato-augusztusban","status":"publish","type":"post","link":"https:\/\/gazdasagportal.hu\/index.php\/jelentosen-javult-a-svajci-konjunkturamutato-augusztusban\/","title":{"rendered":"Jelent\u0151sen javult a sv\u00e1jci konjunkt\u00faramutat\u00f3 augusztusban"},"content":{"rendered":"<p><strong>Az elemz\u0151k \u00e1ltal v\u00e1rtn\u00e1l nagyobb m\u00e9rt\u00e9kben javult a sv\u00e1jci konjunkt\u00faramutat\u00f3 \u00e9rt\u00e9ke augusztusban.<\/strong><!--more--><\/p>\n<div class=\"ads-in-post1\"><div id=\"gazdasagportal.hu_fullbanner_wideboard\"><\/div>\r\n<\/div>\n<p>    Sv\u00e1jc vezet\u0151 gazdas\u00e1gkutat\u00f3 int\u00e9zete, a z\u00fcrichi Konjunkturforschungsstelle (Kof) p\u00e9nteken azt k\u00f6z\u00f6lte, hogy a hat h\u00f3napra el\u0151retekint\u0151 augusztusi konjunkt\u00faramutat\u00f3ja 110,2 pontra ugrott a j\u00faliusi 86 pontr\u00f3l.<br \/>\n    Szak\u00e9rt\u0151k 90 pontra sz\u00e1m\u00edtottak.<br \/>\n    Tavaly augusztusban az index gyeng\u00e9bb volt, 97 ponton \u00e1llt. Az az\u00f3ta eltelt egy \u00e9vben a mutat\u00f3 m\u00e9lypontja m\u00e1jusban volt, 53,2 ponttal.<br \/>\n    Sv\u00e1jc hazai \u00f6sszterm\u00e9ke (GDP) az idei m\u00e1sodik negyed\u00e9vben 8,2 sz\u00e1zal\u00e9kkal cs\u00f6kkent az els\u0151 negyed\u00e9vvel \u00f6sszevetve, amikor a gazdas\u00e1g 2,5 sz\u00e1zal\u00e9kkal esett.<br \/>\n    A sv\u00e1jci korm\u00e1ny j\u00faniusban azzal sz\u00e1molt, hogy a gazdas\u00e1g id\u00e9n 6,2 sz\u00e1zal\u00e9kkal esik vissza. Sv\u00e1jc gazdas\u00e1gi \u00e1llamtitk\u00e1rs\u00e1g\u00e1nak (SECO) vezet\u0151 k\u00f6zgazd\u00e1sza, Ronald Indergand cs\u00fct\u00f6rt\u00f6k\u00f6n viszont \u00fagy v\u00e9lte, hogy a gazdas\u00e1g enn\u00e9l kisebb m\u00e9rt\u00e9kben zsugorodik majd, de hogy szerinte mennyivel, nem k\u00f6z\u00f6lte. A szakember szerint egy\u00e9bk\u00e9nt k\u00e9t \u00e9vre lesz sz\u00fcks\u00e9g ahhoz, hogy Sv\u00e1jc gazdas\u00e1ga a v\u00e1ls\u00e1g el\u0151tti szintre er\u0151s\u00f6dj\u00f6n vissza.(MTI)<\/p>\n","protected":false},"excerpt":{"rendered":"<p>Az elemz\u0151k \u00e1ltal v\u00e1rtn\u00e1l nagyobb m\u00e9rt\u00e9kben javult a sv\u00e1jci konjunkt\u00faramutat\u00f3 \u00e9rt\u00e9ke augusztusban.<\/p>\n","protected":false},"author":1001006,"featured_media":0,"comment_status":"closed","ping_status":"open","sticky":false,"template":"","format":"standard","meta":[],"categories":[12,246],"tags":[],"_links":{"self":[{"href":"https:\/\/gazdasagportal.hu\/index.php\/wp-json\/wp\/v2\/posts\/129169"}],"collection":[{"href":"https:\/\/gazdasagportal.hu\/index.php\/wp-json\/wp\/v2\/posts"}],"about":[{"href":"https:\/\/gazdasagportal.hu\/index.php\/wp-json\/wp\/v2\/types\/post"}],"author":[{"embeddable":true,"href":"https:\/\/gazdasagportal.hu\/index.php\/wp-json\/wp\/v2\/users\/1001006"}],"replies":[{"embeddable":true,"href":"https:\/\/gazdasagportal.hu\/index.php\/wp-json\/wp\/v2\/comments?post=129169"}],"version-history":[{"count":1,"href":"https:\/\/gazdasagportal.hu\/index.php\/wp-json\/wp\/v2\/posts\/129169\/revisions"}],"predecessor-version":[{"id":129170,"href":"https:\/\/gazdasagportal.hu\/index.php\/wp-json\/wp\/v2\/posts\/129169\/revisions\/129170"}],"wp:attachment":[{"href":"https:\/\/gazdasagportal.hu\/index.php\/wp-json\/wp\/v2\/media?parent=129169"}],"wp:term":[{"taxonomy":"category","embeddable":true,"href":"https:\/\/gazdasagportal.hu\/index.php\/wp-json\/wp\/v2\/categories?post=129169"},{"taxonomy":"post_tag","embeddable":true,"href":"https:\/\/gazdasagportal.hu\/index.php\/wp-json\/wp\/v2\/tags?post=129169"}],"curies":[{"name":"wp","href":"https:\/\/api.w.org\/{rel}","templated":true}]}}