{"id":129056,"date":"2020-08-26T12:46:42","date_gmt":"2020-08-26T10:46:42","guid":{"rendered":"http:\/\/gazdasagportal.hu\/?p=129056"},"modified":"2020-08-26T12:46:42","modified_gmt":"2020-08-26T10:46:42","slug":"nyitott-a-spar-az-egyuttmukodesre-a-hazai-elelmiszer-eloallitokkal","status":"publish","type":"post","link":"https:\/\/gazdasagportal.hu\/index.php\/nyitott-a-spar-az-egyuttmukodesre-a-hazai-elelmiszer-eloallitokkal\/","title":{"rendered":"Nyitott a SPAR az egy\u00fcttm\u0171k\u00f6d\u00e9sre a hazai \u00e9lelmiszer-el\u0151\u00e1ll\u00edt\u00f3kkal"},"content":{"rendered":"<p><strong>Jelent\u0151s, de szervezetts\u00e9ggel tov\u00e1bb n\u00f6velhet\u0151 a hazai \u00e9lelmiszerek ar\u00e1nya a kiskereskedelmi l\u00e1ncok \u00fczleteiben. A Nemzeti Agr\u00e1rgazdas\u00e1gi Kamara (NAK) a SPAR vezet\u0151ivel egyebek k\u00f6zt err\u0151l is egyeztetett.<\/strong><!--more--><\/p>\n<div class=\"ads-in-post1\"><div id=\"gazdasagportal.hu_fullbanner_wideboard\"><\/div>\r\n<\/div>\n<p>A NAK a SPAR Magyarorsz\u00e1g Kereskedelmi Kft. vezet\u0151ivel egyeztetett, alapvet\u0151en a friss z\u00f6lds\u00e9g-gy\u00fcm\u00f6lcs, tejterm\u00e9k, baromfi, h\u00fas term\u00e9kk\u00f6r\u00f6kre f\u00f3kusz\u00e1lva. \u201eC\u00e9l, hogy mindazon friss \u00e9s feldolgozott \u00e9lelmiszerekb\u0151l, melyekb\u0151l a magyar \u00e9lelmiszergazdas\u00e1g szerepl\u0151i megfelel\u0151 mennyis\u00e9get \u00e9s min\u0151s\u00e9get \u00e1ll\u00edtanak el\u0151, az \u00fczletek polcain els\u0151sorban azok legyenek megtal\u00e1lhat\u00f3ak. A koronav\u00edrus hatv\u00e1nyozottan r\u00e1mutatott, mennyire fontos a hazai \u00e1ruk el\u0151nyben r\u00e9szes\u00edt\u00e9se. T\u00f6rekv\u00e9s\u00fcnk, hogy hat\u00e9konyabb\u00e1 v\u00e1ljanak a hazai el\u0151\u00e1ll\u00edt\u00f3k piaci \u00e9rt\u00e9kes\u00edt\u00e9si lehet\u0151s\u00e9gei, a jelenlegin\u00e9l is jobban el\u0151t\u00e9rbe ker\u00fcljenek.\u201d \u2013 hangs\u00falyozta \u00c9der Tam\u00e1s, a NAK \u00e9lelmiszeripar\u00e9rt felel\u0151s orsz\u00e1gos aleln\u00f6ke.<\/p>\n<p>\u201eA magyar termel\u0151k k\u00e9pesek magas sz\u00ednvonalon, folyamatosan j\u00f3 min\u0151s\u00e9gben z\u00f6lds\u00e9get \u00e9s gy\u00fcm\u00f6lcs\u00f6t termelni, ig\u00e9nyes, friss \u00e1ruval ell\u00e1tni a piacot, megfelelve a magas k\u00f6vetelm\u00e9nyeknek. A kert\u00e9szeti \u00e1gazat jelenleg a potenci\u00e1lja 30%-\u00e1t termeli csak meg, c\u00e9l ennek jelent\u0151s emel\u00e9se. Fontos az arra figyel\u00e9s is, hogy a hazai \u00e1ruk megjelen\u00e9sekor azok id\u0151ben v\u00e1lts\u00e1k az import term\u00e9nyeket\u201d \u2013 emelte ki M\u00e1rtonffy B\u00e9la, a NAK Orsz\u00e1gos Kert\u00e9szeti \u00e9s Besz\u00e1ll\u00edt\u00f3ipari Oszt\u00e1ly\u00e1nak eln\u00f6ke.<\/p><div id=\"gazda-3198671895\" class=\"gazda-tartalomban gazda-entity-placement\"><script async src=\"https:\/\/pagead2.googlesyndication.com\/pagead\/js\/adsbygoogle.js\"><\/script>\r\n<ins class=\"adsbygoogle\"\r\n     style=\"display:block\"\r\n     data-ad-format=\"fluid\"\r\n     data-ad-layout-key=\"-6t+ed+2i-1n-4w\"\r\n     data-ad-client=\"ca-pub-1959107119989764\"\r\n     data-ad-slot=\"4008251320\"><\/ins>\r\n<script>\r\n     (adsbygoogle = window.adsbygoogle || []).push({});\r\n<\/script><\/div>\n<div class=\"ads-in-post1\"><div id=\"gazdasagportal.hu_fullbanner_wideboard\"><\/div>\r\n<\/div>\n\u201eA SPAR Magyarorsz\u00e1g \u00e9s a Nemzeti Agr\u00e1rgazdas\u00e1gi Kamara k\u00f6z\u00f6tt hossz\u00fa \u00e9vek \u00f3ta kiv\u00e1l\u00f3 a viszony. Partners\u00e9g\u00fcnk alapja a bizalom, mely megannyi k\u00f6z\u00f6s, a magyar agr\u00e1riumot t\u00e1mogat\u00f3 aktivit\u00e1sban \u00f6lt\u00f6tt testet az elm\u00falt id\u0151szakban. T\u00e1mogat\u00f3i voltunk a Magyarok Kenyere programnak, partnerk\u00e9nt r\u00e9szt vett\u00fcnk a magyar f\u00f6ld legjav\u00e1t n\u00e9pszer\u0171s\u00edt\u0151 dinnye, alma \u00e9s gomba fogyaszt\u00e1s\u00e1t \u00f6szt\u00f6nz\u0151 kamp\u00e1nyokban \u00e9s tagjai vagyunk a NAK \u00e1ltal ind\u00edtott szakmai-operat\u00edv munkacsoportoknak is, melyek \u00e1ltal egy\u00fctt tudjuk form\u00e1lni a j\u00f6v\u0151t, k\u00f6z\u00e9ppontban tartva a magyar gazd\u00e1k \u00e9rdekeit. A SPAR k\u00f6zel harminc\u00e9ves hazai m\u0171k\u00f6d\u00e9se sor\u00e1n sokat tett a hazai besz\u00e1ll\u00edt\u00f3k siker\u00e9\u00e9rt. Jelen pillanatban 90% feletti ar\u00e1nyban szerezz\u00fck be itthon a polcainkra ker\u00fcl\u0151 \u00e9lelmiszer term\u00e9keket, melyre nagyon b\u00fcszk\u00e9k vagyunk. Azonban sok munka \u00e1ll m\u00e9g el\u0151tt\u00fcnk, melynek kulcsa a kiegyens\u00falyozott egy\u00fcttm\u0171k\u00f6d\u00e9s. \u201d \u2013 mondta Heiszler Gabriella, a SPAR Magyarorsz\u00e1g Kereskedelmi Kft. \u00fcgyvezet\u0151 igazgat\u00f3ja.<\/p>\n<div class=\"ads-in-post2\"><script async src=\"https:\/\/pagead2.googlesyndication.com\/pagead\/js\/adsbygoogle.js\"><\/script>\r\n<ins class=\"adsbygoogle\"\r\n     style=\"display:block\"\r\n     data-ad-format=\"fluid\"\r\n     data-ad-layout-key=\"-6t+ed+2i-1n-4w\"\r\n     data-ad-client=\"ca-pub-1959107119989764\"\r\n     data-ad-slot=\"4008251320\"><\/ins>\r\n<script>\r\n     (adsbygoogle = window.adsbygoogle || []).push({});\r\n<\/script><\/div>\nA kamara folyamatosan egyeztet a kiskereskedelmi \u00e1ruh\u00e1zl\u00e1ncokkal, ennek volt \u00fajabb m\u00e9rf\u00f6ldk\u00f6ve a haz\u00e1nkban t\u00f6bb mint 500 \u00fczlettel rendelkez\u0151, k\u00f6zel 13 ezer dolgoz\u00f3t foglalkoztat\u00f3 SPAR vezet\u0151ivel val\u00f3 szem\u00e9lyes konzult\u00e1ci\u00f3. Az \u00e1ruh\u00e1zl\u00e1nc a j\u00f6v\u0151ben nyitott arra, hogy k\u00fcl\u00f6nf\u00e9le term\u00e9kcsoportokkal kapcsolatban \u2013 egy\u00fcttm\u0171k\u00f6dve a kamar\u00e1val \u2013 termel\u0151i-el\u0151\u00e1ll\u00edt\u00f3i f\u00f3rumokat tartson. A m\u00e1r megl\u00e9v\u0151 \u00e9s a potenci\u00e1lis besz\u00e1ll\u00edt\u00f3k, a megrendel\u0151 \u00e9s a fogyaszt\u00f3k sz\u00e1m\u00e1ra is jelent\u0151s \u00e1rbeli \u00e9s min\u0151s\u00e9gi, szervez\u00e9si el\u0151ny\u00f6kkel j\u00e1rhat a r\u00f6vid ell\u00e1t\u00e1si l\u00e1ncban egy\u00fcttm\u0171k\u00f6d\u00e9s, a min\u00e9l k\u00f6zvetlenebb kapcsolat. Ahogy a termeltet\u00e9si meg\u00e1llapod\u00e1sok tervezhet\u0151bb\u00e9, hat\u00e9konyabb\u00e1 tehetik a munk\u00e1t: az \u00e1ruh\u00e1zl\u00e1ncok egyenletes, meghat\u00e1rozott min\u0151s\u00e9get v\u00e1rnak el, amihez kisz\u00e1m\u00edthat\u00f3s\u00e1got \u00e9s biztos piacot k\u00edn\u00e1lnak. Fontos az ellen\u0151rz\u00f6tt, audit\u00e1lhat\u00f3 forr\u00e1sb\u00f3l sz\u00e1rmaz\u00f3, j\u00f3 min\u0151s\u00e9g\u0171 \u00e1ru, valamint az, hogy a lehet\u0151 legfrissebben jussanak el a term\u00e9kek a v\u00e1s\u00e1rl\u00f3khoz.<\/p>\n","protected":false},"excerpt":{"rendered":"<p>Jelent\u0151s, de szervezetts\u00e9ggel tov\u00e1bb n\u00f6velhet\u0151 a hazai \u00e9lelmiszerek ar\u00e1nya a kiskereskedelmi l\u00e1ncok \u00fczleteiben. A Nemzeti Agr\u00e1rgazdas\u00e1gi Kamara (NAK) a SPAR vezet\u0151ivel egyebek k\u00f6zt err\u0151l is egyeztetett.<\/p>\n","protected":false},"author":1001006,"featured_media":0,"comment_status":"closed","ping_status":"open","sticky":false,"template":"","format":"standard","meta":[],"categories":[19],"tags":[],"_links":{"self":[{"href":"https:\/\/gazdasagportal.hu\/index.php\/wp-json\/wp\/v2\/posts\/129056"}],"collection":[{"href":"https:\/\/gazdasagportal.hu\/index.php\/wp-json\/wp\/v2\/posts"}],"about":[{"href":"https:\/\/gazdasagportal.hu\/index.php\/wp-json\/wp\/v2\/types\/post"}],"author":[{"embeddable":true,"href":"https:\/\/gazdasagportal.hu\/index.php\/wp-json\/wp\/v2\/users\/1001006"}],"replies":[{"embeddable":true,"href":"https:\/\/gazdasagportal.hu\/index.php\/wp-json\/wp\/v2\/comments?post=129056"}],"version-history":[{"count":1,"href":"https:\/\/gazdasagportal.hu\/index.php\/wp-json\/wp\/v2\/posts\/129056\/revisions"}],"predecessor-version":[{"id":129057,"href":"https:\/\/gazdasagportal.hu\/index.php\/wp-json\/wp\/v2\/posts\/129056\/revisions\/129057"}],"wp:attachment":[{"href":"https:\/\/gazdasagportal.hu\/index.php\/wp-json\/wp\/v2\/media?parent=129056"}],"wp:term":[{"taxonomy":"category","embeddable":true,"href":"https:\/\/gazdasagportal.hu\/index.php\/wp-json\/wp\/v2\/categories?post=129056"},{"taxonomy":"post_tag","embeddable":true,"href":"https:\/\/gazdasagportal.hu\/index.php\/wp-json\/wp\/v2\/tags?post=129056"}],"curies":[{"name":"wp","href":"https:\/\/api.w.org\/{rel}","templated":true}]}}