{"id":129022,"date":"2020-08-25T11:50:06","date_gmt":"2020-08-25T09:50:06","guid":{"rendered":"http:\/\/gazdasagportal.hu\/?p=129022"},"modified":"2020-08-25T11:50:06","modified_gmt":"2020-08-25T09:50:06","slug":"koronavirus-meghalt-egy-beteg-24-gyel-nott-a-fertozottek-szama-magyarorszagon","status":"publish","type":"post","link":"https:\/\/gazdasagportal.hu\/index.php\/koronavirus-meghalt-egy-beteg-24-gyel-nott-a-fertozottek-szama-magyarorszagon\/","title":{"rendered":"Koronav\u00edrus &#8211; Meghalt egy beteg, 24-gyel n\u0151tt a fert\u0151z\u00f6ttek sz\u00e1ma Magyarorsz\u00e1gon"},"content":{"rendered":"<p><strong>Meghalt egy id\u0151s, kr\u00f3nikus beteg, \u00e9s huszonn\u00e9ggyel, 5215-re emelkedett az azonos\u00edtott koronav\u00edrus-fert\u0151z\u00f6ttek sz\u00e1ma Magyarorsz\u00e1gon &#8211; k\u00f6z\u00f6lte a koronavirus.gov.hu kedden.<\/strong><!--more--><\/p>\n<div class=\"ads-in-post1\"><div id=\"gazdasagportal.hu_fullbanner_wideboard\"><\/div>\r\n<\/div>\n<p>    A korm\u00e1nyzati port\u00e1lon azt \u00edrt\u00e1k: az elhunytak sz\u00e1ma 614-re emelkedett, 3716-an pedig m\u00e1r meggy\u00f3gyultak.<br \/>\n    Az akt\u00edv fert\u0151z\u00f6ttek sz\u00e1ma 885. Az akt\u00edv fert\u0151z\u00f6ttek 36 sz\u00e1zal\u00e9ka, az elhunytak 60 sz\u00e1zal\u00e9ka, a gy\u00f3gyultak 42 sz\u00e1zal\u00e9ka budapesti.<br \/>\n    K\u00f3rh\u00e1zban 57 koronav\u00edrusos beteget \u00e1polnak, k\u00f6z\u00fcl\u00fck heten vannak l\u00e9legeztet\u0151g\u00e9pen.<br \/>\n    Az oldal adatai szerint 7284-en vannak hat\u00f3s\u00e1gi h\u00e1zi karant\u00e9nban. A mintav\u00e9telek sz\u00e1ma 400 442.<br \/>\n    Kiemelt\u00e9k: a j\u00e1rv\u00e1ny tov\u00e1bbra is jelen van \u00e9s t\u00f6bb orsz\u00e1gban er\u0151sen terjed, ez\u00e9rt a j\u00e1rv\u00e1ny\u00fcgyi k\u00e9sz\u00fclts\u00e9g tov\u00e1bbra is \u00e9rv\u00e9nyben van. Az a c\u00e9l, hogy a v\u00edrust a hat\u00e1ron k\u00edv\u00fcl tarts\u00e1k \u00e9s a tov\u00e1bbi szigor\u00edt\u00e1sokat, korl\u00e1toz\u00e1sokat elker\u00fclj\u00e9k. Ez\u00e9rt l\u00e9ptek \u00e9letbe a beutaz\u00e1si korl\u00e1toz\u00e1sok, amelyek c\u00e9lja, hogy megakad\u00e1lyozz\u00e1k a fert\u0151z\u00e9s k\u00fclf\u00f6ldr\u0151l t\u00f6rt\u00e9n\u0151 behurcol\u00e1s\u00e1t \u00e9s a j\u00e1rv\u00e1ny magyarorsz\u00e1gi fell\u00e1ngol\u00e1s\u00e1t.<br \/>\n<div class=\"ads-in-post2\"><script async src=\"https:\/\/pagead2.googlesyndication.com\/pagead\/js\/adsbygoogle.js\"><\/script>\r\n<ins class=\"adsbygoogle\"\r\n     style=\"display:block\"\r\n     data-ad-format=\"fluid\"\r\n     data-ad-layout-key=\"-6t+ed+2i-1n-4w\"\r\n     data-ad-client=\"ca-pub-1959107119989764\"\r\n     data-ad-slot=\"4008251320\"><\/ins>\r\n<script>\r\n     (adsbygoogle = window.adsbygoogle || []).push({});\r\n<\/script><\/div>\n    A s\u00e1rga \u00e9s piros besorol\u00e1s\u00fa orsz\u00e1gokb\u00f3l hazat\u00e9r\u0151knek, valamint mindazoknak, akikn\u00e9l a j\u00e1rv\u00e1ny\u00fcgyi kontaktkutat\u00e1s sor\u00e1n elrendelik, hat\u00f3s\u00e1gi h\u00e1zi karant\u00e9nban kell maradniuk. Eur\u00f3pa legt\u00f6bb \u00e1llam\u00e1ban romlik a j\u00e1rv\u00e1ny\u00fcgyi helyzet, ez\u00e9rt szeptember elsej\u00e9t\u0151l a jelenlegin\u00e9l szigor\u00fabb szab\u00e1lyt kell alkalmazni a k\u00fclf\u00f6ldi utaz\u00e1sokra, amire az e heti korm\u00e1ny\u00fcl\u00e9sen tesz javaslatot az operat\u00edv t\u00f6rzs.<br \/>\n    Kit\u00e9rtek arra is, hogy az operat\u00edv t\u00f6rzs a hat\u00f3s\u00e1gi h\u00e1zi karant\u00e9n betart\u00e1s\u00e1nak fokozott ellen\u0151rz\u00e9s\u00e9re k\u00e9rte fel a rend\u0151rs\u00e9get. Ha valaki az orsz\u00e1gba visszat\u00e9rve mentes\u00fclni szeretne a hat\u00f3s\u00e1gi h\u00e1zi karant\u00e9n al\u00f3l, akkor azt negat\u00edv PCR-teszt eset\u00e9n teheti meg, amelyet a saj\u00e1t k\u00f6lts\u00e9g\u00e9n kell elv\u00e9geztetnie.<br \/>\n    Arr\u00f3l is \u00edrtak: a megel\u0151z\u00e9s legfontosabb m\u00f3dja most az, hogy akinek t\u00fcnetei vannak, az ne menjen k\u00f6z\u00f6ss\u00e9gbe. Az ut\u00f3bbi id\u0151ben el\u0151fordult \u00faj fert\u0151z\u00e9sek t\u00f6bbs\u00e9ge arra vezethet\u0151 vissza, hogy t\u00f6bben, akik ugyan \u00e9szlelt\u00e9k magukon a t\u00fcneteket, nem vett\u00e9k el\u00e9g komolyan, \u00e9s ennek ellen\u00e9re elmentek kisebb-nagyobb csal\u00e1di, bar\u00e1ti \u00f6sszej\u00f6vetelekre, ahol m\u00e1sokat is megfert\u0151ztek.<br \/>\n    &#8222;A kock\u00e1zatos k\u00fclf\u00f6ldi utaz\u00e1sok ker\u00fcl\u00e9se, valamint az \u00fczletekben \u00e9s t\u00f6megk\u00f6zleked\u00e9sen el\u0151\u00edrt maszkhaszn\u00e1lat \u00e9s t\u00e1vols\u00e1gtart\u00e1s mellett teh\u00e1t az egyik leghat\u00e9konyabb v\u00e9dekez\u00e9si forma az, ha tov\u00e1bbra is \u00e9berek \u00e9s fegyelmezettek vagyunk, \u00e9s komolyan vessz\u00fck a koronav\u00edrusra utal\u00f3 jeleket, f\u00fcggetlen\u00fcl att\u00f3l, hogy j\u00e1rtunk-e k\u00fclf\u00f6ld\u00f6n.<br \/>\n<div class=\"ads-in-post1\"><div id=\"gazdasagportal.hu_fullbanner_wideboard\"><\/div>\r\n<\/div>\n Ha ezt betartjuk, akkor el tudjuk ker\u00fclni a fert\u0151z\u00e9s tov\u00e1bbterjed\u00e9s\u00e9t \u00e9s emiatt tov\u00e1bbi korl\u00e1toz\u00f3 int\u00e9zked\u00e9sek bevezet\u00e9s\u00e9t&#8221; &#8211; olvashat\u00f3 a t\u00e1j\u00e9koztat\u00f3ban.<br \/>\n    Az oldal t\u00e9rk\u00e9pe alapj\u00e1n eddig Budapesten (2267) \u00e9s Pest megy\u00e9ben (761) regisztr\u00e1lt\u00e1k a legt\u00f6bb fert\u0151z\u00f6ttet. Ezt k\u00f6veti Fej\u00e9r (394), Kom\u00e1rom-Esztergom (316), Zala (279), Csongr\u00e1d-Csan\u00e1d (159), Borsod-Aba\u00faj-Zempl\u00e9n (157) \u00e9s Veszpr\u00e9m megye (154) a sor v\u00e9g\u00e9n pedig B\u00e9k\u00e9s megye \u00e1ll (19).<br \/>\n(MTI)<\/p>\n","protected":false},"excerpt":{"rendered":"<p>Meghalt egy id\u0151s, kr\u00f3nikus beteg, \u00e9s huszonn\u00e9ggyel, 5215-re emelkedett az azonos\u00edtott koronav\u00edrus-fert\u0151z\u00f6ttek sz\u00e1ma Magyarorsz\u00e1gon &#8211; k\u00f6z\u00f6lte a koronavirus.gov.hu kedden.<\/p>\n","protected":false},"author":1001006,"featured_media":0,"comment_status":"closed","ping_status":"open","sticky":false,"template":"","format":"standard","meta":[],"categories":[4,427],"tags":[],"_links":{"self":[{"href":"https:\/\/gazdasagportal.hu\/index.php\/wp-json\/wp\/v2\/posts\/129022"}],"collection":[{"href":"https:\/\/gazdasagportal.hu\/index.php\/wp-json\/wp\/v2\/posts"}],"about":[{"href":"https:\/\/gazdasagportal.hu\/index.php\/wp-json\/wp\/v2\/types\/post"}],"author":[{"embeddable":true,"href":"https:\/\/gazdasagportal.hu\/index.php\/wp-json\/wp\/v2\/users\/1001006"}],"replies":[{"embeddable":true,"href":"https:\/\/gazdasagportal.hu\/index.php\/wp-json\/wp\/v2\/comments?post=129022"}],"version-history":[{"count":1,"href":"https:\/\/gazdasagportal.hu\/index.php\/wp-json\/wp\/v2\/posts\/129022\/revisions"}],"predecessor-version":[{"id":129023,"href":"https:\/\/gazdasagportal.hu\/index.php\/wp-json\/wp\/v2\/posts\/129022\/revisions\/129023"}],"wp:attachment":[{"href":"https:\/\/gazdasagportal.hu\/index.php\/wp-json\/wp\/v2\/media?parent=129022"}],"wp:term":[{"taxonomy":"category","embeddable":true,"href":"https:\/\/gazdasagportal.hu\/index.php\/wp-json\/wp\/v2\/categories?post=129022"},{"taxonomy":"post_tag","embeddable":true,"href":"https:\/\/gazdasagportal.hu\/index.php\/wp-json\/wp\/v2\/tags?post=129022"}],"curies":[{"name":"wp","href":"https:\/\/api.w.org\/{rel}","templated":true}]}}