{"id":128941,"date":"2020-08-21T21:23:15","date_gmt":"2020-08-21T19:23:15","guid":{"rendered":"http:\/\/gazdasagportal.hu\/?p=128941"},"modified":"2020-08-21T21:23:15","modified_gmt":"2020-08-21T19:23:15","slug":"meghalt-ket-beteg-52-vel-nott-a-fertozottek-szama-magyarorszagon","status":"publish","type":"post","link":"https:\/\/gazdasagportal.hu\/index.php\/meghalt-ket-beteg-52-vel-nott-a-fertozottek-szama-magyarorszagon\/","title":{"rendered":"Meghalt k\u00e9t beteg, 52-vel n\u0151tt a fert\u0151z\u00f6ttek sz\u00e1ma Magyarorsz\u00e1gon"},"content":{"rendered":"<p><strong>Meghalt k\u00e9t id\u0151s, kr\u00f3nikus beteg, \u00e9s \u00f6tvenkett\u0151vel, 5098-ra emelkedett az azonos\u00edtott koronav\u00edrus-fert\u0151z\u00f6ttek sz\u00e1ma Magyarorsz\u00e1gon &#8211; k\u00f6z\u00f6lte a <a href=\"https:\/\/koronavirus.gov.hu\/\" target=\"_blank\" rel=\"noopener noreferrer\">koronavirus.gov.hu<\/a> p\u00e9nteken.<\/strong><!--more--><\/p>\n<div class=\"ads-in-post1\"><div id=\"gazdasagportal.hu_fullbanner_wideboard\"><\/div>\r\n<\/div>\n<p>A korm\u00e1nyzati port\u00e1lon azt \u00edrt\u00e1k: a koronav\u00edrus-fert\u0151z\u00e9s miatt elhunytak sz\u00e1ma 611, 3681-en m\u00e1r meggy\u00f3gyultak.<br \/>\nAz akt\u00edv fert\u0151z\u00f6ttek sz\u00e1ma 806. Az akt\u00edv fert\u0151z\u00f6ttek 34 sz\u00e1zal\u00e9ka, az elhunytak 60 sz\u00e1zal\u00e9ka, a gy\u00f3gyultak 43 sz\u00e1zal\u00e9ka budapesti.<br \/>\nK\u00f3rh\u00e1zban 58 koronav\u00edrusos beteget \u00e1polnak, k\u00f6z\u00fcl\u00fck hatan vannak l\u00e9legeztet\u0151g\u00e9pen.<br \/>\nAz oldal adatai szerint 7543-an vannak hat\u00f3s\u00e1gi h\u00e1zi karant\u00e9nban. A mintav\u00e9telek sz\u00e1ma 393 431.<br \/>\nKiemelt\u00e9k: a j\u00e1rv\u00e1ny tov\u00e1bbra is jelen van, \u00e9s t\u00f6bb orsz\u00e1gban er\u0151sen terjed, ez\u00e9rt a j\u00e1rv\u00e1ny\u00fcgyi k\u00e9sz\u00fclts\u00e9g tov\u00e1bbra is \u00e9rv\u00e9nyben van.<br \/>\nEml\u00e9keztettek arra, hogy a beutaz\u00e1si korl\u00e1toz\u00e1sokat a tov\u00e1bbi szigor\u00edt\u00e1sok elker\u00fcl\u00e9s\u00e9re vezett\u00e9k be. A s\u00e1rga \u00e9s piros besorol\u00e1s\u00fa orsz\u00e1gokb\u00f3l hazat\u00e9r\u0151knek, valamint mindazoknak, akiknek a j\u00e1rv\u00e1ny\u00fcgyi kontaktkutat\u00e1s k\u00f6vetkezt\u00e9ben elrendelik, hat\u00f3s\u00e1gi h\u00e1zi karant\u00e9nban kell maradniuk.<br \/>\nAz operat\u00edv t\u00f6rzs a karant\u00e9n betart\u00e1s\u00e1nak fokozott ellen\u0151rz\u00e9s\u00e9re k\u00e9rte a rend\u0151rs\u00e9get. Ha valaki az orsz\u00e1gba visszat\u00e9rve mentes\u00fclni szeretne a karant\u00e9n al\u00f3l, azt negat\u00edv PCR-teszt eset\u00e9n teheti meg, amelyet saj\u00e1t k\u00f6lts\u00e9g\u00e9n kell elv\u00e9geztetnie.<br \/>\n<div class=\"ads-in-post2\"><script async src=\"https:\/\/pagead2.googlesyndication.com\/pagead\/js\/adsbygoogle.js\"><\/script>\r\n<ins class=\"adsbygoogle\"\r\n     style=\"display:block\"\r\n     data-ad-format=\"fluid\"\r\n     data-ad-layout-key=\"-6t+ed+2i-1n-4w\"\r\n     data-ad-client=\"ca-pub-1959107119989764\"\r\n     data-ad-slot=\"4008251320\"><\/ins>\r\n<script>\r\n     (adsbygoogle = window.adsbygoogle || []).push({});\r\n<\/script><\/div>\nHangs\u00falyozt\u00e1k: Eur\u00f3pa legt\u00f6bb \u00e1llam\u00e1ban romlik a j\u00e1rv\u00e1ny\u00fcgyi helyzet, ez\u00e9rt szeptember elsej\u00e9t\u0151l a jelenlegin\u00e9l szigor\u00fabb szab\u00e1lyt kell alkalmazni a k\u00fclf\u00f6ldi utaz\u00e1sokra, amire a j\u00f6v\u0151 heti korm\u00e1ny\u00fcl\u00e9sen tesz javaslatot az operat\u00edv t\u00f6rzs. \u00c9ppen ez\u00e9rt szeptember elseje ut\u00e1nig tart\u00f3 k\u00fclf\u00f6ldi nyaral\u00e1st nem lehet felel\u0151ss\u00e9ggel tervezni &#8211; \u00edrt\u00e1k.<br \/>\nA k\u00f6zlem\u00e9ny szerint az elm\u00falt napokban diagnosztiz\u00e1lt \u00faj fert\u0151z\u00e9sek arra figyelmeztetnek, a megel\u0151z\u00e9s legfontosabb m\u00f3dja most az, hogy akinek t\u00fcnetei vannak, ne menjen k\u00f6z\u00f6ss\u00e9gbe.<br \/>\nAz ut\u00f3bbi id\u0151ben az \u00faj fert\u0151z\u00e9sek t\u00f6bbs\u00e9ge arra vezethet\u0151 vissza, hogy t\u00f6bben, akik \u00e9szlelt\u00e9k magukon a t\u00fcneteket, nem vett\u00e9k el\u00e9g komolyan, \u00e9s elmentek kisebb-nagyobb csal\u00e1di, bar\u00e1ti \u00f6sszej\u00f6vetelekre, ahol m\u00e1sokat is megfert\u0151ztek.<br \/>\nA kock\u00e1zatos k\u00fclf\u00f6ldi utaz\u00e1sok ker\u00fcl\u00e9se, valamint az \u00fczletekben \u00e9s t\u00f6megk\u00f6zleked\u00e9sben el\u0151\u00edrt maszkhaszn\u00e1lat \u00e9s t\u00e1vols\u00e1gtart\u00e1s mellett az egyik leghat\u00e9konyabb v\u00e9dekez\u00e9si forma az, ha tov\u00e1bbra is \u00e9berek \u00e9s fegyelmezettek vagyunk, \u00e9s komolyan vessz\u00fck a koronav\u00edrusra utal\u00f3 jeleket, f\u00fcggetlen\u00fcl att\u00f3l, hogy j\u00e1rtunk-e k\u00fclf\u00f6ld\u00f6n. Ha ezt betartjuk, akkor el tudjuk ker\u00fclni a fert\u0151z\u00e9s tov\u00e1bbterjed\u00e9s\u00e9t, \u00e9s emiatt tov\u00e1bbi korl\u00e1toz\u00f3 int\u00e9zked\u00e9sek bevezet\u00e9s\u00e9t &#8211; \u00edrt\u00e1k.<br \/>\n<div class=\"ads-in-post1\"><div id=\"gazdasagportal.hu_fullbanner_wideboard\"><\/div>\r\n<\/div>\nAz oldal t\u00e9rk\u00e9pe alapj\u00e1n eddig Budapesten (2215) \u00e9s Pest megy\u00e9ben (747) regisztr\u00e1lt\u00e1k a legt\u00f6bb fert\u0151z\u00f6ttet. Ezt k\u00f6veti Fej\u00e9r (393), Kom\u00e1rom-Esztergom (315), Zala (279), Csongr\u00e1d-Csan\u00e1d (158), Borsod-Aba\u00faj-Zempl\u00e9n \u00e9s Veszpr\u00e9m (154), Szabolcs-Szatm\u00e1r-Bereg (116) \u00e9s Gy\u0151r-Moson-Sopron megye (113), a sor v\u00e9g\u00e9n B\u00e9k\u00e9s megye \u00e1ll (19).(MTI)<\/p>\n<p>&nbsp;<\/p><div id=\"gazda-3614244897\" class=\"gazda-tartalomban gazda-entity-placement\"><script async src=\"https:\/\/pagead2.googlesyndication.com\/pagead\/js\/adsbygoogle.js\"><\/script>\r\n<ins class=\"adsbygoogle\"\r\n     style=\"display:block\"\r\n     data-ad-format=\"fluid\"\r\n     data-ad-layout-key=\"-6t+ed+2i-1n-4w\"\r\n     data-ad-client=\"ca-pub-1959107119989764\"\r\n     data-ad-slot=\"4008251320\"><\/ins>\r\n<script>\r\n     (adsbygoogle = window.adsbygoogle || []).push({});\r\n<\/script><\/div>\n","protected":false},"excerpt":{"rendered":"<p>Meghalt k\u00e9t id\u0151s, kr\u00f3nikus beteg, \u00e9s \u00f6tvenkett\u0151vel, 5098-ra emelkedett az azonos\u00edtott koronav\u00edrus-fert\u0151z\u00f6ttek sz\u00e1ma Magyarorsz\u00e1gon &#8211; k\u00f6z\u00f6lte a koronavirus.gov.hu p\u00e9nteken.<\/p>\n","protected":false},"author":1001005,"featured_media":125017,"comment_status":"closed","ping_status":"open","sticky":false,"template":"","format":"standard","meta":[],"categories":[146,4,427],"tags":[],"_links":{"self":[{"href":"https:\/\/gazdasagportal.hu\/index.php\/wp-json\/wp\/v2\/posts\/128941"}],"collection":[{"href":"https:\/\/gazdasagportal.hu\/index.php\/wp-json\/wp\/v2\/posts"}],"about":[{"href":"https:\/\/gazdasagportal.hu\/index.php\/wp-json\/wp\/v2\/types\/post"}],"author":[{"embeddable":true,"href":"https:\/\/gazdasagportal.hu\/index.php\/wp-json\/wp\/v2\/users\/1001005"}],"replies":[{"embeddable":true,"href":"https:\/\/gazdasagportal.hu\/index.php\/wp-json\/wp\/v2\/comments?post=128941"}],"version-history":[{"count":1,"href":"https:\/\/gazdasagportal.hu\/index.php\/wp-json\/wp\/v2\/posts\/128941\/revisions"}],"predecessor-version":[{"id":128942,"href":"https:\/\/gazdasagportal.hu\/index.php\/wp-json\/wp\/v2\/posts\/128941\/revisions\/128942"}],"wp:featuredmedia":[{"embeddable":true,"href":"https:\/\/gazdasagportal.hu\/index.php\/wp-json\/wp\/v2\/media\/125017"}],"wp:attachment":[{"href":"https:\/\/gazdasagportal.hu\/index.php\/wp-json\/wp\/v2\/media?parent=128941"}],"wp:term":[{"taxonomy":"category","embeddable":true,"href":"https:\/\/gazdasagportal.hu\/index.php\/wp-json\/wp\/v2\/categories?post=128941"},{"taxonomy":"post_tag","embeddable":true,"href":"https:\/\/gazdasagportal.hu\/index.php\/wp-json\/wp\/v2\/tags?post=128941"}],"curies":[{"name":"wp","href":"https:\/\/api.w.org\/{rel}","templated":true}]}}