{"id":128933,"date":"2020-08-21T11:03:11","date_gmt":"2020-08-21T09:03:11","guid":{"rendered":"http:\/\/gazdasagportal.hu\/?p=128933"},"modified":"2020-08-21T09:04:56","modified_gmt":"2020-08-21T07:04:56","slug":"letartoztattak-trump-volt-tanacsadojat-steve-bannont-csalas-miatt-vadat-emeltek-ellene","status":"publish","type":"post","link":"https:\/\/gazdasagportal.hu\/index.php\/letartoztattak-trump-volt-tanacsadojat-steve-bannont-csalas-miatt-vadat-emeltek-ellene\/","title":{"rendered":"Letart\u00f3ztatt\u00e1k Trump volt tan\u00e1csad\u00f3j\u00e1t, Steve Bannont, csal\u00e1s miatt v\u00e1dat emeltek ellene"},"content":{"rendered":"<p><strong>Letart\u00f3ztatt\u00e1k Donald Trump amerikai eln\u00f6k egykori belpolitikai tan\u00e1csad\u00f3j\u00e1t, Steve Bannont, csal\u00e1s megalapozott gyan\u00faja miatt v\u00e1dat is emeltek ellene &#8211; jelentette az amerikai k\u00f6zszolg\u00e1lati r\u00e1di\u00f3 (NPR).<\/strong><!--more--><\/p>\n<div class=\"ads-in-post1\"><div id=\"gazdasagportal.hu_fullbanner_wideboard\"><\/div>\r\n<\/div>\n<p>    Bannon \u00e9s h\u00e1rom m\u00e1sik ember ellen interneten elk\u00f6vetett p\u00e9nz\u00fcgyi csal\u00e1s miatt emeltek v\u00e1dat New Yorkban. Adom\u00e1nygy\u0171jt\u00e9si akci\u00f3val ugyanis mintegy 25 milli\u00f3 doll\u00e1rt (t\u00f6bb mint 7,3 milli\u00e1rd forintot) csaltak ki emberekt\u0151l a v\u00e1dhat\u00f3s\u00e1g szerint.<br \/>\n    A kor\u00e1bbi tan\u00e1csad\u00f3 \u00e9s h\u00e1rom t\u00e1rsa &#8211; Brian Kolfage, Andrew Badolato \u00e9s Timothy Shea &#8211; nonprofit szervezetet hozott l\u00e9tre, \u00e9s Falat \u00e9p\u00edt\u00fcnk c\u00edmen 2018-ban k\u00f6z\u00f6ss\u00e9gi finansz\u00edroz\u00e1si kamp\u00e1nyt hirdetett az amerikai-mexik\u00f3i hat\u00e1ron \u00e9p\u00edtend\u0151 fal k\u00f6lts\u00e9geire.<br \/>\n    A v\u00e1dlottak &#8222;t\u00f6bb sz\u00e1zezer adom\u00e1nyoz\u00f3t k\u00e1ros\u00edtottak meg, \u00e9s kihaszn\u00e1lva a hat\u00e1ron \u00e9p\u00edtend\u0151 fal finansz\u00edroz\u00e1sa ir\u00e1nti \u00e9rdekl\u0151d\u00e9s\u00fcket, hamisan azt a l\u00e1tszatot keltett\u00e9k, hogy az adom\u00e1nyokat a fal \u00e9p\u00edt\u00e9s\u00e9re ford\u00edtj\u00e1k&#8221; &#8211; fogalmazott cs\u00fct\u00f6rt\u00f6k\u00f6n kiadott k\u00f6zlem\u00e9ny\u00e9ben Audrey Strauss, New York megb\u00edzott ker\u00fcleti \u00fcgy\u00e9sze.<br \/>\n    Az \u00f6sszeget az egyik v\u00e1dlott, Brian Kolfage \u00e1ltal l\u00e9trehozott banksz\u00e1ml\u00e1ra gy\u0171jt\u00f6tt\u00e9k, \u00e9s annak egy r\u00e9sz\u00e9t, mintegy 350 ezer doll\u00e1rt (t\u00f6bb mint 102 milli\u00f3 forintot) Kolfage &#8211; a kezdem\u00e9nyez\u00e9s kital\u00e1l\u00f3ja \u00e9s elind\u00edt\u00f3ja &#8211; luxus\u00e9letm\u00f3dj\u00e1nak finansz\u00edroz\u00e1s\u00e1ra ford\u00edtott\u00e1k. A t\u00f6bbi p\u00e9nz holl\u00e9t\u00e9r\u0151l a nyomoz\u00f3k egyel\u0151re nem nyilatkoztak.<br \/>\n<div class=\"ads-in-post2\"><script async src=\"https:\/\/pagead2.googlesyndication.com\/pagead\/js\/adsbygoogle.js\"><\/script>\r\n<ins class=\"adsbygoogle\"\r\n     style=\"display:block\"\r\n     data-ad-format=\"fluid\"\r\n     data-ad-layout-key=\"-6t+ed+2i-1n-4w\"\r\n     data-ad-client=\"ca-pub-1959107119989764\"\r\n     data-ad-slot=\"4008251320\"><\/ins>\r\n<script>\r\n     (adsbygoogle = window.adsbygoogle || []).push({});\r\n<\/script><\/div>\n    Philip Bartlett, a vizsg\u00e1latot vezet\u0151 nyomoz\u00f3 cs\u00fct\u00f6rt\u00f6k\u00f6n \u00fajs\u00e1g\u00edr\u00f3knak azt mondta: &#8222;a v\u00e1dlottak nemcsak hazudtak az adom\u00e1nyoz\u00f3knak, hanem hamis sz\u00e1ml\u00e1kkal \u00e9s bizonylatokkal pr\u00f3b\u00e1lt\u00e1k meg fedezni b\u0171ncselekm\u00e9nyeiket, fittyet h\u00e1nyva a t\u00f6rv\u00e9nyess\u00e9gre&#8221;.<br \/>\n    Hozz\u00e1f\u0171zte: v\u00e1d al\u00e1 helyez\u00e9s\u00fck figyelmeztet\u00e9s, hogy senki nem \u00e1ll a t\u00f6rv\u00e9nyek felett, &#8222;sem rokkant h\u00e1bor\u00fas veter\u00e1n, sem milliomos tan\u00e1csad\u00f3&#8221;.<br \/>\n    Bannon b\u0171nt\u00e1rsait is \u0151rizetbe vett\u00e9k. P\u00e9nz\u00fcgyi csal\u00e1s \u00e9s p\u00e9nzmos\u00e1s miatt emeltek v\u00e1dat ellen\u00fck. A b\u0171ncselekm\u00e9nyek b\u00fcntet\u00e9si t\u00e9telei egyenk\u00e9nt ak\u00e1r h\u00fasz \u00e9vig is terjed\u0151 b\u00f6rt\u00f6nb\u00fcntet\u00e9sek.<br \/>\n    Donald Trump a Feh\u00e9r H\u00e1zban \u00fajs\u00e1g\u00edr\u00f3knak azt mondta: nem tudott Bannon \u00fcgyleteir\u0151l, kir\u00fag\u00e1sa \u00f3ta nem \u00e1llt kapcsolatban az egykori tan\u00e1csad\u00f3val.<br \/>\n<div class=\"ads-in-post1\"><div id=\"gazdasagportal.hu_fullbanner_wideboard\"><\/div>\r\n<\/div>\n    Cs\u00fct\u00f6rt\u00f6k\u00f6n d\u00e9lut\u00e1n a 67 \u00e9ves Steve Bannon megjelent a manhattani b\u00edr\u00f3s\u00e1gon, \u00e9s \u00e1rtatlannak vallotta mag\u00e1t a b\u0171n\u00fcgyben; 5 milli\u00f3 doll\u00e1ros (csaknem 1,5 milli\u00e1rd forintos) \u00f3vad\u00e9k ellen\u00e9ben szabadl\u00e1bra helyezt\u00e9k.<br \/>\n    K\u00f6zben a Fox telev\u00edzi\u00f3 &#8211; az \u00fcgy\u00e9szs\u00e9gi dokumentumokra hivatkozva &#8211; k\u00f6z\u00f6lte, hogy Bannon 1 milli\u00f3 doll\u00e1rt (mintegy 293 milli\u00f3 forintot) tett zsebre \u00e9s k\u00f6lt\u00f6tt el a saj\u00e1t c\u00e9ljaira az \u00f6sszegy\u0171lt adom\u00e1nyokb\u00f3l.<br \/>\n    Steve Bannon a 2016-os eln\u00f6kv\u00e1laszt\u00e1s idej\u00e9n Donald Trump kamp\u00e1nymenedzsere volt, majd h\u00e9t h\u00f3napig tan\u00e1csad\u00f3k\u00e9nt dolgozott a Feh\u00e9r H\u00e1zban. Az eln\u00f6k 2017 nyar\u00e1n bocs\u00e1totta el.(MTI)<\/p>\n","protected":false},"excerpt":{"rendered":"<p>Letart\u00f3ztatt\u00e1k Donald Trump amerikai eln\u00f6k egykori belpolitikai tan\u00e1csad\u00f3j\u00e1t, Steve Bannont, csal\u00e1s megalapozott gyan\u00faja miatt v\u00e1dat is emeltek ellene &#8211; jelentette az amerikai k\u00f6zszolg\u00e1lati r\u00e1di\u00f3 (NPR).<\/p>\n","protected":false},"author":1001005,"featured_media":0,"comment_status":"closed","ping_status":"open","sticky":false,"template":"","format":"standard","meta":[],"categories":[13,426],"tags":[],"_links":{"self":[{"href":"https:\/\/gazdasagportal.hu\/index.php\/wp-json\/wp\/v2\/posts\/128933"}],"collection":[{"href":"https:\/\/gazdasagportal.hu\/index.php\/wp-json\/wp\/v2\/posts"}],"about":[{"href":"https:\/\/gazdasagportal.hu\/index.php\/wp-json\/wp\/v2\/types\/post"}],"author":[{"embeddable":true,"href":"https:\/\/gazdasagportal.hu\/index.php\/wp-json\/wp\/v2\/users\/1001005"}],"replies":[{"embeddable":true,"href":"https:\/\/gazdasagportal.hu\/index.php\/wp-json\/wp\/v2\/comments?post=128933"}],"version-history":[{"count":1,"href":"https:\/\/gazdasagportal.hu\/index.php\/wp-json\/wp\/v2\/posts\/128933\/revisions"}],"predecessor-version":[{"id":128934,"href":"https:\/\/gazdasagportal.hu\/index.php\/wp-json\/wp\/v2\/posts\/128933\/revisions\/128934"}],"wp:attachment":[{"href":"https:\/\/gazdasagportal.hu\/index.php\/wp-json\/wp\/v2\/media?parent=128933"}],"wp:term":[{"taxonomy":"category","embeddable":true,"href":"https:\/\/gazdasagportal.hu\/index.php\/wp-json\/wp\/v2\/categories?post=128933"},{"taxonomy":"post_tag","embeddable":true,"href":"https:\/\/gazdasagportal.hu\/index.php\/wp-json\/wp\/v2\/tags?post=128933"}],"curies":[{"name":"wp","href":"https:\/\/api.w.org\/{rel}","templated":true}]}}