{"id":12893,"date":"2013-08-01T18:06:04","date_gmt":"2013-08-01T16:06:04","guid":{"rendered":"http:\/\/stockportal.hu\/?p=12893"},"modified":"2013-08-01T18:06:10","modified_gmt":"2013-08-01T16:06:10","slug":"juliusban-is-nott-a-forgalomba-helyezett-uj-autok-szama","status":"publish","type":"post","link":"https:\/\/gazdasagportal.hu\/index.php\/juliusban-is-nott-a-forgalomba-helyezett-uj-autok-szama\/","title":{"rendered":"J\u00faliusban is n\u0151tt a forgalomba helyezett \u00faj aut\u00f3k sz\u00e1ma"},"content":{"rendered":"<p><strong>J\u00faliusban is n\u0151tt a forgalomba helyezett \u00faj aut\u00f3k sz\u00e1ma Magyarorsz\u00e1gon, 5039 szem\u00e9lyg\u00e9pkocsi ker\u00fclt forgalomba, 12,6 sz\u00e1zal\u00e9kkal t\u00f6bb mint egy \u00e9vvel kor\u00e1bban &#8211; k\u00f6z\u00f6lte a Magyar G\u00e9pj\u00e1rm\u0171import\u0151r\u00f6k Egyes\u00fclete (MGE) a DataHouse aut\u00f3piaci adatszolg\u00e1ltat\u00f3 adataira hivatkozva cs\u00fct\u00f6rt\u00f6k\u00f6n.<!--more--><br \/>\n<\/strong><\/p>\n<p>Az \u00e9v els\u0151 h\u00e9t h\u00f3napj\u00e1ban 32 207 \u00faj szem\u00e9lyg\u00e9pkocsit helyeztek forgalomba, 0,2 sz\u00e1zal\u00e9kkal kevesebbet, mint az el\u0151z\u0151 \u00e9v azonos id\u0151szak\u00e1ban.<br \/>\nAz \u00e9v eleji jelent\u0151s visszaes\u00e9s pozit\u00edv ir\u00e1nyba fordult m\u00e1rciusban, \u00e9s ez a folyamat folytat\u00f3dott j\u00falius v\u00e9g\u00e9ig, vagyis \u00e9ves \u00f6sszehasonl\u00edt\u00e1sban a piac cs\u00f6kken\u00e9se megsz\u0171nt &#8211; mutat r\u00e1 az MGE. A szervezet azt v\u00e1rja, hogy az \u00e9v m\u00e1sodik fel\u00e9re a forgalomba helyezett \u00faj aut\u00f3k sz\u00e1m\u00e1ban az el\u0151re jelzett kism\u00e9rt\u00e9k\u0171, 8-10 sz\u00e1zal\u00e9kos n\u00f6veked\u00e9s megval\u00f3sul.<br \/>\nAz egyes\u00fclet szerint a szakma szolg\u00e1ltat\u00e1si sz\u00ednvonal\u00e1nak fennmarad\u00e1s\u00e1hoz legal\u00e1bb havi 7000 \u00faj szem\u00e9lyaut\u00f3 forgalomba<br \/>\nhelyez\u00e9se sz\u00fcks\u00e9ges.<br \/>\nJ\u00faliusban 891 \u00faj kis haszonj\u00e1rm\u0171vet helyeztek forgalomba, 4,5 sz\u00e1zal\u00e9kkal kevesebbet, mint 2012 j\u00falius\u00e1ban. Az \u00e9v els\u0151 h\u00e9t h\u00f3napj\u00e1ban 5545 \u00faj kis haszonj\u00e1rm\u0171 \u00e1llt forgalomba, ami 12,2 sz\u00e1zal\u00e9kos cs\u00f6kken\u00e9s az el\u0151z\u0151 \u00e9v azonos id\u0151szak\u00e1hoz k\u00e9pest. Az egyes\u00fclet nem sz\u00e1m\u00edt jelent\u0151s el\u0151rel\u00e9p\u00e9sre 2013-ban. A kis haszonj\u00e1rm\u0171vek eset\u00e9ben havi 1000-1200 darab lenne az a minimum, amely a szakma min\u0151s\u00e9gi sz\u00ednvonal\u00e1t fenn tudn\u00e1 tartani.<br \/>\nA j\u00faliusban forgalomba helyezett 381 \u00faj nagy haszonj\u00e1rm\u0171 3,1 sz\u00e1zal\u00e9kkal kevesebb, mint egy \u00e9vvel kor\u00e1bban. Az els\u0151 h\u00e9t h\u00f3napban 2416 nagy haszonj\u00e1rm\u0171 ker\u00fclt forgalomba, ami 3,3 sz\u00e1zal\u00e9kos cs\u00f6kken\u00e9s 2012 azonos id\u0151szak\u00e1hoz k\u00e9pest.<br \/>\nAz adatok szerint az \u00e9v hetedik h\u00f3napj\u00e1ban 291 \u00faj motorker\u00e9kp\u00e1rt helyeztek forgalomba, 33,5 sz\u00e1zal\u00e9kkal t\u00f6bbet a tavaly j\u00faliusin\u00e1l. Az els\u0151 h\u00e9t h\u00f3napban \u00f6sszesen 1430 forgalomba helyez\u00e9s t\u00f6rt\u00e9nt, 10,4 sz\u00e1zal\u00e9kkal t\u00f6bb, mint tavaly ilyenkor.<br \/>\nAz egyes\u00fclet szerint a motorker\u00e9kp\u00e1r-piacot s\u00fajtja &#8211; m\u00e1r negyedik \u00e9ve &#8211; legs\u00falyosabban az \u00e9rt\u00e9kes\u00edt\u00e9si v\u00e1ls\u00e1g. Annak ellen\u00e9re, hogy a 125 k\u00f6bcentis henger\u0171rtartalm\u00fa motorok az \u00e9v tavasza \u00f3ta vezethet\u0151k &#8222;B&#8221; kateg\u00f3ri\u00e1s jogos\u00edtv\u00e1nnyal, a v\u00e1rt \u00e9s m\u00e1s eur\u00f3pai orsz\u00e1gokban tapasztalt jelent\u0151s forgalomn\u00f6veked\u00e9st ez a lehet\u0151s\u00e9g sem motiv\u00e1lta. Az els\u0151 f\u00e9l\u00e9v tekintet\u00e9ben a tavalyi dr\u00e1maian alacsony sz\u00e1mokkal \u00f6sszehasonl\u00edtva ugyan mintegy 10 sz\u00e1zal\u00e9kos n\u00f6veked\u00e9s volt, de m\u00e9g mindig olyan alacsony darabsz\u00e1mot jelent, amely nyilv\u00e1nval\u00f3v\u00e1 teszi az \u00e1gazat s\u00falyos v\u00e1ls\u00e1g\u00e1t &#8211; olvashat\u00f3 a k\u00f6zlem\u00e9nyben.(MTI)<\/p>\n","protected":false},"excerpt":{"rendered":"<p>J\u00faliusban is n\u0151tt a forgalomba helyezett \u00faj aut\u00f3k sz\u00e1ma Magyarorsz\u00e1gon, 5039 szem\u00e9lyg\u00e9pkocsi ker\u00fclt forgalomba, 12,6 sz\u00e1zal\u00e9kkal t\u00f6bb mint egy \u00e9vvel kor\u00e1bban &#8211; k\u00f6z\u00f6lte a Magyar G\u00e9pj\u00e1rm\u0171import\u0151r\u00f6k Egyes\u00fclete (MGE) a DataHouse aut\u00f3piaci adatszolg\u00e1ltat\u00f3 adataira hivatkozva cs\u00fct\u00f6rt\u00f6k\u00f6n.<\/p>\n","protected":false},"author":1,"featured_media":0,"comment_status":"open","ping_status":"closed","sticky":false,"template":"","format":"standard","meta":[],"categories":[19],"tags":[],"_links":{"self":[{"href":"https:\/\/gazdasagportal.hu\/index.php\/wp-json\/wp\/v2\/posts\/12893"}],"collection":[{"href":"https:\/\/gazdasagportal.hu\/index.php\/wp-json\/wp\/v2\/posts"}],"about":[{"href":"https:\/\/gazdasagportal.hu\/index.php\/wp-json\/wp\/v2\/types\/post"}],"author":[{"embeddable":true,"href":"https:\/\/gazdasagportal.hu\/index.php\/wp-json\/wp\/v2\/users\/1"}],"replies":[{"embeddable":true,"href":"https:\/\/gazdasagportal.hu\/index.php\/wp-json\/wp\/v2\/comments?post=12893"}],"version-history":[{"count":2,"href":"https:\/\/gazdasagportal.hu\/index.php\/wp-json\/wp\/v2\/posts\/12893\/revisions"}],"predecessor-version":[{"id":12901,"href":"https:\/\/gazdasagportal.hu\/index.php\/wp-json\/wp\/v2\/posts\/12893\/revisions\/12901"}],"wp:attachment":[{"href":"https:\/\/gazdasagportal.hu\/index.php\/wp-json\/wp\/v2\/media?parent=12893"}],"wp:term":[{"taxonomy":"category","embeddable":true,"href":"https:\/\/gazdasagportal.hu\/index.php\/wp-json\/wp\/v2\/categories?post=12893"},{"taxonomy":"post_tag","embeddable":true,"href":"https:\/\/gazdasagportal.hu\/index.php\/wp-json\/wp\/v2\/tags?post=12893"}],"curies":[{"name":"wp","href":"https:\/\/api.w.org\/{rel}","templated":true}]}}