{"id":12891,"date":"2013-08-01T17:24:10","date_gmt":"2013-08-01T15:24:10","guid":{"rendered":"http:\/\/stockportal.hu\/?p=12891"},"modified":"2013-08-01T17:25:15","modified_gmt":"2013-08-01T15:25:15","slug":"gazdasagi-kamaraknal-tart-fel-hianyossagokat-az-asz","status":"publish","type":"post","link":"https:\/\/gazdasagportal.hu\/index.php\/gazdasagi-kamaraknal-tart-fel-hianyossagokat-az-asz\/","title":{"rendered":"Gazdas\u00e1gi kamar\u00e1kn\u00e1l t\u00e1rt fel hi\u00e1nyoss\u00e1gokat az \u00c1SZ"},"content":{"rendered":"<p><strong>A Magyar Agr\u00e1rkamar\u00e1n\u00e1l (MAK) 67,9 milli\u00f3, m\u00edg a Magyar Kereskedelmi \u00e9s Iparkamar\u00e1n\u00e1l (MKIK) 11,3 milli\u00f3 forint t\u00e1mogat\u00e1s nem szab\u00e1lyszer\u0171 felhaszn\u00e1l\u00e1s\u00e1t \u00e1llap\u00edtotta meg egy most z\u00e1rult sz\u00e1mvev\u0151sz\u00e9ki vizsg\u00e1lat &#8211; mondta Makkai M\u00e1ria, az \u00c1llami Sz\u00e1mvev\u0151sz\u00e9k (\u00c1SZ) fel\u00fcgyeleti vezet\u0151je cs\u00fct\u00f6rt\u00f6k\u00f6n sajt\u00f3t\u00e1j\u00e9koztat\u00f3n.<!--more--><\/strong><\/p>\n<p>A vizsg\u00e1lat a k\u00e9t kamara k\u00f6zfeladatainak ell\u00e1t\u00e1s\u00e1ra ford\u00edtott k\u00f6lts\u00e9gvet\u00e9si t\u00e1mogat\u00e1sok \u00e9s a gyakorlati szakk\u00e9pz\u00e9st v\u00e9gz\u0151 t\u00e1rsas\u00e1gok elsz\u00e1mol\u00e1sainak szab\u00e1lyszer\u0171s\u00e9g\u00e9t tekintette \u00e1t 2009-2011 k\u00f6z\u00f6tt &#8211; mondta Warvasovszky Tiham\u00e9r, az \u00c1SZ aleln\u00f6ke. A vizsg\u00e1lt szervezetek k\u00f6z\u00f6tt volt m\u00e9g a vid\u00e9kfejleszt\u00e9si- valamint a nemzetgazdas\u00e1gi t\u00e1rca, 16 ter\u00fcleti kamara, 87 gazdas\u00e1gi t\u00e1rsas\u00e1g, tov\u00e1bb\u00e1 a Nemzeti Munka\u00fcgyi Hivatal is.<br \/>\nMakkai M\u00e1ria elmondta, hogy a vizsg\u00e1lat meg\u00e1llap\u00edtotta: az MKIK \u00e9s a Borsod-Aba\u00faj-Zempl\u00e9n megyei Agr\u00e1rkamara 100 sz\u00e1zal\u00e9kos tulajdon\u00e1ban \u00e1ll\u00f3 c\u00e9gei \u00e1ltal t\u00f6rt\u00e9nt teljes\u00edt\u00e9sekn\u00e9l &#8211; 10,4 milli\u00f3 forint \u00e9rt\u00e9kben &#8211; nem volt kontroll, mivel a kamara r\u00e9sz\u00e9r\u0151l az utalv\u00e1nyoz\u00f3, a c\u00e9g r\u00e9sz\u00e9r\u0151l pedig a sz\u00e1mla kibocs\u00e1t\u00f3ja, ugyanazon szem\u00e9ly volt.<br \/>\nKiemelte, hogy egyes esetekben a k\u00f6zfeladat ell\u00e1t\u00e1s\u00e1hoz kapcsol\u00f3d\u00f3 megb\u00edz\u00e1sok \u00e9s a munkak\u00f6r\u00f6kben megjel\u00f6lt feladatok k\u00f6z\u00f6tt \u00e1tfed\u00e9sek voltak. A MAK 50 ezer forint, az MKIK 8,4 milli\u00f3 forint \u00f6sszegben k\u00f6t\u00f6tt olyan megb\u00edz\u00e1si szerz\u0151d\u00e9seket munkat\u00e1rsaival, amelyek a munkak\u00f6ri le\u00edr\u00e1saikban is el\u0151\u00edrt feladatokat tartalmaztak.<br \/>\nA gyakorlati k\u00e9pz\u00e9sben r\u00e9szt vev\u0151 87 gazd\u00e1lkod\u00f3 szervezet ellen\u0151rz\u00e9s\u00e9n\u00e9l a szakk\u00e9pz\u00e9si hozz\u00e1j\u00e1rul\u00e1s bevall\u00e1s\u00e1n\u00e1l \u00e9s annak megalapoz\u00f3 nyilv\u00e1ntart\u00e1s\u00e1n\u00e1l 50 szervezetn\u00e9l t\u00e1rt fel jogszab\u00e1lys\u00e9rt\u00e9st az \u00c1SZ. \u00cdgy a vizsg\u00e1lt gazd\u00e1lkod\u00f3 szervezetek 57 sz\u00e1zal\u00e9ka volt jogs\u00e9rt\u0151 &#8211; tette hozz\u00e1 a szakember.<br \/>\nKiemelte azt is, hogy a 87 c\u00e9gb\u0151l 30-n\u00e1l pedig a foglalkoz\u00e1si napl\u00f3k hi\u00e1nya, illetve hi\u00e1nyos vezet\u00e9se miatt nem volt igazolt a tanul\u00f3k gyakorlati foglalkoz\u00e1sokon val\u00f3 rendszeres r\u00e9szv\u00e9tele.<br \/>\nEzek a szervezetek 2,1 milli\u00e1rd forintot sz\u00e1moltak el nem jogszer\u0171en szakk\u00e9pz\u00e9si hozz\u00e1j\u00e1rul\u00e1si k\u00f6telezetts\u00e9g\u00fck cs\u00f6kkent\u00e9s\u00e9re, \u00e9s ennek eredm\u00e9nyek\u00e9ppen 848,8 milli\u00f3 forintot ig\u00e9nyeltek vissza &#8211; tette hozz\u00e1.<br \/>\nAz ellen\u0151rz\u00e9s tapasztalatak\u00e9nt az \u00c1SZ javasolta a nemzetgazdas\u00e1gi miniszternek, hogy a kereskedelmi \u00e9s iparkamar\u00e1k r\u00e9sz\u00e9re ny\u00fajtott t\u00e1mogat\u00e1sok felhaszn\u00e1l\u00e1s\u00e1t \u00e9vente ellen\u0151rizze. A vid\u00e9kfejleszt\u00e9si miniszter figyelm\u00e9t pedig arra h\u00edvt\u00e1k fel, hogy a MAK t\u00e1mogat\u00e1s\u00e1ra k\u00f6t\u00f6tt szerz\u0151d\u00e9seket a jogszab\u00e1lyi el\u0151\u00edr\u00e1s szerinti tartalommal k\u00f6sse meg.(MTI)<\/p>\n","protected":false},"excerpt":{"rendered":"<p>A Magyar Agr\u00e1rkamar\u00e1n\u00e1l (MAK) 67,9 milli\u00f3, m\u00edg a Magyar Kereskedelmi \u00e9s Iparkamar\u00e1n\u00e1l (MKIK) 11,3 milli\u00f3 forint t\u00e1mogat\u00e1s nem szab\u00e1lyszer\u0171 felhaszn\u00e1l\u00e1s\u00e1t \u00e1llap\u00edtotta meg egy most z\u00e1rult sz\u00e1mvev\u0151sz\u00e9ki vizsg\u00e1lat &#8211; mondta Makkai M\u00e1ria, az \u00c1llami Sz\u00e1mvev\u0151sz\u00e9k (\u00c1SZ) fel\u00fcgyeleti vezet\u0151je cs\u00fct\u00f6rt\u00f6k\u00f6n sajt\u00f3t\u00e1j\u00e9koztat\u00f3n.<\/p>\n","protected":false},"author":1,"featured_media":0,"comment_status":"open","ping_status":"closed","sticky":false,"template":"","format":"standard","meta":[],"categories":[19],"tags":[],"_links":{"self":[{"href":"https:\/\/gazdasagportal.hu\/index.php\/wp-json\/wp\/v2\/posts\/12891"}],"collection":[{"href":"https:\/\/gazdasagportal.hu\/index.php\/wp-json\/wp\/v2\/posts"}],"about":[{"href":"https:\/\/gazdasagportal.hu\/index.php\/wp-json\/wp\/v2\/types\/post"}],"author":[{"embeddable":true,"href":"https:\/\/gazdasagportal.hu\/index.php\/wp-json\/wp\/v2\/users\/1"}],"replies":[{"embeddable":true,"href":"https:\/\/gazdasagportal.hu\/index.php\/wp-json\/wp\/v2\/comments?post=12891"}],"version-history":[{"count":2,"href":"https:\/\/gazdasagportal.hu\/index.php\/wp-json\/wp\/v2\/posts\/12891\/revisions"}],"predecessor-version":[{"id":12900,"href":"https:\/\/gazdasagportal.hu\/index.php\/wp-json\/wp\/v2\/posts\/12891\/revisions\/12900"}],"wp:attachment":[{"href":"https:\/\/gazdasagportal.hu\/index.php\/wp-json\/wp\/v2\/media?parent=12891"}],"wp:term":[{"taxonomy":"category","embeddable":true,"href":"https:\/\/gazdasagportal.hu\/index.php\/wp-json\/wp\/v2\/categories?post=12891"},{"taxonomy":"post_tag","embeddable":true,"href":"https:\/\/gazdasagportal.hu\/index.php\/wp-json\/wp\/v2\/tags?post=12891"}],"curies":[{"name":"wp","href":"https:\/\/api.w.org\/{rel}","templated":true}]}}