{"id":12887,"date":"2013-08-01T16:10:20","date_gmt":"2013-08-01T14:10:20","guid":{"rendered":"http:\/\/stockportal.hu\/?p=12887"},"modified":"2013-08-01T16:10:58","modified_gmt":"2013-08-01T14:10:58","slug":"gfk-alacsony-a-megtakaritasokkal-rendelkezok-aranya","status":"publish","type":"post","link":"https:\/\/gazdasagportal.hu\/index.php\/gfk-alacsony-a-megtakaritasokkal-rendelkezok-aranya\/","title":{"rendered":"GfK: alacsony a megtakar\u00edt\u00e1sokkal rendelkez\u0151k ar\u00e1nya"},"content":{"rendered":"<p><strong>A megtakar\u00edt\u00e1sokkal rendelkez\u0151k ar\u00e1nya tov\u00e1bbra sem n\u00f6vekszik Magyarorsz\u00e1gon: 2013 els\u0151 f\u00e9l \u00e9v\u00e9ben a lakoss\u00e1g 15 sz\u00e1zal\u00e9ka rendelkezett valamilyen banki megtakar\u00edt\u00e1ssal, amely 2004 \u00f3ta a legalacsonyabb \u00e9rt\u00e9k, \u00e9s alulm\u00falja a 2008-2010 k\u00f6z\u00f6tti v\u00e1ls\u00e1gos id\u0151szak sz\u00e1mait is &#8211; a GfK Hung\u00e1ria Piackutat\u00f3 Int\u00e9zet cs\u00fct\u00f6rt\u00f6k\u00f6n k\u00f6zz\u00e9tett Retail Banking Monitor felm\u00e9r\u00e9se szerint.<!--more--><\/strong><\/p>\n<p>A GfK Hung\u00e1ria ezer f\u0151 megk\u00e9rdez\u00e9s\u00e9vel v\u00e9gzett kutat\u00e1sa r\u00e1mutatott, hogy mik\u00f6zben a lakoss\u00e1g nett\u00f3 p\u00e9nz\u00fcgyi vagyona stabil n\u00f6veked\u00e9st mutat 2011 \u00f3ta a KSH szerint, a banki megtakar\u00edt\u00e1sok ar\u00e1nya tov\u00e1bbra is nagyon alacsony, a vagyoni egyenl\u0151tlens\u00e9g tov\u00e1bb er\u0151s\u00f6d\u00f6tt az elm\u00falt egy \u00e9vben is.<br \/>\nA megtakar\u00edt\u00f3kat vizsg\u00e1lva kit\u0171nik, hogy az \u00e1tlagn\u00e1l magasabb ar\u00e1nyban vannak k\u00f6z\u00f6tt\u00fck a fels\u0151fok\u00fa v\u00e9gzetts\u00e9g\u0171ek, k\u00f6r\u00fckben 40 sz\u00e1zal\u00e9k rendelkezik valamilyen megtakar\u00edt\u00e1ssal. Szint\u00e9n nagyobb ar\u00e1nyban k\u00e9peznek megtakar\u00edt\u00e1sokat a lakoss\u00e1gon bel\u00fcl az 50 \u00e9vn\u00e9l id\u0151sebbek, a Budapesten vagy nagyv\u00e1rosban \u00e9l\u0151k, \u00e9s a magas j\u00f6vedelm\u0171ek &#8211; jegyzi meg az elemz\u00e9s.<br \/>\nA GfK \u00f6sszegz\u00e9se szerint a megtakar\u00edt\u00e1si szok\u00e1sok v\u00e1ltoz\u00e1s\u00e1t t\u00f6bb t\u00e9nyez\u0151 egy\u00fcttesen alak\u00edtja, annak m\u00e9rt\u00e9ke \u00e9s szerkezete f\u00fcgg a j\u00f6vedelmi lehet\u0151s\u00e9gekt\u0151l, a kock\u00e1zatv\u00e1llal\u00e1si hajland\u00f3s\u00e1gt\u00f3l, a meg\u00e9lhet\u00e9si k\u00f6lts\u00e9gek, illetve az \u00e1ltal\u00e1nos fogyaszt\u00f3i bizalom alakul\u00e1s\u00e1t\u00f3l is. A nehezen kisz\u00e1m\u00edthat\u00f3 gazdas\u00e1gi k\u00f6rnyezet, a valuta\u00e1rfolyamok \u00e9s a fogyaszt\u00f3i \u00e1rak emelked\u00e9se, a banki kamatok cs\u00f6kken\u00e9se, a k\u00f6zvetett \u00e9s k\u00f6zvetlen ad\u00f3k n\u00f6veked\u00e9se sok csal\u00e1dban okozott komoly bizonytalans\u00e1got, amelyet a rezsik\u00f6lts\u00e9gek cs\u00f6kkent\u00e9se, vagy az ad\u00f3z\u00e1sban bek\u00f6vetkez\u0151 egyes kedvezm\u00e9nyek sem tudtak ellens\u00falyozni.<br \/>\nN\u00e9mi optimizmusra adhat okot a piackutat\u00f3 int\u00e9zet szerint, hogy a fogyaszt\u00e1s t\u00e1rgy\u00fa megtakar\u00edt\u00e1si c\u00e9lok fontoss\u00e1ga n\u00e9mileg emelkedett a megtakar\u00edt\u00e1ssal rendelkez\u0151k k\u00f6r\u00e9ben. A fogyaszt\u00f3i bizalom n\u00f6veked\u00e9s\u00e9re utal az utaz\u00e1si vagy \u00fcd\u00fcl\u00e9si c\u00e9l\u00fa megtakar\u00edt\u00e1sok n\u00f6veked\u00e9se, \u00e9s minim\u00e1lisan n\u00f6vekedett az aut\u00f3v\u00e1s\u00e1rl\u00e1s c\u00e9lj\u00e1b\u00f3l megtakar\u00edt\u00f3k ar\u00e1nya is.<br \/>\nA kutat\u00e1s szerint a v\u00e1ratlan kiad\u00e1sokra val\u00f3 felk\u00e9sz\u00fcl\u00e9s tov\u00e1bbra is a legfontosabb a szempont Magyarorsz\u00e1gon a megtakar\u00edt\u00e1sra. A gyerekek j\u00f6v\u0151j\u00e9re vagy a nyugodt nyugd\u00edjas \u00e9vek biztos\u00edt\u00e1s\u00e1ra tov\u00e1bbra is kevesebben tudnak sp\u00f3rolni, de a c\u00e9lok fontoss\u00e1ga kism\u00e9rt\u00e9kben n\u00f6vekedett 2011 \u00f3ta &#8211; tartalmazza a GfK \u00f6sszegz\u00e9se.<span style=\"text-decoration: underline\">(MTI)<\/span><\/p>\n","protected":false},"excerpt":{"rendered":"<p>A megtakar\u00edt\u00e1sokkal rendelkez\u0151k ar\u00e1nya tov\u00e1bbra sem n\u00f6vekszik Magyarorsz\u00e1gon: 2013 els\u0151 f\u00e9l \u00e9v\u00e9ben a lakoss\u00e1g 15 sz\u00e1zal\u00e9ka rendelkezett valamilyen banki megtakar\u00edt\u00e1ssal, amely 2004 \u00f3ta a legalacsonyabb \u00e9rt\u00e9k, \u00e9s alulm\u00falja a 2008-2010 k\u00f6z\u00f6tti v\u00e1ls\u00e1gos id\u0151szak sz\u00e1mait is &#8211; a GfK Hung\u00e1ria Piackutat\u00f3 Int\u00e9zet cs\u00fct\u00f6rt\u00f6k\u00f6n k\u00f6zz\u00e9tett Retail Banking Monitor felm\u00e9r\u00e9se szerint.<\/p>\n","protected":false},"author":1,"featured_media":0,"comment_status":"open","ping_status":"closed","sticky":false,"template":"","format":"standard","meta":[],"categories":[19],"tags":[],"_links":{"self":[{"href":"https:\/\/gazdasagportal.hu\/index.php\/wp-json\/wp\/v2\/posts\/12887"}],"collection":[{"href":"https:\/\/gazdasagportal.hu\/index.php\/wp-json\/wp\/v2\/posts"}],"about":[{"href":"https:\/\/gazdasagportal.hu\/index.php\/wp-json\/wp\/v2\/types\/post"}],"author":[{"embeddable":true,"href":"https:\/\/gazdasagportal.hu\/index.php\/wp-json\/wp\/v2\/users\/1"}],"replies":[{"embeddable":true,"href":"https:\/\/gazdasagportal.hu\/index.php\/wp-json\/wp\/v2\/comments?post=12887"}],"version-history":[{"count":2,"href":"https:\/\/gazdasagportal.hu\/index.php\/wp-json\/wp\/v2\/posts\/12887\/revisions"}],"predecessor-version":[{"id":12898,"href":"https:\/\/gazdasagportal.hu\/index.php\/wp-json\/wp\/v2\/posts\/12887\/revisions\/12898"}],"wp:attachment":[{"href":"https:\/\/gazdasagportal.hu\/index.php\/wp-json\/wp\/v2\/media?parent=12887"}],"wp:term":[{"taxonomy":"category","embeddable":true,"href":"https:\/\/gazdasagportal.hu\/index.php\/wp-json\/wp\/v2\/categories?post=12887"},{"taxonomy":"post_tag","embeddable":true,"href":"https:\/\/gazdasagportal.hu\/index.php\/wp-json\/wp\/v2\/tags?post=12887"}],"curies":[{"name":"wp","href":"https:\/\/api.w.org\/{rel}","templated":true}]}}