{"id":128856,"date":"2020-08-18T12:05:30","date_gmt":"2020-08-18T10:05:30","guid":{"rendered":"http:\/\/gazdasagportal.hu\/?p=128856"},"modified":"2020-08-18T10:46:49","modified_gmt":"2020-08-18T08:46:49","slug":"sikersztori-az-erstenel-a-home-office","status":"publish","type":"post","link":"https:\/\/gazdasagportal.hu\/index.php\/sikersztori-az-erstenel-a-home-office\/","title":{"rendered":"Sikersztori az Erst\u00e9n\u00e9l a home office"},"content":{"rendered":"<p><strong>Egyre jobban tetszik az Erste dolgoz\u00f3inak az otthoni munkav\u00e9gz\u00e9s. A bank munkav\u00e1llal\u00f3i k\u00f6r\u00e9ben v\u00e9gzett legut\u00f3bbi felm\u00e9r\u00e9sben a most t\u00e1vmunka-szer\u0171en dolgoz\u00f3 v\u00e1laszad\u00f3k k\u00e9tharmada adott t\u00edz pontb\u00f3l t\u00edzet a home office k\u00e9nyelm\u00e9nek \u00e9rt\u00e9kel\u00e9s\u00e9re. A kor\u00e1bbin\u00e1l sokkal t\u00f6bben gondolj\u00e1k \u00fagy: b\u00edrn\u00e1k m\u00e9g ezt \u00edgy h\u00f3napokig. Az Erste \u2013 ha a v\u00edrushelyzet megengedi \u2013 szeptember elej\u00e9n visszat\u00e9r az irod\u00e1kba, \u00e1m sz\u00e9les k\u00f6rben lehet\u0151s\u00e9get ad a home office-ra \u00e9s vizsg\u00e1lja a t\u00e1vmunka bevezet\u00e9s\u00e9nek m\u00f3dj\u00e1t. \u00a0<\/strong><!--more--><\/p>\n<div class=\"ads-in-post1\"><div id=\"gazdasagportal.hu_fullbanner_wideboard\"><\/div>\r\n<\/div>\n<p>Magyarorsz\u00e1gon a j\u00e1rv\u00e1ny\u00fcgyi helyzet egyel\u0151re kedvez\u0151, \u00edgy amennyiben nem lesz m\u00e1sodik hull\u00e1m, vagy annak enyhe lefoly\u00e1sa miatt nem rendelnek el \u00fajra korl\u00e1toz\u00f3 int\u00e9zked\u00e9seket, szeptember 7-t\u0151l az Erste Bank dolgoz\u00f3i is visszat\u00e9rnek az irod\u00e1kba. A p\u00e9nzint\u00e9zetn\u00e9l a kij\u00e1r\u00e1si korl\u00e1toz\u00e1sok idej\u00e9n k\u00f6telez\u0151 otthoni munkav\u00e9gz\u00e9st vezettek be minden\u00fctt, ahol erre lehet\u0151s\u00e9g volt. A sz\u00e9kh\u00e1zban dolgoz\u00f3k 90 sz\u00e1zal\u00e9ka v\u00e9gezte az irod\u00e1t\u00f3l t\u00e1vol a feladat\u00e1t. A helyzet enyh\u00fcl\u00e9s\u00e9t k\u00f6vet\u0151en a dolgoz\u00f3kat turnusokra osztott\u00e1k: m\u00e9g mindig nem k\u00f6telez\u0151 bej\u00e1rni az irod\u00e1ba, de ha akarnak is, csak az egyik vagy m\u00e1sik csoport tagjai mehetnek be adott h\u00e9ten, a munkav\u00e1llal\u00f3k m\u00e1sik r\u00e9sz\u00e9nek k\u00f6telez\u0151 otthon maradni. Szeptember elej\u00e9t\u0151l, amennyiben a pand\u00e9mi\u00e1s helyzet nem romlik, ez v\u00e1ltozik meg, t\u00f6bb \u00e9s r\u00e9szben k\u00f6telez\u0151 lesz az irodai jelenl\u00e9t, ugyanakkor jelent\u0151s t\u00e9r marad az otthoni munkav\u00e9gz\u00e9snek is.<\/p>\n<p>A p\u00e9nzint\u00e9zet a j\u00f6v\u0151ben is fenntartja a home office lehet\u0151s\u00e9g\u00e9t puszt\u00e1n azzal a megk\u00f6t\u00e9ssel, hogy a munkaid\u0151 legal\u00e1bb fel\u00e9t mindenkinek bent kell t\u00f6ltenie \u2013 mondta el Mih\u00f3k Krisztina, az Erste Bank HR vezet\u0151je. Ugyanakkor az Erste vizsg\u00e1lja a t\u00e1vmunka bevezet\u00e9s\u00e9nek lehet\u0151s\u00e9g\u00e9t, amikor a dolgoz\u00f3k enn\u00e9l is nagyobb ar\u00e1nyban v\u00e9gezhetik el feladataikat irod\u00e1n k\u00edv\u00fcl. A bank felm\u00e9r\u00e9sei szerint ugyanis megv\u00e1ltoztak a munkav\u00e1llal\u00f3i preferenci\u00e1k, a munkav\u00e1llal\u00f3k egy r\u00e9sze m\u00e1r kifejezetten ig\u00e9nyli ezt a lehet\u0151s\u00e9get.<\/p><div id=\"gazda-3127591386\" class=\"gazda-tartalomban gazda-entity-placement\"><script async src=\"https:\/\/pagead2.googlesyndication.com\/pagead\/js\/adsbygoogle.js\"><\/script>\r\n<ins class=\"adsbygoogle\"\r\n     style=\"display:block\"\r\n     data-ad-format=\"fluid\"\r\n     data-ad-layout-key=\"-6t+ed+2i-1n-4w\"\r\n     data-ad-client=\"ca-pub-1959107119989764\"\r\n     data-ad-slot=\"4008251320\"><\/ins>\r\n<script>\r\n     (adsbygoogle = window.adsbygoogle || []).push({});\r\n<\/script><\/div>\n<div class=\"ads-in-post1\"><div id=\"gazdasagportal.hu_fullbanner_wideboard\"><\/div>\r\n<\/div>\nAz Erste a j\u00e1rv\u00e1ny\u00fcgyi korl\u00e1toz\u00e1sok bevezet\u00e9s\u00e9t k\u00f6vet\u0151en h\u00e1rom h\u00f3napon \u00e1t \u2013 \u00e1prilisban, m\u00e1jusban \u00e9s j\u00faniusban \u2013 k\u00e9sz\u00edtett online felm\u00e9r\u00e9st munkav\u00e1llal\u00f3i k\u00f6r\u00e9ben az otthoni munkav\u00e9gz\u00e9sr\u0151l \u00e9s a biztons\u00e1gi int\u00e9zked\u00e9sekr\u0151l. Ezekb\u0151l kider\u00fcl: a munkav\u00e1llal\u00f3knak egyre kisebb probl\u00e9m\u00e1t okoz az \u00faj helyzet. J\u00faniusban a v\u00e1laszad\u00f3k 67 sz\u00e1zal\u00e9ka adott t\u00edzb\u0151l t\u00edz pontot az otthoni munkav\u00e9gz\u00e9s komfortfokozat\u00e1t megjel\u00f6lve, m\u00edg \u00e1prilisban m\u00e9g csak 34 sz\u00e1zal\u00e9kuk adott maxim\u00e1lis pontsz\u00e1mot erre a k\u00e9rd\u00e9sre, \u00e9s m\u00e1jusban is csak 45 sz\u00e1zal\u00e9k. Ugyanakkor az Erste munkav\u00e1llal\u00f3i kor\u00e1bban sem \u00e9rezt\u00e9k kifejezetten k\u00e9nyelmetlennek a home office-t: a k\u00e9nyelmet firtat\u00f3 k\u00e9rd\u00e9sre a v\u00e1laszad\u00f3k 80 sz\u00e1zal\u00e9ka adott legal\u00e1bb 7 pontot, m\u00edg j\u00faniusban ez az ar\u00e1ny m\u00e1r a 90 sz\u00e1zal\u00e9kot k\u00f6zel\u00edtette.<\/p>\n<p>Mik\u00f6zben kor\u00e1bban a dolgoz\u00f3knak probl\u00e9m\u00e1t a csal\u00e1di \u00e9let \u00e9s a munkahelyi k\u00f6vetelm\u00e9nyek \u00f6sszehangol\u00e1sa, a gyermekek fel\u00fcgyelet\u00e9nek megold\u00e1sa, a szem\u00e9lyes kapcsolatok hi\u00e1nya jelentette, a legut\u00f3bbi felm\u00e9r\u00e9sre ezek a probl\u00e9m\u00e1k elt\u0171nni l\u00e1tszanak. A v\u00e1laszad\u00f3k a legnagyobb ar\u00e1nyban (64 sz\u00e1zal\u00e9k) azzal az \u00e1ll\u00edt\u00e1ssal \u00e9rtettek egyet, hogy az otthoni munkav\u00e9gz\u00e9s egy\u00e1ltal\u00e1n nem okoz gondot. Arra a k\u00e9rd\u00e9sre, hogy meddig fenntarthat\u00f3 ez az \u00e1llapot, j\u00faniusban m\u00e1r 70 sz\u00e1zal\u00e9k v\u00e1laszolta azt, hogy \u0151 a j\u00f6v\u0151ben is dolgozna \u00edgy, m\u00edg tov\u00e1bbi 18 sz\u00e1zal\u00e9k k\u00f6z\u00f6lte azt, hogy sz\u00e1m\u00e1ra kett\u0151 vagy t\u00f6bb h\u00f3napig is megfelelne a home office. \u00c1prilisban m\u00e9g csak 39-34 volt az ar\u00e1ny, ami az\u00e9rt jelzi: m\u00e1r a kezdetekkor is nagy volt a lelkesed\u00e9s az irod\u00e1n k\u00edv\u00fcli munkav\u00e9gz\u00e9s ir\u00e1nt, ami azonban csak fokoz\u00f3dott az id\u0151 el\u0151rehaladt\u00e1val.<\/p>\n","protected":false},"excerpt":{"rendered":"<p>Egyre jobban tetszik az Erste dolgoz\u00f3inak az otthoni munkav\u00e9gz\u00e9s. A bank munkav\u00e1llal\u00f3i k\u00f6r\u00e9ben v\u00e9gzett legut\u00f3bbi felm\u00e9r\u00e9sben a most t\u00e1vmunka-szer\u0171en dolgoz\u00f3 v\u00e1laszad\u00f3k k\u00e9tharmada adott t\u00edz pontb\u00f3l t\u00edzet a home office k\u00e9nyelm\u00e9nek \u00e9rt\u00e9kel\u00e9s\u00e9re. A kor\u00e1bbin\u00e1l sokkal t\u00f6bben gondolj\u00e1k \u00fagy: b\u00edrn\u00e1k m\u00e9g ezt \u00edgy h\u00f3napokig. Az Erste \u2013 ha a v\u00edrushelyzet megengedi \u2013 szeptember elej\u00e9n visszat\u00e9r az irod\u00e1kba, &#8230;<\/p>\n","protected":false},"author":1001005,"featured_media":0,"comment_status":"closed","ping_status":"open","sticky":false,"template":"","format":"standard","meta":[],"categories":[4,19],"tags":[],"_links":{"self":[{"href":"https:\/\/gazdasagportal.hu\/index.php\/wp-json\/wp\/v2\/posts\/128856"}],"collection":[{"href":"https:\/\/gazdasagportal.hu\/index.php\/wp-json\/wp\/v2\/posts"}],"about":[{"href":"https:\/\/gazdasagportal.hu\/index.php\/wp-json\/wp\/v2\/types\/post"}],"author":[{"embeddable":true,"href":"https:\/\/gazdasagportal.hu\/index.php\/wp-json\/wp\/v2\/users\/1001005"}],"replies":[{"embeddable":true,"href":"https:\/\/gazdasagportal.hu\/index.php\/wp-json\/wp\/v2\/comments?post=128856"}],"version-history":[{"count":1,"href":"https:\/\/gazdasagportal.hu\/index.php\/wp-json\/wp\/v2\/posts\/128856\/revisions"}],"predecessor-version":[{"id":128857,"href":"https:\/\/gazdasagportal.hu\/index.php\/wp-json\/wp\/v2\/posts\/128856\/revisions\/128857"}],"wp:attachment":[{"href":"https:\/\/gazdasagportal.hu\/index.php\/wp-json\/wp\/v2\/media?parent=128856"}],"wp:term":[{"taxonomy":"category","embeddable":true,"href":"https:\/\/gazdasagportal.hu\/index.php\/wp-json\/wp\/v2\/categories?post=128856"},{"taxonomy":"post_tag","embeddable":true,"href":"https:\/\/gazdasagportal.hu\/index.php\/wp-json\/wp\/v2\/tags?post=128856"}],"curies":[{"name":"wp","href":"https:\/\/api.w.org\/{rel}","templated":true}]}}