{"id":12884,"date":"2013-08-01T15:35:48","date_gmt":"2013-08-01T13:35:48","guid":{"rendered":"http:\/\/stockportal.hu\/?p=12884"},"modified":"2013-08-07T10:07:51","modified_gmt":"2013-08-07T08:07:51","slug":"a-richter-tovabbra-is-3-szazalekos-eves-novekedessel-szamol","status":"publish","type":"post","link":"https:\/\/gazdasagportal.hu\/index.php\/a-richter-tovabbra-is-3-szazalekos-eves-novekedessel-szamol\/","title":{"rendered":"A Richter tov\u00e1bbra is 3 sz\u00e1zal\u00e9kos \u00e9ves n\u00f6veked\u00e9ssel sz\u00e1mol"},"content":{"rendered":"<p><strong>A Richter Gedeon Nyrt. 3 sz\u00e1zal\u00e9kos, eur\u00f3ban sz\u00e1molt forgalomb\u0151v\u00fcl\u00e9st v\u00e1r az id\u00e9n, ami nem jelent v\u00e1ltoz\u00e1st a gy\u00f3gyszergy\u00e1r kor\u00e1bbi el\u0151rejelz\u00e9s\u00e9hez k\u00e9pest.<!--more--><\/strong><\/p>\n<p>Az \u00e9v els\u0151 fel\u00e9ben eur\u00f3ban 6,9 sz\u00e1zal\u00e9kkal n\u0151tt a v\u00e1llalat forgalma.<br \/>\nBogsch Erik, a gy\u00f3gyszergy\u00e1r vez\u00e9rigazgat\u00f3ja cs\u00fct\u00f6rt\u00f6ki sajt\u00f3t\u00e1j\u00e9koztat\u00f3j\u00e1n az els\u0151 f\u00e9l\u00e9v eredm\u00e9nyeit ismertetve a j\u00f3l teljes\u00edt\u0151 piacok k\u00f6z\u00fcl kiemelte K\u00edn\u00e1t, Ukrajn\u00e1t \u00e9s az Eur\u00f3pai Uni\u00f3 r\u00e9gi tag\u00e1llamait. K\u00edna a tavalyi els\u0151 f\u00e9l\u00e9vben m\u00e9g alig 1 sz\u00e1zal\u00e9kkal, az id\u00e9n pedig m\u00e1r 4 sz\u00e1zal\u00e9kkal r\u00e9szesedik a v\u00e1llalat teljes \u00e1rbev\u00e9tel\u00e9b\u0151l. Ezen a piacon 2013-ban 30-35 milli\u00f3 eur\u00f3 \u00e1rbev\u00e9telre sz\u00e1m\u00edt a Richter az els\u0151 f\u00e9l\u00e9v k\u00f6zel 25 milli\u00f3 eur\u00f3s forgalma ut\u00e1n.<br \/>\nAz \u00e9rt\u00e9kes\u00edt\u00e9si \u00e9s marketing k\u00f6lts\u00e9gek jelent\u0151s, a tavalyi els\u0151 f\u00e9l\u00e9vhez k\u00e9pest 19,4 sz\u00e1zal\u00e9kos n\u00f6veked\u00e9s\u00e9t a k\u00ednai \u00e9s a nyugat-eur\u00f3pai piaci terjeszked\u00e9ssel magyar\u00e1zta Bogsch Erik.<br \/>\nK\u00e9rd\u00e9sre v\u00e1laszolva a vez\u00e9rigazgat\u00f3 elmondta, hogy a k\u00ednai piacon fokozatos n\u00f6veked\u00e9st v\u00e1r a c\u00e9g, de ennek m\u00e9rt\u00e9k\u00e9t m\u00e9g korainak tartotta meg\u00edt\u00e9lni. Megjegyezte azt is, hogy miut\u00e1n az Eur\u00f3pai Uni\u00f3 orsz\u00e1gaiban stagn\u00e1lnak, vagy \u00e9rt\u00e9kben kism\u00e9rt\u00e9kben cs\u00f6kkennek a gy\u00f3gyszerpiacok, a v\u00e1llalat igyekszik azokra a piacokra koncentr\u00e1lni, ahol n\u00f6veked\u00e9s v\u00e1rhat\u00f3 a k\u00f6vetkez\u0151 \u00e9vekben.<br \/>\nA F\u00c1K-piacr\u00f3l sz\u00f3lva a vez\u00e9rigazgat\u00f3 elmondta, hogy az \u00f6sszess\u00e9g\u00e9ben 4,7 sz\u00e1zal\u00e9kos, eur\u00f3ban sz\u00e1molt els\u0151 f\u00e9l\u00e9vi forgalomn\u00f6veked\u00e9sben Ukrajna volt a h\u00faz\u00f3er\u0151, itt k\u00f6zel 21 sz\u00e1zal\u00e9kos n\u00f6veked\u00e9st m\u00e9rtek.<br \/>\nAz Eur\u00f3pai Uni\u00f3 15 r\u00e9gi tag\u00e1llam\u00e1ban 10,1 sz\u00e1zal\u00e9kos volt a n\u00f6veked\u00e9s, ami els\u0151sorban a n\u0151gy\u00f3gy\u00e1szati term\u00e9kek forgalm\u00e1nak b\u0151v\u00fcl\u00e9s\u00e9vel magyar\u00e1zhat\u00f3. A m\u00e9hmi\u00f3ma kezel\u00e9s\u00e9re szolg\u00e1l\u00f3 eredeti term\u00e9kre egyre t\u00f6bb orsz\u00e1gban kap tb-t\u00e1mogat\u00e1st a Richter.<br \/>\nMagyarorsz\u00e1gon az els\u0151 f\u00e9l\u00e9vben 3,7 sz\u00e1zal\u00e9kkal n\u0151tt a Richter forgalma, ebben szerepet j\u00e1tszott a relat\u00edve alacsony b\u00e1zis. \u00c9ves szinten tov\u00e1bbra is m\u00e9rs\u00e9kelt, 0-5 sz\u00e1zal\u00e9k k\u00f6z\u00f6tt forgalomcs\u00f6kken\u00e9ssel sz\u00e1mol a v\u00e1llalat.<br \/>\nA Richter 2013 els\u0151 fel\u00e9ben 177,88 milli\u00e1rd forint \u00e1rbev\u00e9telt \u00e9s 28,557 milli\u00e1rd forint anyav\u00e1llalat tulajdonosaira jut\u00f3 ad\u00f3zott nyeres\u00e9get \u00e9rt el. A bev\u00e9tel 7,1 sz\u00e1zal\u00e9kkal, a nyeres\u00e9g 1,6 sz\u00e1zal\u00e9kkal magasabb az egy \u00e9vvel kor\u00e1bbin\u00e1l.(MTI)<\/p>\n","protected":false},"excerpt":{"rendered":"<p>A Richter Gedeon Nyrt. 3 sz\u00e1zal\u00e9kos, eur\u00f3ban sz\u00e1molt forgalomb\u0151v\u00fcl\u00e9st v\u00e1r az id\u00e9n, ami nem jelent v\u00e1ltoz\u00e1st a gy\u00f3gyszergy\u00e1r kor\u00e1bbi el\u0151rejelz\u00e9s\u00e9hez k\u00e9pest.<\/p>\n","protected":false},"author":1,"featured_media":0,"comment_status":"open","ping_status":"closed","sticky":false,"template":"","format":"standard","meta":[],"categories":[113,7,38],"tags":[81],"_links":{"self":[{"href":"https:\/\/gazdasagportal.hu\/index.php\/wp-json\/wp\/v2\/posts\/12884"}],"collection":[{"href":"https:\/\/gazdasagportal.hu\/index.php\/wp-json\/wp\/v2\/posts"}],"about":[{"href":"https:\/\/gazdasagportal.hu\/index.php\/wp-json\/wp\/v2\/types\/post"}],"author":[{"embeddable":true,"href":"https:\/\/gazdasagportal.hu\/index.php\/wp-json\/wp\/v2\/users\/1"}],"replies":[{"embeddable":true,"href":"https:\/\/gazdasagportal.hu\/index.php\/wp-json\/wp\/v2\/comments?post=12884"}],"version-history":[{"count":4,"href":"https:\/\/gazdasagportal.hu\/index.php\/wp-json\/wp\/v2\/posts\/12884\/revisions"}],"predecessor-version":[{"id":13254,"href":"https:\/\/gazdasagportal.hu\/index.php\/wp-json\/wp\/v2\/posts\/12884\/revisions\/13254"}],"wp:attachment":[{"href":"https:\/\/gazdasagportal.hu\/index.php\/wp-json\/wp\/v2\/media?parent=12884"}],"wp:term":[{"taxonomy":"category","embeddable":true,"href":"https:\/\/gazdasagportal.hu\/index.php\/wp-json\/wp\/v2\/categories?post=12884"},{"taxonomy":"post_tag","embeddable":true,"href":"https:\/\/gazdasagportal.hu\/index.php\/wp-json\/wp\/v2\/tags?post=12884"}],"curies":[{"name":"wp","href":"https:\/\/api.w.org\/{rel}","templated":true}]}}