{"id":128831,"date":"2020-08-18T04:34:17","date_gmt":"2020-08-18T02:34:17","guid":{"rendered":"http:\/\/gazdasagportal.hu\/?p=128831"},"modified":"2020-08-18T18:56:46","modified_gmt":"2020-08-18T16:56:46","slug":"most-osszehasonlithatod-egymassal-a-lezeres-szemmutet-tipusait","status":"publish","type":"post","link":"https:\/\/gazdasagportal.hu\/index.php\/most-osszehasonlithatod-egymassal-a-lezeres-szemmutet-tipusait\/","title":{"rendered":"Most \u00f6sszehasonl\u00edthatod egym\u00e1ssal a l\u00e9zeres szemm\u0171t\u00e9t t\u00edpusait"},"content":{"rendered":"<p><strong>A l\u00e9zeres szemm\u0171t\u00e9tekben szinte csak egyetlen megegyez\u0151 pont van, \u00e9s ez a r\u00e9szletes szem\u00e9szeti vizsg\u00e1lat. Erre ugyanis mindegyik l\u00e1t\u00e1sjav\u00edt\u00f3 beavatkoz\u00e1s el\u0151tt sor ker\u00fcl annak \u00e9rdek\u00e9ben, hogy felm\u00e9rj\u00e9k a szem aktu\u00e1lis \u00e1llapot\u00e1t \u00e9s kider\u00fclj\u00f6n, ha esetleg kontraindik\u00e1lt a l\u00e9zeres szemm\u0171t\u00e9t elv\u00e9gz\u00e9se.\u00a0<\/strong><!--more--><\/p>\n<div class=\"ads-in-post1\"><div id=\"gazdasagportal.hu_fullbanner_wideboard\"><\/div>\r\n<\/div>\n<p><span style=\"font-weight: 400;\">Az alapos vizsg\u00e1lat sor\u00e1n egy szaruh\u00e1rtya felt\u00e9rk\u00e9pez\u0151 topogr\u00e1ffal megvizsg\u00e1lj\u00e1k a szaruh\u00e1rtya felsz\u00edn\u00e9t \u00e9s egyedi f\u00e9nyt\u00f6r\u00e9s\u00e9t annak \u00e9rdek\u00e9ben, hogy van-e ellenjavallata a k\u00e9s\u0151bbi l\u00e9zeres m\u0171t\u00e9ti beavatkoz\u00e1snak.<\/span><\/p>\n<h2><span style=\"font-weight: 400;\">L\u00e1t\u00e1sjav\u00edt\u00f3 l\u00e9zeres szemm\u0171t\u00e9tek t\u00edpusai \u00e9s f\u0151bb jellemz\u0151i<\/span><\/h2>\n<p><span style=\"font-weight: 400;\">\u00c9rdemes tudnod\u00a0arr\u00f3l, hogy nem csak egyf\u00e9le\u00a0<\/span><strong><a href=\"https:\/\/lezeresszemmutetar.blogspot.com\/\" target=\"_blank\" rel=\"noopener noreferrer\">l\u00e9zeres szemm\u0171t\u00e9t<\/a><\/strong><span style=\"font-weight: 400;\">\u00a0l\u00e9tezik. R\u00e1ad\u00e1sul azok t\u00f6bb ponton is elt\u00e9rnek egym\u00e1st\u00f3l. Szemm\u0171t\u00e9t t\u00edpusokt\u00f3l f\u00fcgg\u0151en lehetnek k\u00fcl\u00f6nb\u00f6z\u0151ek a m\u0171t\u00e9ti elj\u00e1r\u00e1saik, haszn\u00e1lhatnak egy vagy t\u00f6bb l\u00e9zert a m\u0171t\u00e9t sor\u00e1n, elt\u00e9r\u0151 m\u00e9rt\u00e9k\u0171 lehet a m\u0171t\u00e9tet k\u00f6vet\u0151en tapasztalt l\u00e1t\u00e1sjavul\u00e1s \u00e9s m\u00e9g a gy\u00f3gyul\u00e1si idej\u00fck k\u00f6z\u00f6tt is lehet jelent\u0151s elt\u00e9r\u00e9s.<\/span><\/p><div id=\"gazda-1502099329\" class=\"gazda-tartalomban gazda-entity-placement\"><script async src=\"https:\/\/pagead2.googlesyndication.com\/pagead\/js\/adsbygoogle.js\"><\/script>\r\n<ins class=\"adsbygoogle\"\r\n     style=\"display:block\"\r\n     data-ad-format=\"fluid\"\r\n     data-ad-layout-key=\"-6t+ed+2i-1n-4w\"\r\n     data-ad-client=\"ca-pub-1959107119989764\"\r\n     data-ad-slot=\"4008251320\"><\/ins>\r\n<script>\r\n     (adsbygoogle = window.adsbygoogle || []).push({});\r\n<\/script><\/div>\n<h3><strong>Felsz\u00edni l\u00e1t\u00e1sjav\u00edt\u00f3 beavatkoz\u00e1sok<\/strong><\/h3>\n<p><b>PRK<\/b><span style=\"font-weight: 400;\"> a legr\u00e9gebbi l\u00e9zeres l\u00e1t\u00e1sjav\u00edt\u00f3 elj\u00e1r\u00e1s. PRK alkalm\u00e1val a szaruh\u00e1rtya felsz\u00edn\u00e9n t\u00f6rt\u00e9nik a m\u0171t\u00e9ti beavatkoz\u00e1s. Az orvos a szaruh\u00e1rtya v\u00e9d\u0151r\u00e9teg\u00e9t alkot\u00f3 h\u00e1msejteket <\/span><b>mechanikus \u00fat<\/b><span style=\"font-weight: 400;\">on elt\u00e1vol\u00edtja, majd egy <\/span><b>excimer l\u00e9zer<\/b><span style=\"font-weight: 400;\"> p\u00e1r ezredmillim\u00e9ter m\u00e9lys\u00e9gig elp\u00e1rologtatja a szaruh\u00e1rtya \u00e1llom\u00e1ny\u00e1nak a sz\u00f6vetr\u00e9teg\u00e9t.\u00a0<\/span><\/p>\n<p><span style=\"font-weight: 400;\">A beavatkoz\u00e1s ut\u00e1ni 3-5 napban, am\u00edg a h\u00e1mk\u00e9pz\u0151d\u00e9s tart, f\u00e1jdalom \u00e9s f\u00e9ny\u00e9rz\u00e9kenys\u00e9g mellett idegentest \u00e9rz\u00e9s is jelentkezhet, \u00edgy a munk\u00e1b\u00f3l kies\u00e9s \u00e9s a gy\u00f3gyul\u00e1si id\u0151 1 h\u00e9t is lehet (k\u00fcl\u00f6nleges munkak\u00f6r\u00f6k eset\u00e9n pedig ak\u00e1r enn\u00e9l sokkal t\u00f6bb is, ugyanis 3 h\u00e9tig nem aj\u00e1nlott sem a sz\u00e1m\u00edt\u00f3g\u00e9pen v\u00e9gzett munka, sem a vezet\u00e9s, valamint 1-2 kilogrammn\u00e1l nehezebbet tilos emelni \u00e9s az akt\u00edv sport sem aj\u00e1nlott p\u00e1r h\u00e9tig).<\/span><\/p>\n<p><span style=\"font-weight: 400;\">A <\/span><b>No-Touch<\/b> <b>egy tov\u00e1bbfejlesztett<\/b><span style=\"font-weight: 400;\"> felsz\u00edni <\/span><b>PRK<\/b><span style=\"font-weight: 400;\"> kezel\u00e9s, amely sor\u00e1n \u00e9rint\u00e9s n\u00e9lk\u00fcl, puszt\u00e1n csak l\u00e9zerrel t\u00f6rt\u00e9nik a dioptria korrekci\u00f3s beavatkoz\u00e1s, egy 5 vagy 7 dimenzi\u00f3s szemk\u00f6vet\u00e9sre alkalmas <\/span><b>excimer l\u00e9zer<\/b><span style=\"font-weight: 400;\">rel. A munk\u00e1b\u00f3l kies\u00e9s \u00e9s a szem f\u00e9ny\u00e9rz\u00e9kenys\u00e9ge 3-5 nap, de az ut\u00f3kezel\u00e9s h\u00f3napokig eltarthat.<\/span><\/p>\n<h3><strong>Felsz\u00edn alatti, lebenyes kezel\u00e9sek<\/strong><\/h3>\n<p><b>LASIK (vagy OPTILASIK) <\/b><span style=\"font-weight: 400;\">l\u00e9zeres dioptriakorrekci\u00f3 sor\u00e1n a lebenyk\u00e9pz\u00e9s egy mikrokeratom rezg\u0151k\u00e9ssel t\u00f6rt\u00e9nik, majd szaruh\u00e1rtya felhajtott h\u00e1mja alatt, abban a r\u00e9tegben <\/span><b>excimer l\u00e9zer<\/b><span style=\"font-weight: 400;\">rel v\u00e9gzik el a beavatkoz\u00e1st, amely f\u00e1jdalomra nem \u00e9rz\u00e9keny (0,07 millim\u00e9tern\u00e9l m\u00e9lyebben).\u00a0<\/span><\/p>\n<p><span style=\"font-weight: 400;\">A m\u0171t\u00e9t alatt \u00e9s ut\u00e1n is f\u00e1jdalommentes korrekci\u00f3t k\u00f6vet\u0151en az ut\u00f3kezel\u00e9s 2-3 h\u00e9t, de ak\u00e1r m\u00e1r m\u00e1snap vissza lehet t\u00e9rni a megszokott napi rutinokhoz.<\/span><\/p>\n<p><b>FEMTO<\/b><span style=\"font-weight: 400;\"> l\u00e9zeres l\u00e1t\u00e1sjav\u00edt\u00e1s sor\u00e1n a <\/span><b>femtoszekundumos l\u00e9zer<\/b><span style=\"font-weight: 400;\"> egy v\u00e9d\u0151lebenyt alak\u00edt ki, majd azalatt dolgozik f\u00e1jdalom \u00e9s kellemetlens\u00e9g \u00e9rzet n\u00e9lk\u00fcl. Az els\u0151 p\u00e1r h\u00e9tben kellemetlens\u00e9g \u00e9rzet \u00e9s szemsz\u00e1razs\u00e1g jelentkezhet \u00e9s UV sz\u0171r\u0151s napszem\u00fcveg haszn\u00e1lata javasolt 3-4h\u00f3napig.<\/span><\/p>\n<p><b>VISUMAX <\/b><span style=\"font-weight: 400;\">(<\/span><b>FEMTO-LASIK<\/b><span style=\"font-weight: 400;\"> vagy <\/span><b>DiamondFemto<\/b><span style=\"font-weight: 400;\">) kezel\u00e9s egy biztons\u00e1gos \u00e9s gyors <\/span><b>k\u00e9t l\u00e9zeres<\/b><span style=\"font-weight: 400;\"> FEMTO kezel\u00e9s, amely sor\u00e1n <\/span><b>a femtoszekundumos<\/b><span style=\"font-weight: 400;\"> l\u00e9zer egy lebenyt k\u00e9sz\u00edt a szaruh\u00e1rtya fels\u0151 r\u00e9teg\u00e9b\u0151l. A szaruh\u00e1rtya lebeny nem ker\u00fcl elt\u00e1vol\u00edt\u00e1sra \u201ecsak\u201d felhajtj\u00e1k, hogy egy m\u00e1sik, 5 vagy 7 dimenzi\u00f3s szemk\u00f6vet\u00e9sre alkalmas <\/span><b>excimer l\u00e9zer<\/b><span style=\"font-weight: 400;\"> a szaruh\u00e1rtya als\u00f3 r\u00e9teg\u00e9n elv\u00e9gezze a sz\u00fcks\u00e9ges m\u00e9rt\u00e9k\u0171 korrekci\u00f3t.<\/span><\/p>\n<p><span style=\"font-weight: 400;\">R\u00f6videbb a beavatkoz\u00e1si id\u0151, mint az egyl\u00e9zeres kezel\u00e9sekn\u00e9l \u00e9s nincs v\u00e1kuumos szemr\u00f6gz\u00edt\u00e9s sem a m\u0171t\u00e9t sor\u00e1n. Ezzel a l\u00e9zeres megold\u00e1ssal \u00edgy azok sz\u00e1m\u00e1ra is el\u00e9rhet\u0151 a szemm\u0171t\u00e9t, akiknek egy\u00e9bk\u00e9nt a szemnyom\u00e1s megemelked\u00e9s\u00e9nek vesz\u00e9lye miatt a l\u00e9zeres kezel\u00e9s eddig kontraindik\u00e1lt volt (mint p\u00e9ld\u00e1ul a magas cilinder \u00e9rt\u00e9kkel vagy v\u00e9kony szaruh\u00e1rty\u00e1val rendelkez\u0151k).\u00a0<\/span><\/p>\n<p><span style=\"font-weight: 400;\">A gy\u00f3gyul\u00e1s, illet\u0151leg a munk\u00e1ba val\u00f3 visszat\u00e9r\u00e9s ideje \u00e1ltal\u00e1ban enn\u00e9l a l\u00e9zeres m\u0171t\u00e9ti elj\u00e1r\u00e1sn\u00e1l a legr\u00f6videbb, vagyis alig 24 \u00f3ra.<\/span><\/p>\n","protected":false},"excerpt":{"rendered":"<p>A l\u00e9zeres szemm\u0171t\u00e9tekben szinte csak egyetlen megegyez\u0151 pont van, \u00e9s ez a r\u00e9szletes szem\u00e9szeti vizsg\u00e1lat. Erre ugyanis mindegyik l\u00e1t\u00e1sjav\u00edt\u00f3 beavatkoz\u00e1s el\u0151tt sor ker\u00fcl annak \u00e9rdek\u00e9ben, hogy felm\u00e9rj\u00e9k a szem aktu\u00e1lis \u00e1llapot\u00e1t \u00e9s kider\u00fclj\u00f6n, ha esetleg kontraindik\u00e1lt a l\u00e9zeres szemm\u0171t\u00e9t elv\u00e9gz\u00e9se.\u00a0<\/p>\n","protected":false},"author":1001005,"featured_media":128832,"comment_status":"closed","ping_status":"open","sticky":false,"template":"","format":"standard","meta":[],"categories":[146,4,429],"tags":[],"_links":{"self":[{"href":"https:\/\/gazdasagportal.hu\/index.php\/wp-json\/wp\/v2\/posts\/128831"}],"collection":[{"href":"https:\/\/gazdasagportal.hu\/index.php\/wp-json\/wp\/v2\/posts"}],"about":[{"href":"https:\/\/gazdasagportal.hu\/index.php\/wp-json\/wp\/v2\/types\/post"}],"author":[{"embeddable":true,"href":"https:\/\/gazdasagportal.hu\/index.php\/wp-json\/wp\/v2\/users\/1001005"}],"replies":[{"embeddable":true,"href":"https:\/\/gazdasagportal.hu\/index.php\/wp-json\/wp\/v2\/comments?post=128831"}],"version-history":[{"count":2,"href":"https:\/\/gazdasagportal.hu\/index.php\/wp-json\/wp\/v2\/posts\/128831\/revisions"}],"predecessor-version":[{"id":128865,"href":"https:\/\/gazdasagportal.hu\/index.php\/wp-json\/wp\/v2\/posts\/128831\/revisions\/128865"}],"wp:featuredmedia":[{"embeddable":true,"href":"https:\/\/gazdasagportal.hu\/index.php\/wp-json\/wp\/v2\/media\/128832"}],"wp:attachment":[{"href":"https:\/\/gazdasagportal.hu\/index.php\/wp-json\/wp\/v2\/media?parent=128831"}],"wp:term":[{"taxonomy":"category","embeddable":true,"href":"https:\/\/gazdasagportal.hu\/index.php\/wp-json\/wp\/v2\/categories?post=128831"},{"taxonomy":"post_tag","embeddable":true,"href":"https:\/\/gazdasagportal.hu\/index.php\/wp-json\/wp\/v2\/tags?post=128831"}],"curies":[{"name":"wp","href":"https:\/\/api.w.org\/{rel}","templated":true}]}}