{"id":128824,"date":"2020-08-17T17:29:44","date_gmt":"2020-08-17T15:29:44","guid":{"rendered":"http:\/\/gazdasagportal.hu\/?p=128824"},"modified":"2020-08-17T17:29:44","modified_gmt":"2020-08-17T15:29:44","slug":"tozsdezaras-esemenytelen-napot-zart-a-tozsde","status":"publish","type":"post","link":"https:\/\/gazdasagportal.hu\/index.php\/tozsdezaras-esemenytelen-napot-zart-a-tozsde\/","title":{"rendered":"T\u0151zsdez\u00e1r\u00e1s &#8211; Esem\u00e9nytelen napot z\u00e1rt a t\u0151zsde"},"content":{"rendered":"<p><strong>A Budapesti \u00c9rt\u00e9kt\u0151zsde r\u00e9szv\u00e9nyindexe, a BUX 58,26 pontos, 0,16 sz\u00e1zal\u00e9kos cs\u00f6kken\u00e9ssel, 36 533,57 ponton z\u00e1rt h\u00e9tf\u0151n.<\/strong><!--more--><\/p>\n<div class=\"ads-in-post1\"><div id=\"gazdasagportal.hu_fullbanner_wideboard\"><\/div>\r\n<\/div>\n<p>    A r\u00e9szv\u00e9nypiac forgalma 3,7 milli\u00e1rd forint volt, a vezet\u0151 r\u00e9szv\u00e9nyek a Mol kiv\u00e9tel\u00e9vel gyeng\u00fcltek az el\u0151z\u0151 napi z\u00e1r\u00e1shoz k\u00e9pest.<br \/>\n    Varga Zolt\u00e1n, az Equilor Befektet\u00e9si Zrt. szenior elemz\u0151je az MTI-nek elmondta, alacsony forgalom mellett a magyar t\u0151zsd\u00e9n negat\u00edv korrekci\u00f3 zajlott. Mik\u00f6zben a nemzetk\u00f6zi piacokon enyh\u00e9n pozit\u00edv hangulat uralkodik. A vezet\u0151 r\u00e9szv\u00e9nyek k\u00f6z\u00fcl csak a Mol tudott n\u00e9mi emelked\u00e9st felmutatni, esem\u00e9nytelen napon piacmozgat\u00f3 h\u00edr sem \u00e9rkezett &#8211; jegyezte meg.<br \/>\n    A Mol 9 forinttal, 0,51 sz\u00e1zal\u00e9kkal 1779 forintra er\u0151s\u00f6d\u00f6tt, 614,9 milli\u00f3 forintos forgalomban.<br \/>\n    Az OTP-r\u00e9szv\u00e9nyek \u00e1ra 40 forinttal, 0,36 sz\u00e1zal\u00e9kkal 11 030 forintra cs\u00f6kkent, forgalmuk 2,1 milli\u00e1rd forintot tett ki.<br \/>\n<div class=\"ads-in-post2\"><script async src=\"https:\/\/pagead2.googlesyndication.com\/pagead\/js\/adsbygoogle.js\"><\/script>\r\n<ins class=\"adsbygoogle\"\r\n     style=\"display:block\"\r\n     data-ad-format=\"fluid\"\r\n     data-ad-layout-key=\"-6t+ed+2i-1n-4w\"\r\n     data-ad-client=\"ca-pub-1959107119989764\"\r\n     data-ad-slot=\"4008251320\"><\/ins>\r\n<script>\r\n     (adsbygoogle = window.adsbygoogle || []).push({});\r\n<\/script><\/div>\n    A Magyar Telekom \u00e1rfolyama 5,50 forinttal, 1,44 sz\u00e1zal\u00e9kkal 377,50 forintra esett, forgalma 11,9 milli\u00f3 forint volt.<br \/>\n    A Richter-pap\u00edrok \u00e1rfolyama 5 forinttal, 0,07 sz\u00e1zal\u00e9kkal 7195 forintra gyeng\u00fclt, a r\u00e9szv\u00e9nyek forgalma 410,8 milli\u00f3 forintot \u00e9rt el.<br \/>\n    A kis \u00e9s k\u00f6zepes r\u00e9szv\u00e9nyek indexe, a BUMIX 3578,22 ponton z\u00e1rt h\u00e9tf\u0151n, ez 13,78 pontos, 0,38 sz\u00e1zal\u00e9kos cs\u00f6kken\u00e9s a p\u00e9nteki z\u00e1r\u00e1shoz viszony\u00edtva.(MTI)<\/p>\n","protected":false},"excerpt":{"rendered":"<p>A Budapesti \u00c9rt\u00e9kt\u0151zsde r\u00e9szv\u00e9nyindexe, a BUX 58,26 pontos, 0,16 sz\u00e1zal\u00e9kos cs\u00f6kken\u00e9ssel, 36 533,57 ponton z\u00e1rt h\u00e9tf\u0151n.<\/p>\n","protected":false},"author":1001005,"featured_media":0,"comment_status":"closed","ping_status":"open","sticky":false,"template":"","format":"standard","meta":[],"categories":[7],"tags":[],"_links":{"self":[{"href":"https:\/\/gazdasagportal.hu\/index.php\/wp-json\/wp\/v2\/posts\/128824"}],"collection":[{"href":"https:\/\/gazdasagportal.hu\/index.php\/wp-json\/wp\/v2\/posts"}],"about":[{"href":"https:\/\/gazdasagportal.hu\/index.php\/wp-json\/wp\/v2\/types\/post"}],"author":[{"embeddable":true,"href":"https:\/\/gazdasagportal.hu\/index.php\/wp-json\/wp\/v2\/users\/1001005"}],"replies":[{"embeddable":true,"href":"https:\/\/gazdasagportal.hu\/index.php\/wp-json\/wp\/v2\/comments?post=128824"}],"version-history":[{"count":1,"href":"https:\/\/gazdasagportal.hu\/index.php\/wp-json\/wp\/v2\/posts\/128824\/revisions"}],"predecessor-version":[{"id":128825,"href":"https:\/\/gazdasagportal.hu\/index.php\/wp-json\/wp\/v2\/posts\/128824\/revisions\/128825"}],"wp:attachment":[{"href":"https:\/\/gazdasagportal.hu\/index.php\/wp-json\/wp\/v2\/media?parent=128824"}],"wp:term":[{"taxonomy":"category","embeddable":true,"href":"https:\/\/gazdasagportal.hu\/index.php\/wp-json\/wp\/v2\/categories?post=128824"},{"taxonomy":"post_tag","embeddable":true,"href":"https:\/\/gazdasagportal.hu\/index.php\/wp-json\/wp\/v2\/tags?post=128824"}],"curies":[{"name":"wp","href":"https:\/\/api.w.org\/{rel}","templated":true}]}}