{"id":128814,"date":"2020-08-17T13:22:24","date_gmt":"2020-08-17T11:22:24","guid":{"rendered":"http:\/\/gazdasagportal.hu\/?p=128814"},"modified":"2020-08-17T12:23:25","modified_gmt":"2020-08-17T10:23:25","slug":"allami-szerepvallalassal-mukodik-tovabb-a-sarmelleki-repuloter","status":"publish","type":"post","link":"https:\/\/gazdasagportal.hu\/index.php\/allami-szerepvallalassal-mukodik-tovabb-a-sarmelleki-repuloter\/","title":{"rendered":"\u00c1llami szerepv\u00e1llal\u00e1ssal m\u0171k\u00f6dik tov\u00e1bb a s\u00e1rmell\u00e9ki rep\u00fcl\u0151t\u00e9r"},"content":{"rendered":"<p><strong>A magyar \u00e1llam 90 sz\u00e1zal\u00e9kos \u00fczletr\u00e9szt v\u00e1s\u00e1rol a h\u00e9v\u00edzi \u00f6nkorm\u00e1nyzat tulajdon\u00e1ban l\u00e9v\u0151, a s\u00e1rmell\u00e9ki rep\u00fcl\u0151teret \u00fczemeltet\u0151 t\u00e1rsas\u00e1gban, a tulajdonosi jogokat a Magyar Turisztikai \u00dcgyn\u00f6ks\u00e9g gyakorolja majd &#8211; t\u00e1j\u00e9koztatta a v\u00e1ros polg\u00e1rmestere az \u00f6nkorm\u00e1nyzat \u00e1ltal is t\u00e1mogatott d\u00f6nt\u00e9sr\u0151l h\u00e9tf\u0151n az MTI-t.<\/strong><!--more--><\/p>\n<div class=\"ads-in-post1\"><div id=\"gazdasagportal.hu_fullbanner_wideboard\"><\/div>\r\n<\/div>\n<p>    Papp G\u00e1bor (Fidesz-KDNP) kifejtette: a Magyar K\u00f6zl\u00f6nyben megjelent korm\u00e1nyhat\u00e1rozat alapj\u00e1n az \u00e1llam 90 sz\u00e1zal\u00e9kos tulajdonr\u00e9szt v\u00e1s\u00e1rol a H\u00e9v\u00edz-Balaton Airport Kft.-ben, a v\u00e9tel\u00e1r meghaladja a 114 milli\u00f3 forintot.<br \/>\n    A polg\u00e1rmester \u00fagy fogalmazott: pozit\u00edv d\u00f6nt\u00e9s ez az \u00f6nkorm\u00e1nyzat sz\u00e1m\u00e1ra, hiszen az elm\u00falt \u00e9vekben neh\u00e9z volt a m\u0171k\u00f6dtet\u00e9ssel j\u00e1r\u00f3 terhek egyed\u00fcli visel\u00e9se.<br \/>\n    Eddig \u00e9vente 50 milli\u00f3 forintot adott az \u00f6nkorm\u00e1nyzat a m\u0171k\u00f6dtet\u00e9sre, de m\u00e1r r\u00e9g\u00f3ta k\u00e9sz\u00fclnek egy 6,6 milli\u00e1rd forintos \u00e1llami fejleszt\u00e9sre, illetve annak a norv\u00e9g tulajdon\u00fa pil\u00f3taiskol\u00e1nak a 15 milli\u00f3 eur\u00f3s beruh\u00e1z\u00e1s\u00e1ra, amely a koronav\u00edrus-j\u00e1rv\u00e1ny miatti cs\u00fasz\u00e1s k\u00f6vetkezt\u00e9ben v\u00e1rhat\u00f3an \u0151sszel indulhat el.<br \/>\n    Az \u00f6nkorm\u00e1nyzat \u00e1ltal is meger\u0151s\u00edtett d\u00f6nt\u00e9s r\u00e9v\u00e9n &#8222;biztos, stabil h\u00e1tt\u00e9rrel rendelkez\u0151 tulajdonost\u00e1rsa&#8221; lesz a h\u00e9v\u00edzi \u00f6nkorm\u00e1nyzatnak, \u00e9s ezzel a korm\u00e1nyhat\u00e1rozatban foglaltaknak megfelel\u0151en hat\u00e9konyabb lehet az \u00e1llami t\u00e1mogat\u00e1sok felhaszn\u00e1l\u00e1sa, ellen\u0151rizhet\u0151s\u00e9ge, valamint a strat\u00e9giai fontoss\u00e1g\u00fa turisztikai \u00e1gazat fejleszt\u00e9s\u00e9nek el\u0151seg\u00edt\u00e9se &#8211; hangs\u00falyozta a polg\u00e1rmester.<br \/>\n<div class=\"ads-in-post1\"><div id=\"gazdasagportal.hu_fullbanner_wideboard\"><\/div>\r\n<\/div>\n    Eml\u00e9keztetett arra is, hogy a rep\u00fcl\u0151teret \u00fczemeltet\u0151 c\u00e9g nem tulajdonosa a s\u00e1rmell\u00e9ki l\u00e9gib\u00e1zisnak, a f\u00f6ldter\u00fclet \u00e9s az azon l\u00e9v\u0151 eszk\u00f6z\u00f6k, felszerel\u00e9sek a zalav\u00e1ri \u00e9s s\u00e1rmell\u00e9ki \u00f6nkorm\u00e1nyzat, illetve m\u00e1s c\u00e9gek tulajdon\u00e1ban vannak. Az \u00f6nkorm\u00e1nyzat \u00e1ltal eddig 100 sz\u00e1zal\u00e9kban birtokolt, 51,5 milli\u00f3s saj\u00e1t t\u0151k\u00e9j\u0171 H\u00e9v\u00edz-Balaton Airport Kft. ezek b\u00e9rl\u0151jek\u00e9nt az \u00fczemeltet\u00e9st biztos\u00edtja a sz\u00fcks\u00e9ges enged\u00e9lyek birtok\u00e1ban.<br \/>\n    Papp G\u00e1bor elmondta: tavaly mintegy 22 ezer ember fordult meg a s\u00e1rmell\u00e9ki rep\u00fcl\u0151t\u00e9ren, t\u00falnyom\u00f3 t\u00f6bbs\u00e9g\u00e9ben n\u00e9metorsz\u00e1gi charterj\u00e1ratok utasaik\u00e9nt. A j\u00e1rv\u00e1ny okozta le\u00e1ll\u00e1sok miatt csak a j\u00f6v\u0151 h\u00e9ten \u00e9rkeznek \u00fajb\u00f3l hetente charterek n\u00e9met v\u00e1rosokb\u00f3l, de jelezte, hogy meglep\u0151en nagy n\u00f6veked\u00e9snek indult id\u00e9n a mag\u00e1ng\u00e9pes forgalom, illetve jelent\u0151s az ig\u00e9ny az \u00e1rusz\u00e1ll\u00edt\u00e1sra is.(MTI)<\/p>\n","protected":false},"excerpt":{"rendered":"<p>A magyar \u00e1llam 90 sz\u00e1zal\u00e9kos \u00fczletr\u00e9szt v\u00e1s\u00e1rol a h\u00e9v\u00edzi \u00f6nkorm\u00e1nyzat tulajdon\u00e1ban l\u00e9v\u0151, a s\u00e1rmell\u00e9ki rep\u00fcl\u0151teret \u00fczemeltet\u0151 t\u00e1rsas\u00e1gban, a tulajdonosi jogokat a Magyar Turisztikai \u00dcgyn\u00f6ks\u00e9g gyakorolja majd &#8211; t\u00e1j\u00e9koztatta a v\u00e1ros polg\u00e1rmestere az \u00f6nkorm\u00e1nyzat \u00e1ltal is t\u00e1mogatott d\u00f6nt\u00e9sr\u0151l h\u00e9tf\u0151n az MTI-t.<\/p>\n","protected":false},"author":1001005,"featured_media":0,"comment_status":"closed","ping_status":"open","sticky":false,"template":"","format":"standard","meta":[],"categories":[19],"tags":[],"_links":{"self":[{"href":"https:\/\/gazdasagportal.hu\/index.php\/wp-json\/wp\/v2\/posts\/128814"}],"collection":[{"href":"https:\/\/gazdasagportal.hu\/index.php\/wp-json\/wp\/v2\/posts"}],"about":[{"href":"https:\/\/gazdasagportal.hu\/index.php\/wp-json\/wp\/v2\/types\/post"}],"author":[{"embeddable":true,"href":"https:\/\/gazdasagportal.hu\/index.php\/wp-json\/wp\/v2\/users\/1001005"}],"replies":[{"embeddable":true,"href":"https:\/\/gazdasagportal.hu\/index.php\/wp-json\/wp\/v2\/comments?post=128814"}],"version-history":[{"count":1,"href":"https:\/\/gazdasagportal.hu\/index.php\/wp-json\/wp\/v2\/posts\/128814\/revisions"}],"predecessor-version":[{"id":128815,"href":"https:\/\/gazdasagportal.hu\/index.php\/wp-json\/wp\/v2\/posts\/128814\/revisions\/128815"}],"wp:attachment":[{"href":"https:\/\/gazdasagportal.hu\/index.php\/wp-json\/wp\/v2\/media?parent=128814"}],"wp:term":[{"taxonomy":"category","embeddable":true,"href":"https:\/\/gazdasagportal.hu\/index.php\/wp-json\/wp\/v2\/categories?post=128814"},{"taxonomy":"post_tag","embeddable":true,"href":"https:\/\/gazdasagportal.hu\/index.php\/wp-json\/wp\/v2\/tags?post=128814"}],"curies":[{"name":"wp","href":"https:\/\/api.w.org\/{rel}","templated":true}]}}