{"id":128727,"date":"2020-08-13T12:30:16","date_gmt":"2020-08-13T10:30:16","guid":{"rendered":"http:\/\/gazdasagportal.hu\/?p=128727"},"modified":"2020-08-13T12:01:16","modified_gmt":"2020-08-13T10:01:16","slug":"mabisz-ketmilliard-forinttal-emelkedett-a-mezogazdasagi-biztositas-dijahoz-nyujtott-tamogatasi-keret","status":"publish","type":"post","link":"https:\/\/gazdasagportal.hu\/index.php\/mabisz-ketmilliard-forinttal-emelkedett-a-mezogazdasagi-biztositas-dijahoz-nyujtott-tamogatasi-keret\/","title":{"rendered":"Mabisz: k\u00e9tmilli\u00e1rd forinttal emelkedett a mez\u0151gazdas\u00e1gi biztos\u00edt\u00e1s d\u00edj\u00e1hoz ny\u00fajtott t\u00e1mogat\u00e1si keret"},"content":{"rendered":"<p><strong>Az eddigi \u00f6tmilli\u00e1rd forintr\u00f3l h\u00e9tmilli\u00e1rd forintra n\u0151tt a mez\u0151gazdas\u00e1gi biztos\u00edt\u00e1s d\u00edj\u00e1hoz ny\u00fajtott t\u00e1mogat\u00e1s kerete, ennek k\u00f6sz\u00f6nhet\u0151en a t\u00e1mogat\u00e1s maxim\u00e1lis m\u00e9rt\u00e9ke az \u00f6sszes elsz\u00e1molhat\u00f3 k\u00f6lts\u00e9g kor\u00e1bbi 65 sz\u00e1zal\u00e9k\u00e1r\u00f3l 70 sz\u00e1zal\u00e9k\u00e1ra emelkedett &#8211; h\u00edvta fel a figyelmet a Magyar Biztos\u00edt\u00f3k Sz\u00f6vets\u00e9ge (Mabisz) cs\u00fct\u00f6rt\u00f6k\u00f6n az MTI-nek k\u00fcld\u00f6tt k\u00f6zlem\u00e9ny\u00e9ben.<\/strong><!--more--><\/p>\n<div class=\"ads-in-post1\"><div id=\"gazdasagportal.hu_fullbanner_wideboard\"><\/div>\r\n<\/div>\n<p>    Felid\u00e9zik, hogy a d\u00edjt\u00e1mogatott agr\u00e1rbiztos\u00edt\u00e1si rendszere 2012 \u00f3ta m\u0171k\u00f6dik, akkor m\u00e9g 1,5 milli\u00e1rd forint alatt maradt a t\u00e1mogatott mez\u0151gazdas\u00e1gi biztos\u00edt\u00e1sok teljes \u00e1llom\u00e1nyd\u00edja, id\u00e9n m\u00e1r el\u0151rel\u00e1that\u00f3lag el\u00e9ri a 13 milli\u00e1rd forintot.<br \/>\n    A mez\u0151gazdas\u00e1gi biztos\u00edt\u00e1si d\u00edjt\u00e1mogat\u00e1sra id\u00e9n \u00e1prilis 6. \u00e9s m\u00e1jus 15. k\u00f6z\u00f6tt p\u00e1ly\u00e1zhattak a gazd\u00e1lkod\u00f3k, ezt k\u00f6vet\u0151en, a j\u00fanius 9-ig beny\u00fajtott k\u00e9relmekn\u00e9l a t\u00e1mogat\u00e1si \u00f6sszeg munkanaponk\u00e9nt 1 sz\u00e1zal\u00e9kos cs\u00f6kkent\u00e9ssel j\u00e1r.<br \/>\n    Felh\u00edvj\u00e1k a figyelmet arra is, hogy az egys\u00e9ges k\u00e1renyh\u00edt\u0151 alapb\u00f3l csak azok a termel\u0151k jogosultak a meg\u00edt\u00e9lt juttat\u00e1s teljes \u00f6sszeg\u00e9re, akik rendelkeznek a hozam\u00e9rt\u00e9k legal\u00e1bb 50 sz\u00e1zal\u00e9k\u00e1ra vonatkoz\u00f3 mez\u0151gazdas\u00e1gi biztos\u00edt\u00e1si szerz\u0151d\u00e9ssel, amit d\u00edjt\u00e1mogatott mez\u0151gazdas\u00e1gi biztos\u00edt\u00e1ssal is teljes\u00edthetnek. Megfelel\u0151 biztos\u00edt\u00e1s hi\u00e1ny\u00e1ban az egy\u00e9bk\u00e9nt j\u00e1r\u00f3 k\u00e1renyh\u00edt\u0151 juttat\u00e1snak csak a fel\u00e9re jogosultak. A biztos\u00edt\u00e1s hi\u00e1ny\u00e1ban nem kifizethet\u0151 \u00f6sszeg 2018-ban csaknem 3 milli\u00e1rd forintra r\u00fagott a Magyar \u00c1llamkincst\u00e1r (M\u00c1K) \u00e9s Nemzeti \u00c9lelmiszerl\u00e1nc-biztons\u00e1gi Hivatal (N\u00e9bih) adatai alapj\u00e1n.<br \/>\n    A Mabisz adatai szerint  2019-ben a t\u00e1rsas\u00e1gok 38 sz\u00e1zal\u00e9kkal t\u00f6bb k\u00e1rt, 7,5 milli\u00e1rd forintot fizettek ki a d\u00edjt\u00e1mogatott \u00e9s az egy\u00e9b biztos\u00edt\u00e1si szerz\u0151d\u00e9sek alapj\u00e1n, mint 2018-ban.<br \/>\n<div class=\"ads-in-post1\"><div id=\"gazdasagportal.hu_fullbanner_wideboard\"><\/div>\r\n<\/div>\n    Az idei k\u00f6t\u00e9si szezonra a koronav\u00edrus nem gyakorolt negat\u00edv hat\u00e1st, a t\u00e1mogatott mez\u0151gazdas\u00e1gi biztos\u00edt\u00e1sok teljes \u00e1llom\u00e1nyd\u00edja el\u0151rel\u00e1that\u00f3lag meghaladhatja a tavalyit, a szesz\u00e9lyes id\u0151j\u00e1r\u00e1s azonban a k\u00e1radatokban m\u00e1r jelentkezik, a m\u00e1rcius-j\u00faniusi id\u0151szakban a k\u00e1rok sz\u00e1ma meghaladja az 5 ezret, a v\u00e1rhat\u00f3 k\u00e1r\u00e9rt\u00e9k 4 milli\u00e1rd forintot tesz ki &#8211; \u00edrja a Mabisz.(MTI)<\/p>\n","protected":false},"excerpt":{"rendered":"<p>Az eddigi \u00f6tmilli\u00e1rd forintr\u00f3l h\u00e9tmilli\u00e1rd forintra n\u0151tt a mez\u0151gazdas\u00e1gi biztos\u00edt\u00e1s d\u00edj\u00e1hoz ny\u00fajtott t\u00e1mogat\u00e1s kerete, ennek k\u00f6sz\u00f6nhet\u0151en a t\u00e1mogat\u00e1s maxim\u00e1lis m\u00e9rt\u00e9ke az \u00f6sszes elsz\u00e1molhat\u00f3 k\u00f6lts\u00e9g kor\u00e1bbi 65 sz\u00e1zal\u00e9k\u00e1r\u00f3l 70 sz\u00e1zal\u00e9k\u00e1ra emelkedett &#8211; h\u00edvta fel a figyelmet a Magyar Biztos\u00edt\u00f3k Sz\u00f6vets\u00e9ge (Mabisz) cs\u00fct\u00f6rt\u00f6k\u00f6n az MTI-nek k\u00fcld\u00f6tt k\u00f6zlem\u00e9ny\u00e9ben.<\/p>\n","protected":false},"author":1001005,"featured_media":0,"comment_status":"closed","ping_status":"open","sticky":false,"template":"","format":"standard","meta":[],"categories":[19],"tags":[],"_links":{"self":[{"href":"https:\/\/gazdasagportal.hu\/index.php\/wp-json\/wp\/v2\/posts\/128727"}],"collection":[{"href":"https:\/\/gazdasagportal.hu\/index.php\/wp-json\/wp\/v2\/posts"}],"about":[{"href":"https:\/\/gazdasagportal.hu\/index.php\/wp-json\/wp\/v2\/types\/post"}],"author":[{"embeddable":true,"href":"https:\/\/gazdasagportal.hu\/index.php\/wp-json\/wp\/v2\/users\/1001005"}],"replies":[{"embeddable":true,"href":"https:\/\/gazdasagportal.hu\/index.php\/wp-json\/wp\/v2\/comments?post=128727"}],"version-history":[{"count":1,"href":"https:\/\/gazdasagportal.hu\/index.php\/wp-json\/wp\/v2\/posts\/128727\/revisions"}],"predecessor-version":[{"id":128728,"href":"https:\/\/gazdasagportal.hu\/index.php\/wp-json\/wp\/v2\/posts\/128727\/revisions\/128728"}],"wp:attachment":[{"href":"https:\/\/gazdasagportal.hu\/index.php\/wp-json\/wp\/v2\/media?parent=128727"}],"wp:term":[{"taxonomy":"category","embeddable":true,"href":"https:\/\/gazdasagportal.hu\/index.php\/wp-json\/wp\/v2\/categories?post=128727"},{"taxonomy":"post_tag","embeddable":true,"href":"https:\/\/gazdasagportal.hu\/index.php\/wp-json\/wp\/v2\/tags?post=128727"}],"curies":[{"name":"wp","href":"https:\/\/api.w.org\/{rel}","templated":true}]}}