{"id":128698,"date":"2020-08-12T15:40:29","date_gmt":"2020-08-12T13:40:29","guid":{"rendered":"http:\/\/gazdasagportal.hu\/?p=128698"},"modified":"2020-08-12T09:41:27","modified_gmt":"2020-08-12T07:41:27","slug":"uj-vezerigazgatoja-van-a-keler-zrt-nek","status":"publish","type":"post","link":"https:\/\/gazdasagportal.hu\/index.php\/uj-vezerigazgatoja-van-a-keler-zrt-nek\/","title":{"rendered":"\u00daj vez\u00e9rigazgat\u00f3ja van a KELER Zrt.-nek"},"content":{"rendered":"<p><strong>A KELER Igazgat\u00f3s\u00e1ga j\u00falius 31-\u00e9vel Demk\u00f3-Szekeres Zsoltot nevezte ki a KELER Zrt. vez\u00e9rigazgat\u00f3i poz\u00edci\u00f3j\u00e1ra &#8211; k\u00f6z\u00f6lte a KELER Csoport kedden az MTI-vel.<\/strong><!--more--><\/p>\n<div class=\"ads-in-post1\"><div id=\"gazdasagportal.hu_fullbanner_wideboard\"><\/div>\r\n<\/div>\n<p>    A k\u00f6zlem\u00e9ny szerint Demk\u00f3-Szekeres Zsolt 2019-t\u0151l a KELER vez\u00e9rigazgat\u00f3-helyettesi \u00e9s bank\u00fczemi igazgat\u00f3i poz\u00edci\u00f3j\u00e1t t\u00f6lt\u00f6tte be.<br \/>\n    Az 1993-ban alap\u00edtott KELER K\u00f6zponti \u00c9rt\u00e9kt\u00e1r Zrt. (KELER) tulajdonosai a Magyar Nemzeti Bank \u00e9s a Budapesti \u00c9rt\u00e9kt\u0151zsde. Le\u00e1nyv\u00e1llalat\u00e1val, a KELER KSZF Zrt.-vel (egy\u00fctt: KELER Csoport) biztos\u00edtja \u00e9s m\u0171k\u00f6dteti a magyarorsz\u00e1gi \u00e9s sz\u00e1mos eur\u00f3pai t\u0151ke- \u00e9s energiapiac zavartalan m\u0171k\u00f6d\u00e9s\u00e9t biztos\u00edt\u00f3 infrastrukt\u00far\u00e1t.<br \/>\n    A KELER a magyar t\u0151kepiac egyed\u00fcli k\u00f6zponti \u00e9rt\u00e9kt\u00e1rak\u00e9nt a magyar \u00e9rt\u00e9kpap\u00edrok kibocs\u00e1t\u00e1s\u00e1nak, az \u00e9rt\u00e9kpap\u00edr tranzakci\u00f3k kiegyenl\u00edt\u00e9s\u00e9nek k\u00f6zponti h\u00e1tt\u00e9rint\u00e9zm\u00e9nye.<br \/>\n<div class=\"ads-in-post1\"><div id=\"gazdasagportal.hu_fullbanner_wideboard\"><\/div>\r\n<\/div>\n A KELER KSZF a legmagasabb eur\u00f3pai k\u00f6vetelm\u00e9nyeknek megfelelve kl\u00edringh\u00e1zk\u00e9nt a Budapesti \u00c9rt\u00e9kt\u0151zsde, az MTS Hungary \u00e1llampap\u00edr kereskedelmi piac, a CEEGEX K\u00f6z\u00e9p-Kelet-Eur\u00f3pai Szervezett F\u00f6ldg\u00e1zpiac, \u00e9s a magyar kiegyenl\u00edt\u0151 g\u00e1zpiac sz\u00e1m\u00e1ra ny\u00fajt kl\u00edringszolg\u00e1ltat\u00e1sokat, valamint a HUPX magyarorsz\u00e1gi szervezett villamosenergia-piacon, a n\u00e9met, a francia, a cseh \u00e9s a szerb energia piacon, \u00e9s az osztr\u00e1k g\u00e1zpiacon ny\u00fajt \u00e1ltal\u00e1nos kl\u00edringtagi szolg\u00e1ltat\u00e1sokat.<br \/>\n    A KELER Csoport c\u00e9lja, hogy a piaci \u00e9s szolg\u00e1ltat\u00e1si innov\u00e1ci\u00f3ra \u00e9p\u00edtve region\u00e1lis \u00e9s eur\u00f3pai szinten is meghat\u00e1roz\u00f3 piaci szerepl\u0151v\u00e9 v\u00e1ljon &#8211; olvashat\u00f3 a t\u00e1rsas\u00e1g k\u00f6zlem\u00e9ny\u00e9ben.(MTI)<\/p>\n","protected":false},"excerpt":{"rendered":"<p>A KELER Igazgat\u00f3s\u00e1ga j\u00falius 31-\u00e9vel Demk\u00f3-Szekeres Zsoltot nevezte ki a KELER Zrt. vez\u00e9rigazgat\u00f3i poz\u00edci\u00f3j\u00e1ra &#8211; k\u00f6z\u00f6lte a KELER Csoport kedden az MTI-vel.<\/p>\n","protected":false},"author":1001005,"featured_media":0,"comment_status":"closed","ping_status":"open","sticky":false,"template":"","format":"standard","meta":[],"categories":[19],"tags":[],"_links":{"self":[{"href":"https:\/\/gazdasagportal.hu\/index.php\/wp-json\/wp\/v2\/posts\/128698"}],"collection":[{"href":"https:\/\/gazdasagportal.hu\/index.php\/wp-json\/wp\/v2\/posts"}],"about":[{"href":"https:\/\/gazdasagportal.hu\/index.php\/wp-json\/wp\/v2\/types\/post"}],"author":[{"embeddable":true,"href":"https:\/\/gazdasagportal.hu\/index.php\/wp-json\/wp\/v2\/users\/1001005"}],"replies":[{"embeddable":true,"href":"https:\/\/gazdasagportal.hu\/index.php\/wp-json\/wp\/v2\/comments?post=128698"}],"version-history":[{"count":1,"href":"https:\/\/gazdasagportal.hu\/index.php\/wp-json\/wp\/v2\/posts\/128698\/revisions"}],"predecessor-version":[{"id":128699,"href":"https:\/\/gazdasagportal.hu\/index.php\/wp-json\/wp\/v2\/posts\/128698\/revisions\/128699"}],"wp:attachment":[{"href":"https:\/\/gazdasagportal.hu\/index.php\/wp-json\/wp\/v2\/media?parent=128698"}],"wp:term":[{"taxonomy":"category","embeddable":true,"href":"https:\/\/gazdasagportal.hu\/index.php\/wp-json\/wp\/v2\/categories?post=128698"},{"taxonomy":"post_tag","embeddable":true,"href":"https:\/\/gazdasagportal.hu\/index.php\/wp-json\/wp\/v2\/tags?post=128698"}],"curies":[{"name":"wp","href":"https:\/\/api.w.org\/{rel}","templated":true}]}}