{"id":128672,"date":"2020-08-11T15:37:59","date_gmt":"2020-08-11T13:37:59","guid":{"rendered":"http:\/\/gazdasagportal.hu\/?p=128672"},"modified":"2020-08-11T10:38:43","modified_gmt":"2020-08-11T08:38:43","slug":"vatera-tobbet-szannak-az-iden-az-iskolakezdesre-a-csaladok","status":"publish","type":"post","link":"https:\/\/gazdasagportal.hu\/index.php\/vatera-tobbet-szannak-az-iden-az-iskolakezdesre-a-csaladok\/","title":{"rendered":"Vatera: t\u00f6bbet sz\u00e1nnak az id\u00e9n az iskolakezd\u00e9sre a csal\u00e1dok"},"content":{"rendered":"<p><strong>Az id\u00e9n gyermekenk\u00e9nt \u00e1tlagosan 33 ezer 560 forintot terveznek elk\u00f6lteni a sz\u00fcl\u0151k az iskolakezd\u00e9sre, m\u00edg tavaly ez az \u00f6sszeg \u00e1tlagosan 15 ezer \u00e9s 25 ezer forint k\u00f6z\u00f6tt mozgott &#8211; k\u00f6z\u00f6lte a Vatera online piact\u00e9r 3203 v\u00e1lasz alapj\u00e1n 2020 j\u00faliusban saj\u00e1t felhaszn\u00e1l\u00f3i k\u00f6r\u00e9ben v\u00e9gzett online k\u00e9rd\u0151\u00edves felm\u00e9r\u00e9s\u00e9nek meg\u00e1llap\u00edt\u00e1s\u00e1t kedden az MTI-vel.<\/strong><!--more--><\/p>\n<div class=\"ads-in-post1\"><div id=\"gazdasagportal.hu_fullbanner_wideboard\"><\/div>\r\n<\/div>\n<p>    A k\u00f6zlem\u00e9nyben r\u00e9szletezik, hogy a v\u00e1laszad\u00f3k 13 sz\u00e1zal\u00e9ka 10 ezer forint alatti \u00f6sszegb\u0151l oldja meg a k\u00f6telez\u0151 iskolaszer v\u00e1s\u00e1rl\u00e1st, \u00e9s csak minden tizedik csal\u00e1d hozza ki 10 ezer \u00e9s 15 ezer forint k\u00f6z\u00f6tti \u00f6sszegb\u0151l a beszerz\u00e9st.<br \/>\n    A kutat\u00e1sban r\u00e9sztvev\u0151k 26 sz\u00e1zal\u00e9ka 15 ezer \u00e9s 25 ezer forintot \u00e1ldoz a beiskol\u00e1z\u00e1sra gyermekenk\u00e9nt, \u00e9s m\u00e9g enn\u00e9l is t\u00f6bben vannak azok &#8211; 29 sz\u00e1zal\u00e9k -, akik 25 ezer \u00e9s 40 ezer forintot is hajland\u00f3k erre a c\u00e9lra szentelni. Majdnem minden negyedik ember &#8211; 22 sz\u00e1zal\u00e9k &#8211; m\u00e9g 40 ezer forintn\u00e1l is t\u00f6bbet tervez id\u00e9n az iskolakezd\u00e9sre ford\u00edtani, akadt olyan is hogy 600 ezer forintot \u00fctemezett be a szeptemberi el\u0151k\u00e9sz\u00fcletekre, ami egy teljes tanul\u00f3szoba berendez\u00e9s\u00e9hez b\u00fatorokkal \u00e9s informatikai eszk\u00f6z\u00f6kkel re\u00e1lis \u00f6sszeg lehet &#8211; \u00edrj\u00e1k a k\u00f6zlem\u00e9nyben.<br \/>\n<div class=\"ads-in-post1\"><div id=\"gazdasagportal.hu_fullbanner_wideboard\"><\/div>\r\n<\/div>\n    A felm\u00e9r\u00e9s szerint az iskolakezd\u00e9si term\u00e9kek 79 sz\u00e1zal\u00e9k\u00e1t ink\u00e1bb szem\u00e9lyesen veszik meg a sz\u00fcl\u0151k. A hagyom\u00e1nyos v\u00e1s\u00e1rl\u00e1st prefer\u00e1l\u00f3k k\u00e9tharmada els\u0151dlegesen az\u00e9rt v\u00e1lasztja a szem\u00e9lyes beszerz\u00e9st, mert van lehet\u0151s\u00e9g megn\u00e9zni, meg\u00e9rinteni, felpr\u00f3b\u00e1lni a megv\u00e1s\u00e1rolt dolgokat, harmaduk  pedig a gyermekkel k\u00f6z\u00f6s programnak tekinti a beszerz\u0151k\u00f6rutat. Ugyanakkor az esetek k\u00f6zel harmad\u00e1ban online veszik meg az iskolat\u00e1sk\u00e1kat, ilyenkor a v\u00e1s\u00e1rl\u00f3k sz\u00e1m\u00e1ra a legfontosabb szempont, hogy \u00f6ssze tudj\u00e1k hasonl\u00edtani az \u00e1rakat, elker\u00fclhetik a tolong\u00e1st, valamint egyszer\u0171en \u00e9s c\u00e9lir\u00e1nyosan tudnak keresni.<br \/>\n    A k\u00f6zlem\u00e9ny szerint a k\u00f6rnyezettudatoss\u00e1g \u00e9s a k\u00f6lts\u00e9ghat\u00e9konys\u00e1g egyre nagyobb sz\u00e1mban jellemzi a csal\u00e1dokat, mivel haszn\u00e1lt term\u00e9keket is keresnek, illetve eladj\u00e1k a feleslegess\u00e9 v\u00e1lt iskol\u00e1hoz kapcsol\u00f3d\u00f3 cuccokat.<br \/>\n<div class=\"ads-in-post2\"><script async src=\"https:\/\/pagead2.googlesyndication.com\/pagead\/js\/adsbygoogle.js\"><\/script>\r\n<ins class=\"adsbygoogle\"\r\n     style=\"display:block\"\r\n     data-ad-format=\"fluid\"\r\n     data-ad-layout-key=\"-6t+ed+2i-1n-4w\"\r\n     data-ad-client=\"ca-pub-1959107119989764\"\r\n     data-ad-slot=\"4008251320\"><\/ins>\r\n<script>\r\n     (adsbygoogle = window.adsbygoogle || []).push({});\r\n<\/script><\/div>\n    A Vatera Magyarorsz\u00e1gon a hazai elektronikus kereskedelem egyik fontos szerepl\u0151je, az online piact\u00e9r 2000-ben kezdte meg m\u0171k\u00f6d\u00e9s\u00e9t, azzal a c\u00e9llal, hogy elad\u00f3k \u00e9s vev\u0151k egym\u00e1sra tal\u00e1l\u00e1s\u00e1t seg\u00edtse. M\u00e1ra a t\u00f6bb mint k\u00e9tmilli\u00f3 felhaszn\u00e1l\u00f3 havonta t\u00f6bb sz\u00e1zezer sikeres ad\u00e1s-v\u00e9telt bonyol\u00edt.(MTI)<\/p>\n","protected":false},"excerpt":{"rendered":"<p>Az id\u00e9n gyermekenk\u00e9nt \u00e1tlagosan 33 ezer 560 forintot terveznek elk\u00f6lteni a sz\u00fcl\u0151k az iskolakezd\u00e9sre, m\u00edg tavaly ez az \u00f6sszeg \u00e1tlagosan 15 ezer \u00e9s 25 ezer forint k\u00f6z\u00f6tt mozgott &#8211; k\u00f6z\u00f6lte a Vatera online piact\u00e9r 3203 v\u00e1lasz alapj\u00e1n 2020 j\u00faliusban saj\u00e1t felhaszn\u00e1l\u00f3i k\u00f6r\u00e9ben v\u00e9gzett online k\u00e9rd\u0151\u00edves felm\u00e9r\u00e9s\u00e9nek meg\u00e1llap\u00edt\u00e1s\u00e1t kedden az MTI-vel.<\/p>\n","protected":false},"author":1001006,"featured_media":0,"comment_status":"closed","ping_status":"open","sticky":false,"template":"","format":"standard","meta":[],"categories":[4],"tags":[],"_links":{"self":[{"href":"https:\/\/gazdasagportal.hu\/index.php\/wp-json\/wp\/v2\/posts\/128672"}],"collection":[{"href":"https:\/\/gazdasagportal.hu\/index.php\/wp-json\/wp\/v2\/posts"}],"about":[{"href":"https:\/\/gazdasagportal.hu\/index.php\/wp-json\/wp\/v2\/types\/post"}],"author":[{"embeddable":true,"href":"https:\/\/gazdasagportal.hu\/index.php\/wp-json\/wp\/v2\/users\/1001006"}],"replies":[{"embeddable":true,"href":"https:\/\/gazdasagportal.hu\/index.php\/wp-json\/wp\/v2\/comments?post=128672"}],"version-history":[{"count":1,"href":"https:\/\/gazdasagportal.hu\/index.php\/wp-json\/wp\/v2\/posts\/128672\/revisions"}],"predecessor-version":[{"id":128673,"href":"https:\/\/gazdasagportal.hu\/index.php\/wp-json\/wp\/v2\/posts\/128672\/revisions\/128673"}],"wp:attachment":[{"href":"https:\/\/gazdasagportal.hu\/index.php\/wp-json\/wp\/v2\/media?parent=128672"}],"wp:term":[{"taxonomy":"category","embeddable":true,"href":"https:\/\/gazdasagportal.hu\/index.php\/wp-json\/wp\/v2\/categories?post=128672"},{"taxonomy":"post_tag","embeddable":true,"href":"https:\/\/gazdasagportal.hu\/index.php\/wp-json\/wp\/v2\/tags?post=128672"}],"curies":[{"name":"wp","href":"https:\/\/api.w.org\/{rel}","templated":true}]}}